{"id":37880,"date":"2026-07-30T08:02:00","date_gmt":"2026-07-30T06:02:00","guid":{"rendered":"https:\/\/euapp01.newsmemory.com\/lamarseillaise\/news\/?p=37880"},"modified":"2026-08-05T07:21:35","modified_gmt":"2026-08-05T05:21:35","slug":"hebergement-durgence-les-associations-refusent-de-trier","status":"publish","type":"post","link":"https:\/\/euapp01.newsmemory.com\/lamarseillaise\/news\/2026\/07\/30\/hebergement-durgence-les-associations-refusent-de-trier\/","title":{"rendered":"H\u00e9bergement d\u2019urgence, les associations refusent de trier"},"content":{"rendered":"<div class=\"paragraph\">\n<p>Au tour des f\u00e9d\u00e9rations de monter au cr\u00e9neau. Apr\u00e8s une lettre envoy\u00e9e au pr\u00e9fet par le SIAO\u00a013, plateforme en charge de l\u2019h\u00e9bergement d\u2019urgence pour les sans-abri, d\u00e9non\u00e7ant une politique publique comptable, la FAS (F\u00e9d\u00e9ration des acteurs de la solidarit\u00e9) Paca, la Fondation pour le logement, l\u2019Unafo (Union professionnelle du logement accompagn\u00e9) et l\u2019Uriopss (Union r\u00e9gionale interf\u00e9d\u00e9rale des \u0153uvres et organismes priv\u00e9s sanitaires et sociaux) Paca, solidaires, alertent dans un courrier sur les \u00ab\u00a0<i>cons\u00e9quences des \u00e9volutions envisag\u00e9es dans les modalit\u00e9s d\u2019acc\u00e8s \u00e0 l\u2019h\u00e9bergement d\u2019urgence dans les Bouches-du-Rh\u00f4ne<\/i>\u00a0\u00bb.<\/p>\n<p>Et de rappeler \u00ab<i>\u00a0<\/i><i>l\u2019inconditionnalit\u00e9 de l\u2019accueil et sa continuit\u00e9 dans la prise en charge<\/i>\u00a0\u00bb. Pour les f\u00e9d\u00e9rations, \u00ab<i>\u00a0<\/i><i>toute politique visant \u00e0 limiter le nombre de places, dans un parc d\u00e9j\u00e0 satur\u00e9, contrevient au respect de ces droits essentiels<\/i>\u00a0\u00bb. Concr\u00e8tement, la Direction d\u00e9partementale de l\u2019emploi, du travail et des solidarit\u00e9s aurait d\u00e9j\u00e0 signifi\u00e9 la fin de la prise en charge \u00e0 l\u2019h\u00f4tel au 30\u00a0juillet de six m\u00e9nages, soit 18\u00a0personnes, s\u2019indigne un travailleur social, qui refuse de \u00ab\u00a0<i>trier selon des crit\u00e8res de vuln\u00e9rabilit\u00e9<\/i>\u00a0\u00bb. \u00c0 terme, quelque 300\u00a0personnes seraient concern\u00e9es pour r\u00e9pondre \u00e0 un objectif \u00ab\u00a0<i>comptable<\/i>\u00a0\u00bb de 547\u00a0500\u00a0nuit\u00e9es par an, soit 1\u00a0500\u00a0personnes par jour.<\/p>\n<\/p><\/div>\n<div class=\"intext\"> La Ville en soutien\n              <\/div>\n<div class=\"paragraph\">\n<p>Le tout dans une situation d\u00e9j\u00e0 d\u00e9grad\u00e9e et \u00ab\u00a0<i>en pleine p\u00e9riode de tr\u00e8s forte canicule<\/i>\u00a0\u00bb d\u00e9plore Diletta Donnarumma, charg\u00e9e de mission \u00e0 la FAS Paca. Pour elle, si l\u2019h\u00f4tel n\u2019est qu\u2019une solution transitoire, \u00ab\u00a0<i>un palier a \u00e9t\u00e9 franchi<\/i>\u00a0\u00bb avec une \u00ab\u00a0<i>menace r\u00e9elle de mise \u00e0 la rue<\/i>\u00a0\u00bb, faute de solutions dans un parc immobilier contraint.<\/p>\n<p>La Ville de Marseille a aussi r\u00e9agi, estimant que \u00ab\u00a0<i>si ces informations <\/i>[\u00e9taient]<i> confirm\u00e9es, elles marqueraient une rupture grave avec les engagements pris collectivement ces derni\u00e8res ann\u00e9es pour prot\u00e9ger les plus vuln\u00e9rables<\/i>\u00a0\u00bb. Partageant l\u2019alerte lanc\u00e9e par les associations, la Ville appelle l\u2019\u00c9tat \u00ab\u00a0<i>\u00e0 revenir sur toute d\u00e9cision conduisant \u00e0 des sorties sans solution<\/i>\u00a0\u00bb.<\/p>\n<\/p><\/div>\n","protected":false},"excerpt":{"rendered":"Au tour des f&eacute;d&eacute;rations de monter au cr&eacute;neau. Apr&egrave;s une lettre envoy&eacute;e au pr&eacute;fet par le SIAO&nbsp;13, plateforme en charge de l&rsquo;h&eacute;bergement d&rsquo;urgence pour les sans-abri, &#8230;","protected":false},"author":1,"featured_media":37881,"comment_status":"open","ping_status":"open","sticky":false,"template":"","format":"standard","meta":{"footnotes":""},"categories":[3926,3925,20],"tags":[138,10,372,2227,968,2721,3626,16,1688,2471,3062,4003,1492,260],"news-destination":[3944],"news-source":[475],"is_homepage":[],"ta_other":[],"class_list":["post-37880","post","type-post","status-publish","format-standard","has-post-thumbnail","hentry","category-accueil-merge","category-accueil-third","category-societe","tag-associations","tag-bouches-du-rhone","tag-canicule","tag-courrier","tag-fondation","tag-hebergement","tag-hebergement-durgence","tag-marseille","tag-organismes","tag-prise-en-charge","tag-sans-abris","tag-sdf","tag-solidaires","tag-solidarite","news-destination-homepage","news-source-website"],"_links":{"self":[{"href":"https:\/\/euapp01.newsmemory.com\/lamarseillaise\/news\/wp-json\/wp\/v2\/posts\/37880","targetHints":{"allow":["GET"]}}],"collection":[{"href":"https:\/\/euapp01.newsmemory.com\/lamarseillaise\/news\/wp-json\/wp\/v2\/posts"}],"about":[{"href":"https:\/\/euapp01.newsmemory.com\/lamarseillaise\/news\/wp-json\/wp\/v2\/types\/post"}],"author":[{"embeddable":true,"href":"https:\/\/euapp01.newsmemory.com\/lamarseillaise\/news\/wp-json\/wp\/v2\/users\/1"}],"replies":[{"embeddable":true,"href":"https:\/\/euapp01.newsmemory.com\/lamarseillaise\/news\/wp-json\/wp\/v2\/comments?post=37880"}],"version-history":[{"count":1,"href":"https:\/\/euapp01.newsmemory.com\/lamarseillaise\/news\/wp-json\/wp\/v2\/posts\/37880\/revisions"}],"predecessor-version":[{"id":37882,"href":"https:\/\/euapp01.newsmemory.com\/lamarseillaise\/news\/wp-json\/wp\/v2\/posts\/37880\/revisions\/37882"}],"wp:featuredmedia":[{"embeddable":true,"href":"https:\/\/euapp01.newsmemory.com\/lamarseillaise\/news\/wp-json\/wp\/v2\/media\/37881"}],"wp:attachment":[{"href":"https:\/\/euapp01.newsmemory.com\/lamarseillaise\/news\/wp-json\/wp\/v2\/media?parent=37880"}],"wp:term":[{"taxonomy":"category","embeddable":true,"href":"https:\/\/euapp01.newsmemory.com\/lamarseillaise\/news\/wp-json\/wp\/v2\/categories?post=37880"},{"taxonomy":"post_tag","embeddable":true,"href":"https:\/\/euapp01.newsmemory.com\/lamarseillaise\/news\/wp-json\/wp\/v2\/tags?post=37880"},{"taxonomy":"news-destination","embeddable":true,"href":"https:\/\/euapp01.newsmemory.com\/lamarseillaise\/news\/wp-json\/wp\/v2\/news-destination?post=37880"},{"taxonomy":"news-source","embeddable":true,"href":"https:\/\/euapp01.newsmemory.com\/lamarseillaise\/news\/wp-json\/wp\/v2\/news-source?post=37880"},{"taxonomy":"is_homepage","embeddable":true,"href":"https:\/\/euapp01.newsmemory.com\/lamarseillaise\/news\/wp-json\/wp\/v2\/is_homepage?post=37880"},{"taxonomy":"ta_other","embeddable":true,"href":"https:\/\/euapp01.newsmemory.com\/lamarseillaise\/news\/wp-json\/wp\/v2\/ta_other?post=37880"}],"curies":[{"name":"wp","href":"https:\/\/api.w.org\/{rel}","templated":true}]}}