{"id":37877,"date":"2026-07-30T08:30:00","date_gmt":"2026-07-30T06:30:00","guid":{"rendered":"https:\/\/euapp01.newsmemory.com\/lamarseillaise\/news\/?p=37877"},"modified":"2026-08-05T07:33:48","modified_gmt":"2026-08-05T05:33:48","slug":"le-feu-ravive-les-inquietudes-autour-du-projet-de-data-center-aux-pennes-mirabeau","status":"publish","type":"post","link":"https:\/\/euapp01.newsmemory.com\/lamarseillaise\/news\/2026\/07\/30\/le-feu-ravive-les-inquietudes-autour-du-projet-de-data-center-aux-pennes-mirabeau\/","title":{"rendered":"Le feu ravive les inqui\u00e9tudes autour du projet de data center aux Pennes-Mirabeau"},"content":{"rendered":"<div class=\"paragraph\">\n<p>\u00ab <i>N<\/i><i>os vies plut\u00f4t que leurs incendies<\/i>\u00a0\u00bb, mart\u00e8lent les associations France Nature Environnement, Data For Good, le Mouvement national de lutte pour l\u2019environnement, Le Nuage \u00e9tait sous nos pieds et les comit\u00e9s d\u2019int\u00e9r\u00eats de quartiers des Sibylles et des Palli\u00e8res, mardi, dans un communiqu\u00e9.<\/p>\n<p>Ils d\u00e9noncent \u00ab\u00a0<i>un projet coll\u00e9 \u00e0 une zone hautement inflammable, alors que 115<\/i><i>\u00a0<\/i><i>000<\/i><i>\u00a0<\/i><i>hectares de surface ont d\u00e9j\u00e0 br\u00fbl\u00e9 depuis le d\u00e9but de l\u2019ann\u00e9e en France<\/i>\u00a0\u00bb. Les militants gardent en m\u00e9moire \u00ab\u00a0<i>l\u2019incendie qui avait ravag\u00e9 2<\/i><i>\u00a0<\/i><i>700<\/i><i>\u00a0<\/i><i>hectares de la pin\u00e8de en ao\u00fbt<\/i><i>\u00a0<\/i><i>2016<\/i><i>\u00a0<\/i>\u00bb. Pin\u00e8de situ\u00e9e \u00e0 \u00ab\u00a0<i>seulement 85<\/i><i>\u00a0<\/i><i>m<\/i>\u00a0\u00bb du projet, qui \u00ab<i>\u00a0<\/i><i>va chauffer la colline toujours marqu\u00e9e des stigmates de l\u2019incendie<\/i><i>\u00a0<\/i>\u00bb.<\/p>\n<\/p><\/div>\n<div class=\"intext\"> \u00ab\u00a0Un m\u00e9pris des personnes et des \u00e9cosyst\u00e8mes\u00a0\u00bb\n              <\/div>\n<div class=\"paragraph\">\n<p>\u00ab<i>\u00a0<\/i><i>\u00c0 l\u2019heure o\u00f9 les incendies se multiplient et o\u00f9 de nombreuses personnes meurent \u00e0 cause de la chaleur, la question du r\u00f4le des data centers dans le r\u00e9chauffement climatique et de l\u2019augmentation du risque d\u2019incendie devrait \u00eatre au c\u0153ur de nos pr\u00e9occupations<\/i>\u00a0\u00bb, s\u2019insurge Annick Hordille, membre du Nuage \u00e9tait sous nos pieds. Les militants poursuivent\u00a0: \u00ab\u00a0<i>Malgr\u00e9 cela, aucune \u00e9tude d\u2019impact de cette chaleur fatale sur le voisinage n\u2019a \u00e9t\u00e9 jointe au dossier environnemental, en violation du Code de l\u2019environnement<\/i><i>\u00a0<\/i>\u00bb. Lors du conseil municipal, le 6\u00a0juillet, le maire (DVD) des Pennes-Mirabeau, Romain Amaro, promettait de \u00ab\u00a0<i>redistribuer la chaleur fatale de l\u2019infrastructure<\/i>\u00a0\u00bb aux habitants, \u00e9voquant alors une \u00e9tude lanc\u00e9e en ce sens.<\/p>\n<p>Les collectifs indiquent avoir d\u00e9pos\u00e9 deux recours \u00ab\u00a0<i>contre l\u2019Autorisation pr\u00e9fectorale d\u2019exploiter<\/i><i>\u00a0<\/i>\u00bb le site class\u00e9 PPRIF, sensible aux risques d\u2019incendie. Philippe Chabeaudy, du CIQ des Pali\u00e8res, esp\u00e8re \u00eatre entendu\u00a0: \u00ab\u00a0<i>J\u2019en appelle \u00e0 la responsabilit\u00e9 des \u00e9lus et administrations<\/i><i>\u00a0<\/i>\u00bb.<\/p>\n<p><b>Andr\u00e9a Goyard-de Castro<\/b><\/p>\n<\/p><\/div>\n","protected":false},"excerpt":{"rendered":"&laquo; Nos vies plut&ocirc;t que leurs incendies&nbsp;&raquo;, mart&egrave;lent les associations France Nature Environnement, Data For Good, le Mouvement national de lutte pour l&rsquo;environnement, Le Nuage &eacute;tait sous nos pieds et les &#8230;","protected":false},"author":1,"featured_media":37878,"comment_status":"open","ping_status":"open","sticky":false,"template":"","format":"standard","meta":{"footnotes":""},"categories":[3926,3925,333],"tags":[138,10,3277,318,1673,6182,1396,3375,419,1911,111],"news-destination":[3944],"news-source":[475],"is_homepage":[],"ta_other":[],"class_list":["post-37877","post","type-post","status-publish","format-standard","has-post-thumbnail","hentry","category-accueil-merge","category-accueil-third","category-environnement","tag-associations","tag-bouches-du-rhone","tag-data-centers","tag-feu","tag-feux","tag-france-nature-environnement","tag-incendies","tag-les-pennes-mirabeau","tag-rechauffement-climatique","tag-risques","tag-securite","news-destination-homepage","news-source-website"],"_links":{"self":[{"href":"https:\/\/euapp01.newsmemory.com\/lamarseillaise\/news\/wp-json\/wp\/v2\/posts\/37877","targetHints":{"allow":["GET"]}}],"collection":[{"href":"https:\/\/euapp01.newsmemory.com\/lamarseillaise\/news\/wp-json\/wp\/v2\/posts"}],"about":[{"href":"https:\/\/euapp01.newsmemory.com\/lamarseillaise\/news\/wp-json\/wp\/v2\/types\/post"}],"author":[{"embeddable":true,"href":"https:\/\/euapp01.newsmemory.com\/lamarseillaise\/news\/wp-json\/wp\/v2\/users\/1"}],"replies":[{"embeddable":true,"href":"https:\/\/euapp01.newsmemory.com\/lamarseillaise\/news\/wp-json\/wp\/v2\/comments?post=37877"}],"version-history":[{"count":1,"href":"https:\/\/euapp01.newsmemory.com\/lamarseillaise\/news\/wp-json\/wp\/v2\/posts\/37877\/revisions"}],"predecessor-version":[{"id":37879,"href":"https:\/\/euapp01.newsmemory.com\/lamarseillaise\/news\/wp-json\/wp\/v2\/posts\/37877\/revisions\/37879"}],"wp:featuredmedia":[{"embeddable":true,"href":"https:\/\/euapp01.newsmemory.com\/lamarseillaise\/news\/wp-json\/wp\/v2\/media\/37878"}],"wp:attachment":[{"href":"https:\/\/euapp01.newsmemory.com\/lamarseillaise\/news\/wp-json\/wp\/v2\/media?parent=37877"}],"wp:term":[{"taxonomy":"category","embeddable":true,"href":"https:\/\/euapp01.newsmemory.com\/lamarseillaise\/news\/wp-json\/wp\/v2\/categories?post=37877"},{"taxonomy":"post_tag","embeddable":true,"href":"https:\/\/euapp01.newsmemory.com\/lamarseillaise\/news\/wp-json\/wp\/v2\/tags?post=37877"},{"taxonomy":"news-destination","embeddable":true,"href":"https:\/\/euapp01.newsmemory.com\/lamarseillaise\/news\/wp-json\/wp\/v2\/news-destination?post=37877"},{"taxonomy":"news-source","embeddable":true,"href":"https:\/\/euapp01.newsmemory.com\/lamarseillaise\/news\/wp-json\/wp\/v2\/news-source?post=37877"},{"taxonomy":"is_homepage","embeddable":true,"href":"https:\/\/euapp01.newsmemory.com\/lamarseillaise\/news\/wp-json\/wp\/v2\/is_homepage?post=37877"},{"taxonomy":"ta_other","embeddable":true,"href":"https:\/\/euapp01.newsmemory.com\/lamarseillaise\/news\/wp-json\/wp\/v2\/ta_other?post=37877"}],"curies":[{"name":"wp","href":"https:\/\/api.w.org\/{rel}","templated":true}]}}