{"id":37868,"date":"2026-07-30T08:09:00","date_gmt":"2026-07-30T06:09:00","guid":{"rendered":"https:\/\/euapp01.newsmemory.com\/lamarseillaise\/news\/?p=37868"},"modified":"2026-08-05T07:21:35","modified_gmt":"2026-08-05T05:21:35","slug":"une-reorganisation-a-la-poste-de-vedene-decriee-par-sud-ptt","status":"publish","type":"post","link":"https:\/\/euapp01.newsmemory.com\/lamarseillaise\/news\/2026\/07\/30\/une-reorganisation-a-la-poste-de-vedene-decriee-par-sud-ptt\/","title":{"rendered":"Une r\u00e9organisation \u00e0 La Poste de Ved\u00e8ne d\u00e9cri\u00e9e par Sud PTT"},"content":{"rendered":"<div class=\"paragraph\">\n<p>Depuis trois semaines, La Poste a mis en place une nouvelle organisation au sein de son centre courrier de Ved\u00e8ne. Dans un communiqu\u00e9 diffus\u00e9 ce mardi 28\u00a0juillet, Sud PTT d\u00e9nonce une d\u00e9cision \u00ab\u00a0<i>qui casse le service public postal<\/i>\u00a0\u00bb.<\/p>\n<p>Le syndicat explique que l\u2019entit\u00e9, \u00ab\u00a0<i>pour faire des \u00e9conomies<\/i>\u00a0\u00bb, a d\u00e9cid\u00e9 que les facteurs doivent d\u00e9sormais \u00ab\u00a0<i>assurer \u00e0 eux seuls la distribution du courrier, des lettres recommand\u00e9es, des colis, des imprim\u00e9s publicitaires, des repas \u00e0 domicile<\/i><i>\u00a0<\/i>\u00bb. Et ce \u00ab\u00a0<i>sans moyens suppl\u00e9mentaires et avec de moins en moins de coll\u00e8gues<\/i>\u00a0\u00bb.<\/p>\n<\/p><\/div>\n<div class=\"intext\"> Mairie mobilis\u00e9e\n              <\/div>\n<div class=\"paragraph\">\n<p>Sud PTT liste comme cons\u00e9quences, entre autres, une \u00ab\u00a0<i>suppression de 12<\/i><i>\u00a0<\/i><i>tourn\u00e9es de distribution, la disparition des tourn\u00e9es d\u00e9di\u00e9es aux colis, la fin de la distribution du centre-ville du Pontet \u00e0 v\u00e9lo, des tourn\u00e9es fortement augment\u00e9es et devenues irr\u00e9alisables dans les temps impartis, un manque de personnel pour assurer les remplacements<\/i>\u00a0\u00bb ou encore \u00ab\u00a0<i>des agents mis sous pression permanente et de nombreux coll\u00e8gues arriv\u00e9s \u00e0 bout<\/i><i>\u00a0<\/i>\u00bb.<\/p>\n<p>Une situation qui est arriv\u00e9e aux oreilles de la mairie d\u2019Entraigues-sur-la-Sorgue, dont la distribution du courrier d\u00e9pend de ce centre. La commune indique sur sa page Facebook avoir demand\u00e9 des explications \u00e0 La\u00a0Poste, la r\u00e9organisation ayant affect\u00e9 le quotidien de ses habitants. La Poste aurait indiqu\u00e9 que \u00ab\u00a0<i>ces perturbations \u00e9taient notamment li\u00e9es \u00e0 des difficult\u00e9s de recrutement et \u00e0 un important renouvellement des personnels<\/i><i>\u00a0<\/i>\u00bb.<\/p>\n<p>Contact\u00e9e par <i>La<\/i><i>\u00a0<\/i><i>Marseillaise<\/i>, La\u00a0Poste \u00ab\u00a0<i>ne souhaite pas commenter des prises de position syndicales relay\u00e9es dans les m\u00e9dias<\/i>\u00a0\u00bb et indique que des \u00e9changes r\u00e9guliers sont en cours avec les repr\u00e9sentants du personnel.<\/p>\n<\/p><\/div>\n","protected":false},"excerpt":{"rendered":"Depuis trois semaines, La Poste a mis en place une nouvelle organisation au sein de son centre courrier de Ved&egrave;ne. Dans un communiqu&eacute; diffus&eacute; ce mardi 28&nbsp;juillet, Sud PTT d&eacute;nonce une d&eacute;cision &laquo;&nbsp;qui &#8230;","protected":false},"author":1,"featured_media":37869,"comment_status":"open","ping_status":"open","sticky":false,"template":"","format":"standard","meta":{"footnotes":""},"categories":[3926,3925,331],"tags":[195,212,1862,3719,106,210,521,751,1041,171,720],"news-destination":[3944],"news-source":[475],"is_homepage":[],"ta_other":[],"class_list":["post-37868","post","type-post","status-publish","format-standard","has-post-thumbnail","hentry","category-accueil-merge","category-accueil-third","category-social","tag-conditions-de-travail","tag-distribution","tag-economies","tag-facteur","tag-habitants","tag-la-poste","tag-personnel","tag-service-public","tag-sud","tag-vaucluse","tag-ville","news-destination-homepage","news-source-website"],"_links":{"self":[{"href":"https:\/\/euapp01.newsmemory.com\/lamarseillaise\/news\/wp-json\/wp\/v2\/posts\/37868","targetHints":{"allow":["GET"]}}],"collection":[{"href":"https:\/\/euapp01.newsmemory.com\/lamarseillaise\/news\/wp-json\/wp\/v2\/posts"}],"about":[{"href":"https:\/\/euapp01.newsmemory.com\/lamarseillaise\/news\/wp-json\/wp\/v2\/types\/post"}],"author":[{"embeddable":true,"href":"https:\/\/euapp01.newsmemory.com\/lamarseillaise\/news\/wp-json\/wp\/v2\/users\/1"}],"replies":[{"embeddable":true,"href":"https:\/\/euapp01.newsmemory.com\/lamarseillaise\/news\/wp-json\/wp\/v2\/comments?post=37868"}],"version-history":[{"count":1,"href":"https:\/\/euapp01.newsmemory.com\/lamarseillaise\/news\/wp-json\/wp\/v2\/posts\/37868\/revisions"}],"predecessor-version":[{"id":37870,"href":"https:\/\/euapp01.newsmemory.com\/lamarseillaise\/news\/wp-json\/wp\/v2\/posts\/37868\/revisions\/37870"}],"wp:featuredmedia":[{"embeddable":true,"href":"https:\/\/euapp01.newsmemory.com\/lamarseillaise\/news\/wp-json\/wp\/v2\/media\/37869"}],"wp:attachment":[{"href":"https:\/\/euapp01.newsmemory.com\/lamarseillaise\/news\/wp-json\/wp\/v2\/media?parent=37868"}],"wp:term":[{"taxonomy":"category","embeddable":true,"href":"https:\/\/euapp01.newsmemory.com\/lamarseillaise\/news\/wp-json\/wp\/v2\/categories?post=37868"},{"taxonomy":"post_tag","embeddable":true,"href":"https:\/\/euapp01.newsmemory.com\/lamarseillaise\/news\/wp-json\/wp\/v2\/tags?post=37868"},{"taxonomy":"news-destination","embeddable":true,"href":"https:\/\/euapp01.newsmemory.com\/lamarseillaise\/news\/wp-json\/wp\/v2\/news-destination?post=37868"},{"taxonomy":"news-source","embeddable":true,"href":"https:\/\/euapp01.newsmemory.com\/lamarseillaise\/news\/wp-json\/wp\/v2\/news-source?post=37868"},{"taxonomy":"is_homepage","embeddable":true,"href":"https:\/\/euapp01.newsmemory.com\/lamarseillaise\/news\/wp-json\/wp\/v2\/is_homepage?post=37868"},{"taxonomy":"ta_other","embeddable":true,"href":"https:\/\/euapp01.newsmemory.com\/lamarseillaise\/news\/wp-json\/wp\/v2\/ta_other?post=37868"}],"curies":[{"name":"wp","href":"https:\/\/api.w.org\/{rel}","templated":true}]}}