{"id":37865,"date":"2026-07-30T07:36:00","date_gmt":"2026-07-30T05:36:00","guid":{"rendered":"https:\/\/euapp01.newsmemory.com\/lamarseillaise\/news\/?p=37865"},"modified":"2026-08-04T10:07:51","modified_gmt":"2026-08-04T08:07:51","slug":"quand-les-enfants-vont-apprendre-a-nager-a-lestaque","status":"publish","type":"post","link":"https:\/\/euapp01.newsmemory.com\/lamarseillaise\/news\/2026\/07\/30\/quand-les-enfants-vont-apprendre-a-nager-a-lestaque\/","title":{"rendered":"Quand les enfants vont apprendre \u00e0 nager \u00e0 l\u2019Estaque"},"content":{"rendered":"<div class=\"paragraph\">\n<p>Difficile de rentrer dans l\u2019eau \u00e0 la base nautique de Corbi\u00e8res, mercredi matin. Qu\u2019\u00e0 cela ne tienne, le ma\u00eetre-nageur Adem Boukhedimi encourage les petits port-de-boucains pour leur troisi\u00e8me journ\u00e9e de stage d\u2019apprentissage de la nage avec l\u2019association Le grand bleu. \u00ab\u00a0<i>Allez on se motive, on met le ventre, puis la t\u00eate \u00e0 l\u2019eau<\/i><i>\u00a0<\/i><i>!<\/i>\u00a0\u00bb commande-t-il. La r\u00e9ponse est timide, \u00ab\u00a0<i>c\u2019est un peu mou<\/i>\u00a0\u00bb se dit-il. Alors il se jette \u00e0 l\u2019eau et envoie de grosses vagues \u00e0 l\u2019aide de ses bras sur les enfants, qui en rient.<\/p>\n<p>\u00ab\u00a0<i>Ils sont encore dans leur cocon, il faut les r\u00e9veiller d\u00e8s le d\u00e9but<\/i>\u00a0\u00bb, explique le ma\u00eetre-nageur, \u00ab\u00a0<i>si je suis mou, le cours sera mou. C\u2019est tr\u00e8s important l\u2019animation, pour donner un c\u00f4t\u00e9 ludique et faire aimer le fait d\u2019avoir la t\u00eate dans l\u2019eau<\/i>\u00a0\u00bb d\u00e9taille-t-il. Pour cela, ce dernier leur fait jouer \u00e0 cache-cache ou faire des bulles.<\/p>\n<\/p><\/div>\n<div class=\"intext\"> 2\u00a0500\u00a0enfants par an\n              <\/div>\n<div class=\"paragraph\">\n<p>Ces enfants sont embarqu\u00e9s \u00e0 la plage de Corbi\u00e8res pendant une semaine par les centres sociaux Fabien-Menot et Lucia-Tichadou, situ\u00e9s en quartiers prioritaires, ainsi que l\u2019Association pour la jeunesse, l\u2019\u00e9ducation et le sport (Ajes) pour apprendre la nage. \u00ab\u00a0<i>On est entour\u00e9 par la mer \u00e0 Port-de-Bouc, les enfants adorent l\u2019eau mais beaucoup ne savent pas nager<\/i>\u00a0\u00bb, fait remarquer Nadia Djebar, animatrice de l\u2019Ajes. Sans piscine en ville, celle de Fos en travaux, l\u2019acc\u00e8s est compliqu\u00e9. \u00ab\u00a0<i>Les cours de natation co\u00fbtent cher, 250<\/i><i>\u00a0<\/i><i>euros par enfant \u00e0 l\u2019ann\u00e9e et le travail ne laisse pas toujours le temps de les emmener<\/i>\u00a0\u00bb, poursuit l\u2019animatrice. Le stage est quant \u00e0 lui compris dans l\u2019adh\u00e9sion des enfants aux centres sociaux.<\/p>\n<p>Malak, jeune de 11\u00a0ans du centre Menot sur la Presqu\u2019\u00eele, estime qu\u2019elle sait d\u00e9j\u00e0 nager, \u00ab\u00a0<i>c\u2019est mon fr\u00e8re qui m\u2019a appris<\/i><i>\u00a0<\/i>\u00bb avance-t-elle, mais \u00ab\u00a0<i>pas \u00e0 la perfection<\/i>\u00a0\u00bb. <span class=\"mln_uppercase_mln\">\u00e0<\/span> la fin de la semaine, elle devra passer l\u2019examen savoir-nager du minist\u00e8re des Sports comme la cinquantaine de minots embarqu\u00e9s \u00e0 Corbi\u00e8res. \u00ab\u00a0<i>C\u2019est important d\u2019apprendre \u00e0 nager car comme \u00e7a, on se fait pas moquer de pas savoir<\/i>\u00a0\u00bb, estime Malak, et \u00ab\u00a0<i>si on est dans un bateau et qu\u2019on tombe, au moins on va pas se noyer<\/i>\u00a0\u00bb, compl\u00e8te celle qui va d\u2019ailleurs deux fois par semaine \u00e0 la plage, aux Aigues Douces.<\/p>\n<p>Les \u00e9ventuels recal\u00e9s seront rep\u00each\u00e9s en septembre. \u00ab\u00a0<i>On ne va pas les perdre apr\u00e8s avoir fait une semaine<\/i>\u00a0\u00bb, dans l\u2019eau, assure Brahim Timricht, fondateur de l\u2019association. Mais il ne s\u2019agit pas juste de r\u00e9ussir un examen. \u00ab\u00a0<i>Apr\u00e8s la nage, on propose le sauvetage c\u00f4tier. C\u2019est pour nous la prolongation de la natation<\/i><i>\u00a0<\/i><i>: une fois que t\u2019as appris \u00e0 nager t\u2019apprends \u00e0 sauver<\/i><i>\u00a0<\/i>\u00bb. Le grand bleu revendique apprendre la nage \u00e0 2\u00a0500\u00a0enfants chaque ann\u00e9e.<\/p>\n<\/p><\/div>\n","protected":false},"excerpt":{"rendered":"Difficile de rentrer dans l&rsquo;eau &agrave; la base nautique de Corbi&egrave;res, mercredi matin. Qu&rsquo;&agrave; cela ne tienne, le ma&icirc;tre-nageur Adem Boukhedimi encourage les petits port-de-boucains pour leur troisi&egrave;me &#8230;","protected":false},"author":1,"featured_media":37866,"comment_status":"open","ping_status":"open","sticky":false,"template":"","format":"standard","meta":{"footnotes":""},"categories":[3926,3925,20],"tags":[5975,10,5325,1774,57,1063,4211,5394,667,269,6180],"news-destination":[3944],"news-source":[475],"is_homepage":[],"ta_other":[],"class_list":["post-37865","post","type-post","status-publish","format-standard","has-post-thumbnail","hentry","category-accueil-merge","category-accueil-third","category-societe","tag-base-nautique","tag-bouches-du-rhone","tag-brahim-timricht","tag-centres-sociaux","tag-enfants","tag-jeunesse","tag-le-grand-bleu","tag-nage","tag-port-de-bouc","tag-quartiers-prioritaires","tag-stages-de-natation","news-destination-homepage","news-source-website"],"_links":{"self":[{"href":"https:\/\/euapp01.newsmemory.com\/lamarseillaise\/news\/wp-json\/wp\/v2\/posts\/37865","targetHints":{"allow":["GET"]}}],"collection":[{"href":"https:\/\/euapp01.newsmemory.com\/lamarseillaise\/news\/wp-json\/wp\/v2\/posts"}],"about":[{"href":"https:\/\/euapp01.newsmemory.com\/lamarseillaise\/news\/wp-json\/wp\/v2\/types\/post"}],"author":[{"embeddable":true,"href":"https:\/\/euapp01.newsmemory.com\/lamarseillaise\/news\/wp-json\/wp\/v2\/users\/1"}],"replies":[{"embeddable":true,"href":"https:\/\/euapp01.newsmemory.com\/lamarseillaise\/news\/wp-json\/wp\/v2\/comments?post=37865"}],"version-history":[{"count":1,"href":"https:\/\/euapp01.newsmemory.com\/lamarseillaise\/news\/wp-json\/wp\/v2\/posts\/37865\/revisions"}],"predecessor-version":[{"id":37867,"href":"https:\/\/euapp01.newsmemory.com\/lamarseillaise\/news\/wp-json\/wp\/v2\/posts\/37865\/revisions\/37867"}],"wp:featuredmedia":[{"embeddable":true,"href":"https:\/\/euapp01.newsmemory.com\/lamarseillaise\/news\/wp-json\/wp\/v2\/media\/37866"}],"wp:attachment":[{"href":"https:\/\/euapp01.newsmemory.com\/lamarseillaise\/news\/wp-json\/wp\/v2\/media?parent=37865"}],"wp:term":[{"taxonomy":"category","embeddable":true,"href":"https:\/\/euapp01.newsmemory.com\/lamarseillaise\/news\/wp-json\/wp\/v2\/categories?post=37865"},{"taxonomy":"post_tag","embeddable":true,"href":"https:\/\/euapp01.newsmemory.com\/lamarseillaise\/news\/wp-json\/wp\/v2\/tags?post=37865"},{"taxonomy":"news-destination","embeddable":true,"href":"https:\/\/euapp01.newsmemory.com\/lamarseillaise\/news\/wp-json\/wp\/v2\/news-destination?post=37865"},{"taxonomy":"news-source","embeddable":true,"href":"https:\/\/euapp01.newsmemory.com\/lamarseillaise\/news\/wp-json\/wp\/v2\/news-source?post=37865"},{"taxonomy":"is_homepage","embeddable":true,"href":"https:\/\/euapp01.newsmemory.com\/lamarseillaise\/news\/wp-json\/wp\/v2\/is_homepage?post=37865"},{"taxonomy":"ta_other","embeddable":true,"href":"https:\/\/euapp01.newsmemory.com\/lamarseillaise\/news\/wp-json\/wp\/v2\/ta_other?post=37865"}],"curies":[{"name":"wp","href":"https:\/\/api.w.org\/{rel}","templated":true}]}}