{"id":37859,"date":"2026-07-30T07:47:00","date_gmt":"2026-07-30T05:47:00","guid":{"rendered":"https:\/\/euapp01.newsmemory.com\/lamarseillaise\/news\/?p=37859"},"modified":"2026-08-05T07:21:35","modified_gmt":"2026-08-05T05:21:35","slug":"a-digne-une-commercante-demunie-apres-sept-degats-des-eaux","status":"publish","type":"post","link":"https:\/\/euapp01.newsmemory.com\/lamarseillaise\/news\/2026\/07\/30\/a-digne-une-commercante-demunie-apres-sept-degats-des-eaux\/","title":{"rendered":"\u00c0 Digne, une commer\u00e7ante d\u00e9munie apr\u00e8s sept d\u00e9g\u00e2ts des eaux"},"content":{"rendered":"<div class=\"paragraph\">\n<p>\u00ab <i>J<\/i><i>\u2019ai eu une grosse remise en question, je me suis demand\u00e9 si je devais changer de m\u00e9tier<\/i><i>\u00a0<\/i>\u00bb\u00a0: Elisabeth Kestens, g\u00e9rante de la boutique de lingerie Fleur de Peau, en plein centre-ville de Digne, a bien failli jeter l\u2019\u00e9ponge apr\u00e8s des d\u00e9g\u00e2ts des eaux \u00e0 la cha\u00eene et un risque d\u2019effondrement dans son local.<\/p>\n<p>Install\u00e9e dans une boutique rue de l\u2019Hubac depuis six ans, elle n\u2019a eu cesse de d\u00e9couvrir de mauvaises surprises en ouvrant boutique au petit matin. Entre les voisins du dessus partant en vacances en laissant l\u2019eau de leur douche couler, les fissures sur la fa\u00e7ade causant un nouveau d\u00e9g\u00e2t des eaux et un incident de chauffe-eau, le sort s\u2019est acharn\u00e9 sur cette pauvre commer\u00e7ante. Elle a d\u00fb tirer rideau pendant plus d\u2019un mois rien qu\u2019en 2026 \u00e0 cause de toutes ces m\u00e9saventures, ce qui repr\u00e9sente une perte de chiffre d\u2019affaires importante.<\/p>\n<p>\u00ab\u00a0<i>L\u2019assurance me demande de mettre fin au contrat d\u2019ici la fin de l\u2019ann\u00e9e et de quitter ce local, car il y a toujours un souci et je leur co\u00fbte beaucoup trop cher<\/i><i>\u00a0<\/i><i>: ils ont d\u00e9pens\u00e9 plus de 31<\/i><i>\u00a0<\/i><i>000<\/i><i>\u00a0<\/i><i>euros pour mes d\u00e9g\u00e2ts<\/i><i>\u00a0<\/i><i>!<\/i><i>\u00a0<\/i>\u00bb affirme la commer\u00e7ante.<\/p>\n<p>En janvier, Elisabeth a d\u00fb fermer pendant dix jours durant une p\u00e9riode cruciale, celle des soldes, \u00e0 cause d\u2019un risque d\u2019effondrement d\u00fb \u00e0 des poutres ab\u00eem\u00e9es. \u00ab\u00a0<i>C\u2019est un immeuble v\u00e9tuste, avec de nombreux d\u00e9fauts structurels<\/i><i>\u00a0<\/i>\u00bb, reconna\u00eet son syndic. \u00ab\u00a0<i>C\u2019est un stress complet au quotidien. Je dois sans cesse changer de casquette et devenir gestionnaire de sinistres<\/i><i>\u00a0<\/i>\u00bb, d\u00e9plore la commer\u00e7ante, qui a d\u00fb faire appel \u00e0 une psychologue pour l\u2019accompagner dans ces moments difficiles. Elle esp\u00e8re trouver un moyen de quitter le local d\u2019ici 2027, mais est \u00ab\u00a0<i>enferm\u00e9e par un bail ficel\u00e9 d\u2019une mani\u00e8re qui l\u2019emp\u00eache de partir<\/i><i>\u00a0<\/i>\u00bb avant 2029.<\/p>\n<p>Contact\u00e9, l\u2019administrateur judiciaire en charge du dossier a indiqu\u00e9 ne pas souhaiter r\u00e9pondre aux sollicitations de journalistes.<\/p>\n<\/p><\/div>\n<div class=\"intext\"> \u00ab\u00a0Autant de m\u00e9saventures pour la m\u00eame personne\u00a0\u00bb\n              <\/div>\n<div class=\"paragraph\">\n<p>\u00ab\u00a0<i>C\u2019est une copropri\u00e9t\u00e9 occup\u00e9e par des r\u00e9sidents qui ont des tr\u00e8s petits budgets, donc les moyens financiers sont limit\u00e9s<\/i><i>\u00a0<\/i>\u00bb, explique le syndic, tout en reconnaissant \u00ab\u00a0<i>des d\u00e9sagr\u00e9ments certains<\/i><i>\u00a0<\/i>\u00bb pour la commer\u00e7ante. \u00ab\u00a0<i>L\u2019assembl\u00e9e g\u00e9n\u00e9rale d\u00e9cidera des moyens accord\u00e9s<\/i><i>\u00a0<\/i>\u00bb, mais les rapports ont conclu \u00e0 l\u2019absence de danger et \u00e0 des travaux \u00e0 faire sur la toiture, ainsi que pour s\u00e9curiser le plancher.<\/p>\n<p>\u00ab\u00a0<i>C\u2019est la premi\u00e8re fois que je vois une situation aussi alambiqu\u00e9e, avec autant de m\u00e9saventures pour la m\u00eame personne<\/i><i>\u00a0<\/i>\u00bb, regrette Jean-Pierre Pradalier, vice-pr\u00e9sident de la CCI en charge du commerce. La CCI accompagne Elisabeth aux c\u00f4t\u00e9s de la mairie, pour qui il est primordial de conserver les commerces du centre-ville d\u00e9sert\u00e9. \u00ab\u00a0<i>Elle serait dans son bon droit de quitter le local avant terme, mais elle est tenue d\u2019y rester juridiquement parlant. Un bras de fer co\u00fbterait beaucoup d\u2019argent pour une issue incertaine et trop tardive<\/i>\u00a0\u00bb, explique le vice-pr\u00e9sident. La CCI est en train de voir si elle peut mettre en place une action juridique.<\/p>\n<\/p><\/div>\n","protected":false},"excerpt":{"rendered":"&laquo; J&rsquo;ai eu une grosse remise en question, je me suis demand&eacute; si je devais changer de m&eacute;tier&nbsp;&raquo;&nbsp;: Elisabeth Kestens, g&eacute;rante de la boutique de lingerie Fleur de Peau, en plein centre-ville de Digne, a &#8230;","protected":false},"author":1,"featured_media":37860,"comment_status":"open","ping_status":"open","sticky":false,"template":"","format":"standard","meta":{"footnotes":""},"categories":[3926,3925,338,20],"tags":[4768,4467,949,4656,750,2132,118,596,51],"news-destination":[3944],"news-source":[475],"is_homepage":[],"ta_other":[],"class_list":["post-37859","post","type-post","status-publish","format-standard","has-post-thumbnail","hentry","category-accueil-merge","category-accueil-third","category-economie","category-societe","tag-alpes","tag-alpes-de-haute-provence","tag-assurance","tag-bail","tag-commerce","tag-degats","tag-economie","tag-logement","tag-societe","news-destination-homepage","news-source-website"],"_links":{"self":[{"href":"https:\/\/euapp01.newsmemory.com\/lamarseillaise\/news\/wp-json\/wp\/v2\/posts\/37859","targetHints":{"allow":["GET"]}}],"collection":[{"href":"https:\/\/euapp01.newsmemory.com\/lamarseillaise\/news\/wp-json\/wp\/v2\/posts"}],"about":[{"href":"https:\/\/euapp01.newsmemory.com\/lamarseillaise\/news\/wp-json\/wp\/v2\/types\/post"}],"author":[{"embeddable":true,"href":"https:\/\/euapp01.newsmemory.com\/lamarseillaise\/news\/wp-json\/wp\/v2\/users\/1"}],"replies":[{"embeddable":true,"href":"https:\/\/euapp01.newsmemory.com\/lamarseillaise\/news\/wp-json\/wp\/v2\/comments?post=37859"}],"version-history":[{"count":1,"href":"https:\/\/euapp01.newsmemory.com\/lamarseillaise\/news\/wp-json\/wp\/v2\/posts\/37859\/revisions"}],"predecessor-version":[{"id":37861,"href":"https:\/\/euapp01.newsmemory.com\/lamarseillaise\/news\/wp-json\/wp\/v2\/posts\/37859\/revisions\/37861"}],"wp:featuredmedia":[{"embeddable":true,"href":"https:\/\/euapp01.newsmemory.com\/lamarseillaise\/news\/wp-json\/wp\/v2\/media\/37860"}],"wp:attachment":[{"href":"https:\/\/euapp01.newsmemory.com\/lamarseillaise\/news\/wp-json\/wp\/v2\/media?parent=37859"}],"wp:term":[{"taxonomy":"category","embeddable":true,"href":"https:\/\/euapp01.newsmemory.com\/lamarseillaise\/news\/wp-json\/wp\/v2\/categories?post=37859"},{"taxonomy":"post_tag","embeddable":true,"href":"https:\/\/euapp01.newsmemory.com\/lamarseillaise\/news\/wp-json\/wp\/v2\/tags?post=37859"},{"taxonomy":"news-destination","embeddable":true,"href":"https:\/\/euapp01.newsmemory.com\/lamarseillaise\/news\/wp-json\/wp\/v2\/news-destination?post=37859"},{"taxonomy":"news-source","embeddable":true,"href":"https:\/\/euapp01.newsmemory.com\/lamarseillaise\/news\/wp-json\/wp\/v2\/news-source?post=37859"},{"taxonomy":"is_homepage","embeddable":true,"href":"https:\/\/euapp01.newsmemory.com\/lamarseillaise\/news\/wp-json\/wp\/v2\/is_homepage?post=37859"},{"taxonomy":"ta_other","embeddable":true,"href":"https:\/\/euapp01.newsmemory.com\/lamarseillaise\/news\/wp-json\/wp\/v2\/ta_other?post=37859"}],"curies":[{"name":"wp","href":"https:\/\/api.w.org\/{rel}","templated":true}]}}