{"id":37856,"date":"2026-07-30T07:40:00","date_gmt":"2026-07-30T05:40:00","guid":{"rendered":"https:\/\/euapp01.newsmemory.com\/lamarseillaise\/news\/?p=37856"},"modified":"2026-08-04T12:00:03","modified_gmt":"2026-08-04T10:00:03","slug":"un-incendie-frappe-un-batiment-de-lecole-des-grands-cypres-a-avignon","status":"publish","type":"post","link":"https:\/\/euapp01.newsmemory.com\/lamarseillaise\/news\/2026\/07\/30\/un-incendie-frappe-un-batiment-de-lecole-des-grands-cypres-a-avignon\/","title":{"rendered":"Un incendie frappe un b\u00e2timent de l\u2019\u00e9cole des Grands Cypr\u00e8s \u00e0 Avignon"},"content":{"rendered":"<div class=\"paragraph\">\n<p>Depuis l\u2019angle de la rue Madame-de-S\u00e9vign\u00e9, \u00e0 Avignon, ce mercredi 29\u00a0juillet au matin, on pouvait encore apercevoir quelques dizaines de pompiers s\u2019affairer sur le toit d\u2019un b\u00e2timent en construction de l\u2019\u00e9cole des Grands Cypr\u00e8s, qui \u00e9tait en train de br\u00fbler. L\u2019incendie, qui s\u2019est d\u00e9clar\u00e9 dans la nuit autour de 2h30, a mobilis\u00e9 une cinquantaine de personnes. Le feu a \u00e9t\u00e9 ma\u00eetris\u00e9 dans l\u2019apr\u00e8s-midi, sans causer de d\u00e9g\u00e2ts aux structures voisines. Aucune victime n\u2019est \u00e0 d\u00e9plorer.<\/p>\n<p>D\u2019apr\u00e8s le commandant Pailloux, qui dirige les op\u00e9rations sur place, le feu aurait pris \u00e0 l\u2019arri\u00e8re du b\u00e2timent, au pied de l\u2019un des pyl\u00f4nes en bois. \u00ab\u00a0<i>Au regard de sa conception, du cadrage en bois avec de l\u2019isolant en paille compress\u00e9e, c\u2019est difficile \u00e0 \u00e9teindre et c\u2019est pour \u00e7a qu\u2019on y est encore<\/i>\u00a0\u00bb, poursuit le responsable.<\/p>\n<p>Sur place, les soldats du feu retirent, panneau par panneau, la toiture pour tenter d\u2019acc\u00e9der aux structures et surtout \u00e0 cet isolant afin de le d\u00e9compresser pour faciliter l\u2019extinction.<\/p>\n<p>Si la municipalit\u00e9 confirme que l\u2019origine du feu \u00ab<i>\u00a0<\/i><i>devra \u00eatre d\u00e9termin\u00e9e par l\u2019enqu\u00eate<\/i><i>\u00a0<\/i>\u00bb et que la rentr\u00e9e scolaire sera maintenue normalement, le maire, Olivier Galzi (DVD), assure sur son compte Facebook qu\u2019il \u00ab\u00a0<i>semble \u00eatre d\u2019origine criminelle<\/i>\u00a0\u00bb. \u00ab\u00a0<i>Ceux qui ont d\u00e9clench\u00e9 cet incendie ont d\u00e9truit un lieu qui devait servir \u00e0 l\u2019accueil des enfants du quartier et d\u2019Avignon. Ils ont mis en danger la vie des pompiers et d\u00e9tourn\u00e9 leurs efforts alors que des incendies r\u00e9clament des renforts dans d\u2019autres endroits critiques<\/i>\u00a0\u00bb, poursuit le premier \u00e9dile. L\u2019\u00e9lu ajoute que la mairie va porter plainte contre X. Deux jours auparavant, les dortoirs de l\u2019\u00e9cole maternelle ont \u00e9t\u00e9 vandalis\u00e9s.<\/p>\n<\/p><\/div>\n<div class=\"intext\"> Retards en vue\n              <\/div>\n<div class=\"paragraph\">\n<p>Le b\u00e2timent \u00e9tait destin\u00e9 \u00e0 devenir la \u00ab\u00a0<i>Cit\u00e9 \u00e9ducative<\/i>\u00a0\u00bb de l\u2019\u00e9cole et \u00e0 abriter les activit\u00e9s p\u00e9riscolaires. Mais il \u00ab\u00a0<i>ne pourra donc pas ouvrir comme pr\u00e9vu<\/i>\u00a0\u00bb, confie Olivier Galzi. La municipalit\u00e9 pr\u00e9cise dans un communiqu\u00e9 qu\u2019elle<i> <\/i>\u00ab\u00a0<i>travaille d\u2019ores et d\u00e9j\u00e0 \u00e0 des solutions alternatives afin d\u2019assurer la continuit\u00e9 des activit\u00e9s qui devaient y \u00eatre organis\u00e9es<\/i><i>\u00a0<\/i>\u00bb. Derri\u00e8re la rubalise de s\u00e9curit\u00e9, Khalid El Yousoufi, conseiller municipal d\u2019opposition (LFI), mais aussi enseignant de l\u2019\u00e9cole des Grands Cypr\u00e8s, affiche son d\u00e9sarroi. \u00ab\u00a0<i>La construction avait d\u00e9j\u00e0 du retard, donc on va encore en avoir pour un ou deux ans. Ce b\u00e2timent devait surtout accueillir les \u00e9l\u00e8ves de la maternelle puis de l\u2019\u00e9l\u00e9mentaire pour permettre des travaux dans les locaux, qui sont dans un \u00e9tat catastrophique<\/i>\u00a0\u00bb, confie-t-il, aux c\u00f4t\u00e9s du d\u00e9put\u00e9 Rapha\u00ebl Arnault (LFI). Aux abords de l\u2019\u00e9cole, des parents d\u2019\u00e9l\u00e8ves sont dans l\u2019attente. \u00ab\u00a0<i>On devait bient\u00f4t <\/i><i>avoir <\/i><i>une nouvelle \u00e9cole. Mais je sens que \u00e7a va tra\u00eener encore longtemps<\/i>\u00a0\u00bb, glisse une maman de deux enfants scolaris\u00e9s dans l\u2019\u00e9tablissement.<\/p>\n<\/p><\/div>\n","protected":false},"excerpt":{"rendered":"Depuis l&rsquo;angle de la rue Madame-de-S&eacute;vign&eacute;, &agrave; Avignon, ce mercredi 29&nbsp;juillet au matin, on pouvait encore apercevoir quelques dizaines de pompiers s&rsquo;affairer sur le toit d&rsquo;un b&acirc;timent en construction &#8230;","protected":false},"author":1,"featured_media":37857,"comment_status":"open","ping_status":"open","sticky":false,"template":"","format":"standard","meta":{"footnotes":""},"categories":[3926,3925,20],"tags":[100,174,101,776,803,3042,319,1396,96,4914,320,700,171],"news-destination":[3944],"news-source":[475],"is_homepage":[],"ta_other":[],"class_list":["post-37856","post","type-post","status-publish","format-standard","has-post-thumbnail","hentry","category-accueil-merge","category-accueil-third","category-societe","tag-activites","tag-avignon","tag-batiment","tag-construction","tag-ecole","tag-enseignant","tag-incendie","tag-incendies","tag-municipalite","tag-olivier-galzi","tag-pompiers","tag-quartier","tag-vaucluse","news-destination-homepage","news-source-website"],"_links":{"self":[{"href":"https:\/\/euapp01.newsmemory.com\/lamarseillaise\/news\/wp-json\/wp\/v2\/posts\/37856","targetHints":{"allow":["GET"]}}],"collection":[{"href":"https:\/\/euapp01.newsmemory.com\/lamarseillaise\/news\/wp-json\/wp\/v2\/posts"}],"about":[{"href":"https:\/\/euapp01.newsmemory.com\/lamarseillaise\/news\/wp-json\/wp\/v2\/types\/post"}],"author":[{"embeddable":true,"href":"https:\/\/euapp01.newsmemory.com\/lamarseillaise\/news\/wp-json\/wp\/v2\/users\/1"}],"replies":[{"embeddable":true,"href":"https:\/\/euapp01.newsmemory.com\/lamarseillaise\/news\/wp-json\/wp\/v2\/comments?post=37856"}],"version-history":[{"count":1,"href":"https:\/\/euapp01.newsmemory.com\/lamarseillaise\/news\/wp-json\/wp\/v2\/posts\/37856\/revisions"}],"predecessor-version":[{"id":37858,"href":"https:\/\/euapp01.newsmemory.com\/lamarseillaise\/news\/wp-json\/wp\/v2\/posts\/37856\/revisions\/37858"}],"wp:featuredmedia":[{"embeddable":true,"href":"https:\/\/euapp01.newsmemory.com\/lamarseillaise\/news\/wp-json\/wp\/v2\/media\/37857"}],"wp:attachment":[{"href":"https:\/\/euapp01.newsmemory.com\/lamarseillaise\/news\/wp-json\/wp\/v2\/media?parent=37856"}],"wp:term":[{"taxonomy":"category","embeddable":true,"href":"https:\/\/euapp01.newsmemory.com\/lamarseillaise\/news\/wp-json\/wp\/v2\/categories?post=37856"},{"taxonomy":"post_tag","embeddable":true,"href":"https:\/\/euapp01.newsmemory.com\/lamarseillaise\/news\/wp-json\/wp\/v2\/tags?post=37856"},{"taxonomy":"news-destination","embeddable":true,"href":"https:\/\/euapp01.newsmemory.com\/lamarseillaise\/news\/wp-json\/wp\/v2\/news-destination?post=37856"},{"taxonomy":"news-source","embeddable":true,"href":"https:\/\/euapp01.newsmemory.com\/lamarseillaise\/news\/wp-json\/wp\/v2\/news-source?post=37856"},{"taxonomy":"is_homepage","embeddable":true,"href":"https:\/\/euapp01.newsmemory.com\/lamarseillaise\/news\/wp-json\/wp\/v2\/is_homepage?post=37856"},{"taxonomy":"ta_other","embeddable":true,"href":"https:\/\/euapp01.newsmemory.com\/lamarseillaise\/news\/wp-json\/wp\/v2\/ta_other?post=37856"}],"curies":[{"name":"wp","href":"https:\/\/api.w.org\/{rel}","templated":true}]}}