{"id":37853,"date":"2026-07-30T07:34:00","date_gmt":"2026-07-30T05:34:00","guid":{"rendered":"https:\/\/euapp01.newsmemory.com\/lamarseillaise\/news\/?p=37853"},"modified":"2026-08-04T10:07:51","modified_gmt":"2026-08-04T08:07:51","slug":"a-marseille-plusieurs-dizaines-de-familles-menacees-dexpulsion","status":"publish","type":"post","link":"https:\/\/euapp01.newsmemory.com\/lamarseillaise\/news\/2026\/07\/30\/a-marseille-plusieurs-dizaines-de-familles-menacees-dexpulsion\/","title":{"rendered":"\u00c0 Marseille, plusieurs dizaines de familles menac\u00e9es d\u2019expulsion"},"content":{"rendered":"<div class=\"paragraph\">\n<p>\u00ab <i>O<\/i><i>n est fatigu\u00e9s d\u2019\u00eatre expuls\u00e9s chaque ann\u00e9e. Nos enfants, ils sont f\u00e2ch\u00e9s parce que bient\u00f4t, ils vont recommencer l\u2019\u00e9cole<\/i>.\u00a0\u00bb R\u00e9unis ce mardi soir, hommes, femmes et enfants sont inquiets. Install\u00e9s depuis un peu moins de deux ans sur la friche de l\u2019ex-usine Procida, route de la Valentine (11<sup>e<\/sup>), ils craignent d\u2019\u00eatre \u00e9vacu\u00e9s au c\u0153ur de l\u2019\u00e9t\u00e9.<\/p>\n<p>Le camp de 250\u00a0personnes est sous le coup d\u2019une ordonnance d\u2019expulsion en date du 24\u00a0d\u00e9cembre 2025, explique leur avocat M<sup>e<\/sup> Borie, port\u00e9e par le propri\u00e9taire des lieux, Retail Prodev. Une filiale du groupe Frey, sp\u00e9cialis\u00e9e dans le d\u00e9veloppement de centres commerciaux. Pour m\u00e9moire, l\u2019entrepreneur imaginait implanter l\u00e0, fin 2024, un vaste centre de logistique, <a href=\"https:\/\/www.lamarseillaise.fr\/societe\/ils-se-mobilisent-contre-le-ballet-des-camions-a-marseille-JH17233390\">au grand dam des habitants, d\u00e9non\u00e7ant un afflux de poids lourds dans un quartier d\u00e9j\u00e0 satur\u00e9<\/a>. Ces derniers imaginant plut\u00f4t de laisser la place \u00e0 un espace vert alors que coule l\u2019Huveaune non loin, ce genre d\u2019\u00e9quipement \u00e9tant r\u00e9duit comme peau de chagrin dans le secteur. <a href=\"https:\/\/www.lamarseillaise.fr\/politique\/permis-refuse-pour-le-centre-logistique-a-la-valentine-CH17542275\">La Ville de Marseille refusera finalement de d\u00e9livrer le permis de construire quelques mois plus tard.<\/a><\/p>\n<\/p><\/div>\n<div class=\"intext\"> Solidarit\u00e9 \u00e0 tous les \u00e9tages\n              <\/div>\n<div class=\"paragraph\">\n<p>Aux c\u00f4t\u00e9s des familles roms, des repr\u00e9sentants de la CGT Interim, de la Conf\u00e9d\u00e9ration g\u00e9n\u00e9rale du logement, des riverains, des membres d\u2019ATD Quart Monde, Michel Pruvost (PCF), conseiller d\u2019arrondissement des 11<sup>e<\/sup>\u00a0et 12<sup>e<\/sup>\u00a0arrondissements, et Jean-Marc Gu\u00e9ris, animateur du groupe d\u2019action La Penne insoumise. \u00ab<i>\u00a0<\/i><i>Nous sommes l\u00e0 si vous avez besoin d\u2019aide<\/i><i>\u00a0<\/i>\u00bb, assure ce dernier. De son c\u00f4t\u00e9, l\u2019\u00e9lu communiste, accompagn\u00e9 de Jean-Pierre Breda, secr\u00e9taire de la section PCF du 11<sup>e<\/sup>, estime que tout le monde doit rester \u00ab\u00a0<i>tant qu\u2019il n\u2019y a pas de solutions de relogement<\/i>\u00a0\u00bb et indique avoir \u00ab\u00a0<i>fait remonter le probl\u00e8me<\/i><i>\u00a0<\/i>\u00bb \u00e0 la mairie centrale. \u00ab\u00a0<i>Le jour o\u00f9 vous devrez quitter ce camp, c\u2019est avec des alternatives, pour pouvoir \u00eatre relog\u00e9s, et notamment pour que les enfants, qui sont scolaris\u00e9s, gardent une stabilit\u00e9<\/i><i>\u00a0<\/i>\u00bb, insiste-t-il.<\/p>\n<p>Un squat \u00e0 Saint-Just en 2020, une \u00e9vacuation \u00ab\u00a0<i>brutale<\/i>\u00a0\u00bb \u00e0 Maison Blanche en 2021, une destruction de lieu de vie \u00e0 la Barasse en 2022, puis en\u00a02023 et\u00a02024 \u00e0 la Madrague, \u00e0 la Cabucelle&#8230; Laurent Sapin, riverain, revient sur les expulsions \u00e0 r\u00e9p\u00e9tition qui bouleversent le quotidien de familles dont les parents travaillent et dont les enfants sont inscrits dans les \u00e9tablissements scolaires alentours, comme en attestent les certificats remis ce jour-l\u00e0 \u00e0 M<sup>e<\/sup> Borie. Certains petits ont un parcours brillant, pr\u00e9cise Agn\u00e8s, qui anime avec ATD Quart Monde des ateliers livres tous les samedis.<\/p>\n<p>\u00ab\u00a0<i>Un recours a \u00e9t\u00e9 d\u00e9pos\u00e9 aupr\u00e8s de la cour d\u2019appel d\u2019Aix-en-Provence<\/i>\u00a0\u00bb, ajoute l\u2019avocat, une audience \u00e9tant pr\u00e9vue en f\u00e9vrier\u00a02027. D\u2019ici l\u00e0, il esp\u00e8re une sortie n\u00e9goci\u00e9e, pour permettre aux enfants de suivre une ann\u00e9e scolaire compl\u00e8te.<\/p>\n<\/p><\/div>\n","protected":false},"excerpt":{"rendered":"&laquo; On est fatigu&eacute;s d&rsquo;&ecirc;tre expuls&eacute;s chaque ann&eacute;e. Nos enfants, ils sont f&acirc;ch&eacute;s parce que bient&ocirc;t, ils vont recommencer l&rsquo;&eacute;cole.&nbsp;&raquo; R&eacute;unis ce mardi soir, hommes, &#8230;","protected":false},"author":1,"featured_media":37854,"comment_status":"open","ping_status":"open","sticky":false,"template":"","format":"standard","meta":{"footnotes":""},"categories":[3926,3925,20],"tags":[10,113,57,675,1569,1595,754,548,106,596,16,1750,1263,250,2129,1516,185,1406,1064,2692,260,1325,99],"news-destination":[3944],"news-source":[475],"is_homepage":[],"ta_other":[],"class_list":["post-37853","post","type-post","status-publish","format-standard","has-post-thumbnail","hentry","category-accueil-merge","category-accueil-third","category-societe","tag-bouches-du-rhone","tag-cgt","tag-enfants","tag-etablissements-scolaires","tag-evacuation","tag-expulsions","tag-familles","tag-france-insoumise","tag-habitants","tag-logement","tag-marseille","tag-marseille-11e-arrondissement","tag-militants","tag-pcf","tag-permis-de-construire","tag-poids-lourds","tag-precaires","tag-relogement","tag-riverains","tag-roms","tag-solidarite","tag-solutions","tag-ville-de-marseille","news-destination-homepage","news-source-website"],"_links":{"self":[{"href":"https:\/\/euapp01.newsmemory.com\/lamarseillaise\/news\/wp-json\/wp\/v2\/posts\/37853","targetHints":{"allow":["GET"]}}],"collection":[{"href":"https:\/\/euapp01.newsmemory.com\/lamarseillaise\/news\/wp-json\/wp\/v2\/posts"}],"about":[{"href":"https:\/\/euapp01.newsmemory.com\/lamarseillaise\/news\/wp-json\/wp\/v2\/types\/post"}],"author":[{"embeddable":true,"href":"https:\/\/euapp01.newsmemory.com\/lamarseillaise\/news\/wp-json\/wp\/v2\/users\/1"}],"replies":[{"embeddable":true,"href":"https:\/\/euapp01.newsmemory.com\/lamarseillaise\/news\/wp-json\/wp\/v2\/comments?post=37853"}],"version-history":[{"count":1,"href":"https:\/\/euapp01.newsmemory.com\/lamarseillaise\/news\/wp-json\/wp\/v2\/posts\/37853\/revisions"}],"predecessor-version":[{"id":37855,"href":"https:\/\/euapp01.newsmemory.com\/lamarseillaise\/news\/wp-json\/wp\/v2\/posts\/37853\/revisions\/37855"}],"wp:featuredmedia":[{"embeddable":true,"href":"https:\/\/euapp01.newsmemory.com\/lamarseillaise\/news\/wp-json\/wp\/v2\/media\/37854"}],"wp:attachment":[{"href":"https:\/\/euapp01.newsmemory.com\/lamarseillaise\/news\/wp-json\/wp\/v2\/media?parent=37853"}],"wp:term":[{"taxonomy":"category","embeddable":true,"href":"https:\/\/euapp01.newsmemory.com\/lamarseillaise\/news\/wp-json\/wp\/v2\/categories?post=37853"},{"taxonomy":"post_tag","embeddable":true,"href":"https:\/\/euapp01.newsmemory.com\/lamarseillaise\/news\/wp-json\/wp\/v2\/tags?post=37853"},{"taxonomy":"news-destination","embeddable":true,"href":"https:\/\/euapp01.newsmemory.com\/lamarseillaise\/news\/wp-json\/wp\/v2\/news-destination?post=37853"},{"taxonomy":"news-source","embeddable":true,"href":"https:\/\/euapp01.newsmemory.com\/lamarseillaise\/news\/wp-json\/wp\/v2\/news-source?post=37853"},{"taxonomy":"is_homepage","embeddable":true,"href":"https:\/\/euapp01.newsmemory.com\/lamarseillaise\/news\/wp-json\/wp\/v2\/is_homepage?post=37853"},{"taxonomy":"ta_other","embeddable":true,"href":"https:\/\/euapp01.newsmemory.com\/lamarseillaise\/news\/wp-json\/wp\/v2\/ta_other?post=37853"}],"curies":[{"name":"wp","href":"https:\/\/api.w.org\/{rel}","templated":true}]}}