{"id":37850,"date":"2026-07-30T07:36:00","date_gmt":"2026-07-30T05:36:00","guid":{"rendered":"https:\/\/euapp01.newsmemory.com\/lamarseillaise\/news\/?p=37850"},"modified":"2026-08-04T10:54:14","modified_gmt":"2026-08-04T08:54:14","slug":"la-region-sud-debloque-in-extremis-le-volet-foncier-du-nouvel-hopital-daubagne","status":"publish","type":"post","link":"https:\/\/euapp01.newsmemory.com\/lamarseillaise\/news\/2026\/07\/30\/la-region-sud-debloque-in-extremis-le-volet-foncier-du-nouvel-hopital-daubagne\/","title":{"rendered":"La R\u00e9gion Sud d\u00e9bloque in extremis le volet foncier du nouvel h\u00f4pital d\u2019Aubagne"},"content":{"rendered":"<div class=\"paragraph\">\n<p>Soulagement pour les d\u00e9fenseurs du projet du futur h\u00f4pital \u00e0 Aubagne. Il y a une dizaine de jours, l\u2019Agence r\u00e9gionale de sant\u00e9 (ARS) Paca r\u00e9v\u00e9lait dans les colonnes de <i>La<\/i><i>\u00a0<\/i><i>Provence<\/i> qu\u2019une solution devait \u00eatre trouv\u00e9e pour l\u2019achat du foncier, estim\u00e9 autour de 3\u00a0millions d\u2019euros, d\u2019ici l\u2019automne\u00a02026. Faute de quoi le projet risquait de perdre une importante partie de ses financements, compromettant ainsi sa r\u00e9alisation.<\/p>\n<p>Ce mercredi, c\u2019est finalement une participation de la R\u00e9gion qui a d\u00e9bloqu\u00e9 la situation. \u00ab\u00a0<i>Nous avions un probl\u00e8me important de s\u00e9curisation des financements, avec un terrain qui devait pouvoir \u00eatre achet\u00e9 rapidement, <\/i>a d\u00e9taill\u00e9 Renaud Muselier, pr\u00e9sident (Ren.) de la R\u00e9gion Sud. <i>Nous avons d\u00e9cid\u00e9, dans un premier temps, que la mairie d\u2019Aubagne en paie la moiti\u00e9 et que la R\u00e9gion paie l\u2019autre, pour d\u00e9bloquer la situation au niveau de l\u2019\u00c9tat et du directeur g\u00e9n\u00e9ral de l\u2019ARS<\/i>\u00a0\u00bb. La collectivit\u00e9 s\u2019engage \u00e0 une avance de 1,5\u00a0million d\u2019euros pour compl\u00e9ter le financement du foncier, le reste \u00e9tant \u00e0 la charge de la Ville d\u2019Aubagne. \u00ab\u00a0<i>Nous verrons, plus tard, avec un tour de table que nous n\u2019avions plus le temps de faire, pour l\u2019achat complet de ce terrain<\/i>\u00a0\u00bb, poursuit le candidat aux s\u00e9natoriales.<\/p>\n<p>Initialement pr\u00e9vu \u00e0 la seule charge de la Ville d\u2019Aubagne, le financement de l\u2019acquisition des terrains a connu plusieurs rebondissements ces derniers mois. Le conseil municipal avait, d\u00e8s le 5\u00a0juin, appel\u00e9 \u00e0 la construction d\u2019un \u00ab\u00a0<i>front territorial commun<\/i>\u00a0\u00bb pour d\u00e9fendre le projet du nouvel h\u00f4pital, tout en invitant les communes concern\u00e9es \u00e0 mettre au pot pour l\u2019acquisition fonci\u00e8re. \u00ab\u00a0<i>Puisque cet h\u00f4pital dessert 19<\/i><i>\u00a0<\/i><i>communes, ces [derni\u00e8res] doivent s\u2019impliquer activement dans le projet, mais aussi dans son cofinancement<\/i><i>\u00a0<\/i><i>! Nous ne pouvons plus \u00eatre les seuls \u00e0 porter la charge financi\u00e8re d\u2019\u00e9quipements dont b\u00e9n\u00e9ficie l\u2019ensemble du bassin de vie<\/i>\u00a0\u00bb<i>, <\/i>avait alors d\u00e9clar\u00e9 Jean-Pierre Squillari, maire (DVG) d\u2019Aubagne.<\/p>\n<\/p><\/div>\n<div class=\"intext\"> Les maires en difficult\u00e9\n              <\/div>\n<div class=\"paragraph\">\n<p>D\u00e9but juillet, lors d\u2019une r\u00e9union sollicit\u00e9e par St\u00e9phanie Luquet, directrice et repr\u00e9sentante l\u00e9gale de l\u2019actuel centre hospitalier de la ville, une demande concr\u00e8te de participation avait \u00e9t\u00e9 formul\u00e9e aux 19\u00a0maires concern\u00e9s. Une perspective accueillie diversement selon les municipalit\u00e9s. Nombre d\u2019entre elles estimaient en effet ne pas \u00eatre en mesure de contribuer financi\u00e8rement, leurs budgets \u00e9tant d\u00e9j\u00e0 fortement contraints.<\/p>\n<p>C\u2019est finalement V\u00e9ronique Miquelly, maire (LR) d\u2019Auriol, qui a sollicit\u00e9 une r\u00e9union rassemblant la R\u00e9gion et les parties prenantes, craignant un abandon du projet. Ce qui a abouti, mercredi, \u00e0 l\u2019engagement d\u20191,5\u00a0million d\u2019euros de la R\u00e9gion. \u00ab\u00a0<i>Les maires sont d\u2019accord pour participer \u00e0 l\u2019achat du foncier. Le probl\u00e8me \u00e9tait l\u2019urgence. Pour Auriol, c\u2019\u00e9tait 360<\/i><i>\u00a0<\/i><i>000<\/i><i>\u00a0<\/i><i>euros \u00e0 trouver en quelques semaines. C\u2019est pour \u00e7a que j\u2019ai sollicit\u00e9 le pr\u00e9sident de R\u00e9gion<\/i><i>\u00a0<\/i>\u00bb, a-t-elle soulign\u00e9. L\u2019avance financi\u00e8re de la R\u00e9gion doit permettre aux communes d\u2019\u00e9taler leur participation.<\/p>\n<\/p><\/div>\n","protected":false},"excerpt":{"rendered":"Soulagement pour les d&eacute;fenseurs du projet du futur h&ocirc;pital &agrave; Aubagne. Il y a une dizaine de jours, l&rsquo;Agence r&eacute;gionale de sant&eacute; (ARS) Paca r&eacute;v&eacute;lait dans les colonnes de La&nbsp;Provence &#8230;","protected":false},"author":1,"featured_media":37851,"comment_status":"open","ping_status":"open","sticky":false,"template":"","format":"standard","meta":{"footnotes":""},"categories":[3926,3925,330,4307],"tags":[4191,1129,493,10,1086,513,148,163,1868,1501,3499,442,80,86,714,708,5429,1766],"news-destination":[3944],"news-source":[475],"is_homepage":[],"ta_other":[],"class_list":["post-37850","post","type-post","status-publish","format-standard","has-post-thumbnail","hentry","category-accueil-merge","category-accueil-third","category-politique","category-sante","tag-achat","tag-ars","tag-aubagne","tag-bouches-du-rhone","tag-centre-hospitalier","tag-communes","tag-conseil-municipal","tag-financement","tag-foncier","tag-hopital","tag-jean-pierre-squillari","tag-mairie","tag-paca","tag-region","tag-region-sud","tag-renaud-muselier","tag-veronique-miquelly","tag-yann-bubien","news-destination-homepage","news-source-website"],"_links":{"self":[{"href":"https:\/\/euapp01.newsmemory.com\/lamarseillaise\/news\/wp-json\/wp\/v2\/posts\/37850","targetHints":{"allow":["GET"]}}],"collection":[{"href":"https:\/\/euapp01.newsmemory.com\/lamarseillaise\/news\/wp-json\/wp\/v2\/posts"}],"about":[{"href":"https:\/\/euapp01.newsmemory.com\/lamarseillaise\/news\/wp-json\/wp\/v2\/types\/post"}],"author":[{"embeddable":true,"href":"https:\/\/euapp01.newsmemory.com\/lamarseillaise\/news\/wp-json\/wp\/v2\/users\/1"}],"replies":[{"embeddable":true,"href":"https:\/\/euapp01.newsmemory.com\/lamarseillaise\/news\/wp-json\/wp\/v2\/comments?post=37850"}],"version-history":[{"count":1,"href":"https:\/\/euapp01.newsmemory.com\/lamarseillaise\/news\/wp-json\/wp\/v2\/posts\/37850\/revisions"}],"predecessor-version":[{"id":37852,"href":"https:\/\/euapp01.newsmemory.com\/lamarseillaise\/news\/wp-json\/wp\/v2\/posts\/37850\/revisions\/37852"}],"wp:featuredmedia":[{"embeddable":true,"href":"https:\/\/euapp01.newsmemory.com\/lamarseillaise\/news\/wp-json\/wp\/v2\/media\/37851"}],"wp:attachment":[{"href":"https:\/\/euapp01.newsmemory.com\/lamarseillaise\/news\/wp-json\/wp\/v2\/media?parent=37850"}],"wp:term":[{"taxonomy":"category","embeddable":true,"href":"https:\/\/euapp01.newsmemory.com\/lamarseillaise\/news\/wp-json\/wp\/v2\/categories?post=37850"},{"taxonomy":"post_tag","embeddable":true,"href":"https:\/\/euapp01.newsmemory.com\/lamarseillaise\/news\/wp-json\/wp\/v2\/tags?post=37850"},{"taxonomy":"news-destination","embeddable":true,"href":"https:\/\/euapp01.newsmemory.com\/lamarseillaise\/news\/wp-json\/wp\/v2\/news-destination?post=37850"},{"taxonomy":"news-source","embeddable":true,"href":"https:\/\/euapp01.newsmemory.com\/lamarseillaise\/news\/wp-json\/wp\/v2\/news-source?post=37850"},{"taxonomy":"is_homepage","embeddable":true,"href":"https:\/\/euapp01.newsmemory.com\/lamarseillaise\/news\/wp-json\/wp\/v2\/is_homepage?post=37850"},{"taxonomy":"ta_other","embeddable":true,"href":"https:\/\/euapp01.newsmemory.com\/lamarseillaise\/news\/wp-json\/wp\/v2\/ta_other?post=37850"}],"curies":[{"name":"wp","href":"https:\/\/api.w.org\/{rel}","templated":true}]}}