{"id":37847,"date":"2026-07-30T07:01:00","date_gmt":"2026-07-30T05:01:00","guid":{"rendered":"https:\/\/euapp01.newsmemory.com\/lamarseillaise\/news\/?p=37847"},"modified":"2026-07-30T10:09:14","modified_gmt":"2026-07-30T08:09:14","slug":"la-privatisation-de-la-coupe-du-monde-ne-passe-pas","status":"publish","type":"post","link":"https:\/\/euapp01.newsmemory.com\/lamarseillaise\/news\/2026\/07\/30\/la-privatisation-de-la-coupe-du-monde-ne-passe-pas\/","title":{"rendered":"La privatisation de la Coupe du Monde ne passe pas"},"content":{"rendered":"<div class=\"paragraph\">\n<p>Toujours plus\u00a0! Le titre de l\u2019essai de Fran\u00e7ois de Closets, publi\u00e9 en 1982, est sans doute le livre de chevet de Gianni Infantino.<\/p>\n<p>Quelques jours apr\u00e8s une Coupe du Monde g\u00e2ch\u00e9e par de petits arrangements afin de satisfaire certains int\u00e9r\u00eats, notamment ceux de Donald Trump et ses proches, le patron de la Fifa ne trouve pas mieux que mettre sur la table la cr\u00e9ation d\u2019une soci\u00e9t\u00e9 charg\u00e9e de g\u00e9rer deux comp\u00e9titions\u00a0: la Coupe du Monde et la Coupe du Monde des clubs.<\/p>\n<p>Sous pr\u00e9texte de faire entrer plus de 10\u00a0milliards de dollars (890\u00a0millions d\u2019euros) dans les caisses de l\u2019instance, qui est cens\u00e9e \u00eatre une association \u00e0 but non lucratif, il s\u2019agit ni plus ni moins que d\u2019une privatisation partielle de la Fifa.<\/p>\n<p>Pour r\u00e9aliser ce projet de soci\u00e9t\u00e9 commerciale, l\u2019instance travaille avec la banque d\u2019affaires J.P. Morgan et le fonds d\u2019investissement Thrive Eternal, qui devrait prendre la t\u00eate du groupe d\u2019investisseurs potentiels. Ce fonds d\u2019investissement a \u00e9t\u00e9 cr\u00e9\u00e9 par Joshua Kushner, le fr\u00e8re de Jared, gendre de Donald Trump, actuel pr\u00e9sident des \u00c9tats-Unis.<\/p>\n<p>Le monde du football est unanime dans la d\u00e9nonciation. Notamment l\u2019UEFA, qui regroupe les f\u00e9d\u00e9rations europ\u00e9ennes. \u00ab\u00a0<i>\u00c7a franchit une ligne que les institutions gouvernant le football ne devraient jamais franchir<\/i><i>\u00a0<\/i>\u00bb, a-t-elle \u00e9crit.<\/p>\n<\/p><\/div>\n<div class=\"intext\"> UEFA : r\u00e9union de crise\n              <\/div>\n<div class=\"paragraph\">\n<p>\u00ab\u00a0<i>L\u2019\u00e2me et la gouvernance du football ne sont pas des capitaux sur lesquels faire de la sp\u00e9culation, surtout sans aucune transparence sur la destination des b\u00e9n\u00e9fices financiers. Aucun d\u2019entre nous n\u2019est le propri\u00e9taire du football. Ce n\u2019est pas \u00e0 la Fifa de le vendre<\/i><i>\u00a0<\/i>\u00bb, ajoute-t-elle. Avant d\u2019\u00e9voquer un boycott possible de la Coupe du Monde f\u00e9minine 2027. L\u2019UEFA avait fait reculer la Fifa en 2021, lors de son projet de Coupe du Monde tous les deux ans, avec d\u00e9j\u00e0 la menace du boycott. Une r\u00e9union d\u2019urgence de ses f\u00e9d\u00e9rations a \u00e9t\u00e9 d\u00e9cid\u00e9e par son pr\u00e9sident, Aleksander Ceferin.<\/p>\n<p>Du c\u00f4t\u00e9 des pays d\u2019Am\u00e9rique du nord et centrale, la Concacaf se dit \u00ab\u00a0<i>profond\u00e9ment pr\u00e9occup\u00e9e par le manque de processus d\u00fb. Nous partageons la d\u00e9ception de nombreux acteurs de notre r\u00e9gion et du football que ce niveau de d\u00e9tail ait \u00e9t\u00e9 con\u00e7u et partag\u00e9 publiquement avant toute discussion avec les organismes de gouvernance comp\u00e9tents et les parties prenantes<\/i><i>\u00a0<\/i>\u00bb.<\/p>\n<p>Les r\u00e9actions n\u00e9gatives ont \u00e9galement gagn\u00e9 la sph\u00e8re politique, Andy Burnham, le nouveau Premier ministre britannique, estimant que \u00ab\u00a0<i>le football n\u2019appartient pas aux investisseurs<\/i><i>\u00a0<\/i>\u00bb mais \u00e0 ceux \u00ab\u00a0<i>qui remplissent les tribunes et qui se tiennent au bord du terrain semaine apr\u00e8s semaine, qu\u2019il pleuve ou qu\u2019il fasse beau<\/i><i>\u00a0<\/i>\u00bb.<\/p>\n<p>C\u00f4t\u00e9 fran\u00e7ais, le pr\u00e9sident de la FFF Philippe Diallo, sur les ondes de France Inter, s\u2019est \u00e9tonn\u00e9 de l\u2019absence de communication. \u00ab<i>\u00a0<\/i><i>Nous avons d\u00e9couvert \u00e0 travers un communiqu\u00e9 de presse un projet tr\u00e8s important sur lequel nous n\u2019avons aucun d\u00e9tail et qui, par rapport \u00e0 son orientation soul\u00e8ve beaucoup d\u2019interrogations.<\/i><i>\u00a0<\/i>\u00bb<\/p>\n<\/p><\/div>\n","protected":false},"excerpt":{"rendered":"Toujours plus&nbsp;! Le titre de l&rsquo;essai de Fran&ccedil;ois de Closets, publi&eacute; en 1982, est sans doute le livre de chevet de Gianni Infantino. Quelques jours apr&egrave;s une Coupe du Monde g&acirc;ch&eacute;e par de petits arrangements &#8230;","protected":false},"author":1,"featured_media":37848,"comment_status":"open","ping_status":"open","sticky":false,"template":"","format":"standard","meta":{"footnotes":""},"categories":[7],"tags":[1097,5818,13,967],"news-destination":[],"news-source":[475],"is_homepage":[],"ta_other":[],"class_list":["post-37847","post","type-post","status-publish","format-standard","has-post-thumbnail","hentry","category-sports","tag-coupe-du-monde","tag-fifa","tag-football","tag-suisse","news-source-website"],"_links":{"self":[{"href":"https:\/\/euapp01.newsmemory.com\/lamarseillaise\/news\/wp-json\/wp\/v2\/posts\/37847","targetHints":{"allow":["GET"]}}],"collection":[{"href":"https:\/\/euapp01.newsmemory.com\/lamarseillaise\/news\/wp-json\/wp\/v2\/posts"}],"about":[{"href":"https:\/\/euapp01.newsmemory.com\/lamarseillaise\/news\/wp-json\/wp\/v2\/types\/post"}],"author":[{"embeddable":true,"href":"https:\/\/euapp01.newsmemory.com\/lamarseillaise\/news\/wp-json\/wp\/v2\/users\/1"}],"replies":[{"embeddable":true,"href":"https:\/\/euapp01.newsmemory.com\/lamarseillaise\/news\/wp-json\/wp\/v2\/comments?post=37847"}],"version-history":[{"count":1,"href":"https:\/\/euapp01.newsmemory.com\/lamarseillaise\/news\/wp-json\/wp\/v2\/posts\/37847\/revisions"}],"predecessor-version":[{"id":37849,"href":"https:\/\/euapp01.newsmemory.com\/lamarseillaise\/news\/wp-json\/wp\/v2\/posts\/37847\/revisions\/37849"}],"wp:featuredmedia":[{"embeddable":true,"href":"https:\/\/euapp01.newsmemory.com\/lamarseillaise\/news\/wp-json\/wp\/v2\/media\/37848"}],"wp:attachment":[{"href":"https:\/\/euapp01.newsmemory.com\/lamarseillaise\/news\/wp-json\/wp\/v2\/media?parent=37847"}],"wp:term":[{"taxonomy":"category","embeddable":true,"href":"https:\/\/euapp01.newsmemory.com\/lamarseillaise\/news\/wp-json\/wp\/v2\/categories?post=37847"},{"taxonomy":"post_tag","embeddable":true,"href":"https:\/\/euapp01.newsmemory.com\/lamarseillaise\/news\/wp-json\/wp\/v2\/tags?post=37847"},{"taxonomy":"news-destination","embeddable":true,"href":"https:\/\/euapp01.newsmemory.com\/lamarseillaise\/news\/wp-json\/wp\/v2\/news-destination?post=37847"},{"taxonomy":"news-source","embeddable":true,"href":"https:\/\/euapp01.newsmemory.com\/lamarseillaise\/news\/wp-json\/wp\/v2\/news-source?post=37847"},{"taxonomy":"is_homepage","embeddable":true,"href":"https:\/\/euapp01.newsmemory.com\/lamarseillaise\/news\/wp-json\/wp\/v2\/is_homepage?post=37847"},{"taxonomy":"ta_other","embeddable":true,"href":"https:\/\/euapp01.newsmemory.com\/lamarseillaise\/news\/wp-json\/wp\/v2\/ta_other?post=37847"}],"curies":[{"name":"wp","href":"https:\/\/api.w.org\/{rel}","templated":true}]}}