{"id":37841,"date":"2026-07-30T07:05:00","date_gmt":"2026-07-30T05:05:00","guid":{"rendered":"https:\/\/euapp01.newsmemory.com\/lamarseillaise\/news\/?p=37841"},"modified":"2026-08-04T09:40:35","modified_gmt":"2026-08-04T07:40:35","slug":"les-salaries-de-fibre-excellence-en-colere-apres-la-liquidation-de-lusine","status":"publish","type":"post","link":"https:\/\/euapp01.newsmemory.com\/lamarseillaise\/news\/2026\/07\/30\/les-salaries-de-fibre-excellence-en-colere-apres-la-liquidation-de-lusine\/","title":{"rendered":"Les salari\u00e9s de Fibre Excellence en col\u00e8re apr\u00e8s la liquidation de l\u2019usine"},"content":{"rendered":"<div class=\"paragraph\">\n<p>Apr\u00e8s plusieurs mois de lutte, le couperet est tomb\u00e9 pour les salari\u00e9s de Fibre Excellence \u00e0 Tarascon. Le tribunal de commerce de Toulouse a act\u00e9, mercredi, la liquidation judiciaire du site, \u00e9voquant une \u00ab\u00a0<i>situation irr\u00e9m\u00e9diablement compromise, sans perspectives de redressement<\/i>\u00a0\u00bb, avec un \u00ab\u00a0<i>passif<\/i> [ensemble des dettes et obligations financi\u00e8res d\u2019une entreprise envers des tiers, Ndlr] <i>de 105<\/i><i>\u00a0<\/i><i>millions d\u2019euros<\/i>\u00a0\u00bb. Pr\u00e8s de 270\u00a0emplois directs, ainsi qu\u2019une centaine de postes d\u2019int\u00e9rimaires et de sous-traitants, sont concern\u00e9s par cette d\u00e9cision. Depuis jeudi, le site de l\u2019usine est occup\u00e9 par plusieurs syndicalistes de la Filpac-CGT, d\u00e9termin\u00e9s \u00e0 inscrire leur combat \u00ab\u00a0<i>dans la dur\u00e9e<\/i>\u00a0\u00bb.<\/p>\n<p>La d\u00e9cision, malgr\u00e9 la mobilisation des \u00e9lus locaux, \u00e9tait attendue depuis lundi, date \u00e0 laquelle le tribunal a rejet\u00e9 l\u2019offre de reprise port\u00e9e par le banquier d\u2019affaires Matthieu Pigasse avec un soutien des R\u00e9gions Occitanie et Provence-Alpes-C\u00f4te d\u2019Azur., les \u00ab\u00a0<i>conditions suspensives n\u2019ayant pas \u00e9t\u00e9 lev\u00e9es<\/i><i>\u00a0<\/i>\u00bb. La proposition du financier \u00e9tait en effet subordonn\u00e9e \u00e0 plusieurs engagements de l\u2019\u00c9tat. Parmi eux, un rachat \u00e0 un tarif plus avantageux de l\u2019\u00e9lectricit\u00e9 produite par les turbines et la r\u00e9int\u00e9gration du fabricant dans le syst\u00e8me europ\u00e9en des quotas carbone.<\/p>\n<p>Des exigences auxquelles le gouvernement n\u2019a pas donn\u00e9 suite, comme le laissaient entendre les d\u00e9clarations de Roland Lescure, ministre de l\u2019\u00c9conomie, qui affirmait, le 21\u00a0juillet \u00e0 l\u2019Assembl\u00e9e nationale, que \u00ab\u00a0<i>l\u2019offre n\u2019\u00e9tait pas au niveau<\/i>\u00a0\u00bb. De quoi mettre en col\u00e8re la CGT qui, d\u00e8s mardi, d\u00e9non\u00e7ait dans un communiqu\u00e9 \u00ab\u00a0<i>une lourde responsabilit\u00e9 politique incontournable<\/i><i>\u00a0<\/i><i>: celle d\u2019un \u00c9tat qui refuse d\u2019assumer son r\u00f4le de strat\u00e8ge industriel alors m\u00eame qu\u2019une solution de reprise existe<\/i>\u00a0\u00bb.<\/p>\n<p>Lundi, un industriel avait manifest\u00e9 \u00e0 la derni\u00e8re minute son int\u00e9r\u00eat pour le site de Saint-Gaudens (Haute-Garonne), o\u00f9 travaillent \u00e9galement 270\u00a0salari\u00e9s. Le tribunal lui avait laiss\u00e9 jusqu\u2019\u00e0 mercredi pour effectuer un versement de deux millions d\u2019euros, condition pour obtenir un nouveau d\u00e9lai afin de formuler une offre de reprise en bonne et due forme. Cette seconde d\u00e9cision n\u2019a pas \u00e9t\u00e9 rendue mercredi matin et pourrait l\u2019\u00eatre ce jeudi.<\/p>\n<\/p><\/div>\n<div class=\"intext\"> \u00ab\u00a0\u00c7a recommence\u00a0\u00bb\n              <\/div>\n<div class=\"paragraph\">\n<p>\u00c0 Tarascon, l\u2019annonce a \u00e9t\u00e9 accueillie avec col\u00e8re et r\u00e9signation. Mercredi matin, une cinquantaine de salari\u00e9s se sont r\u00e9unis devant les grilles de l\u2019\u00e9tablissement avant la d\u00e9cision de \u00ab\u00a0<i>la derni\u00e8re chance<\/i>\u00a0\u00bb.<\/p>\n<p>Sous une casquette bleue, Hubert Costa, 46\u00a0ans, employ\u00e9 du site depuis deux ans, verse des larmes\u00a0: l\u2019ouvrier vit son deuxi\u00e8me plan social en peu de temps apr\u00e8s avoir d\u00fb quitter une autre usine \u00e0 papier pr\u00e8s d\u2019Avignon\u00a0: \u00ab\u00a0<i>Quand je suis arriv\u00e9 ici, on nous annon\u00e7ait des investissements, des projets. Je pensais retrouver une entreprise solide. Et l\u00e0, \u00e7a recommence.<\/i>\u00a0\u00bb P\u00e8re de trois enfants, il s\u2019inqui\u00e8te d\u00e9sormais de l\u2019avenir. \u00ab\u00a0<i>Quand on n\u2019a pas de dipl\u00f4me, les usines sont parmi les seuls emplois qui permettent encore de vivre correctement.<\/i>\u00a0\u00bb<\/p>\n<p>Pour lui, la fermeture d\u00e9passe le sort des seuls salari\u00e9s\u00a0: \u00ab\u00a0<i>C\u2019est quand m\u00eame important la souverainet\u00e9 industrielle. Pendant le Covid, pour tout ce qui \u00e9tait produit en France, t\u2019\u00e9tais un dieu. Aujourd\u2019hui, quand on \u00e9coute les informations, on n\u2019entend parler que de fermetures<\/i>\u00a0\u00bb.<\/p>\n<p>M\u00eame amertume chez Fr\u00e9d\u00e9ric Sanchez, d\u00e9l\u00e9gu\u00e9 syndical CFDT. \u00ab\u00a0<i>Bien s\u00fbr que c\u2019est une trahison<\/i>, lance-t-il. <i>On va faire venir de la p\u00e2te du Br\u00e9sil ou de Chine alors qu\u2019on a les capacit\u00e9s pour la produire ici. \u00c9conomiquement, c\u2019est aberrant.<\/i>\u00a0\u00bb Il souligne aussi les difficult\u00e9s de reclassement dans la r\u00e9gion\u00a0: \u00ab\u00a0<i>Pour retrouver de l\u2019industrie lourde, il faut aller vers le bassin de Fos-sur-Mer. Ici, les entreprises du secteur recrutent peu<\/i>\u00a0\u00bb.<\/p>\n<p>Plac\u00e9e en redressement judiciaire fin avril, Fibre Excellence a d\u00e9j\u00e0 cess\u00e9 toute activit\u00e9 sur ses deux sites de Tarascon et Saint-Gaudens. Son actionnaire indon\u00e9sien, le milliardaire Jackson Wijaya, qui affirme avoir inject\u00e9 pr\u00e8s de 300\u00a0millions d\u2019euros dans le groupe, avait d\u00e9cid\u00e9 au printemps de ne pas poursuivre son soutien financier, invoquant l\u2019absence de rentabilit\u00e9.<\/p>\n<p>Amers, les salari\u00e9s rappellent que la d\u00e9pollution du site est estim\u00e9e \u00e0 plusieurs dizaines de millions d\u2019euros, beaucoup plus, selon eux, que le soutien n\u00e9cessaire \u00e0 la poursuite d\u2019activit\u00e9.<\/p>\n<\/p><\/div>\n<div class=\"paragraph\">\n<p><b>R\u00c9ACTIONS<\/b><\/p>\n<p><b>S\u00e9bastien Martin, <\/b><i><b>ministre d\u00e9l\u00e9gu\u00e9 charg\u00e9 de l\u2019Industrie<\/b><\/i><\/p>\n<p>\u00ab Mes premi\u00e8res pens\u00e9es vont aux salari\u00e9s qui ont travaill\u00e9 pendant des ann\u00e9es sur ce site et qui vivent aujourd\u2019hui un moment d\u2019une grande incertitude, tout comme leurs familles. Notre priorit\u00e9 est d\u00e9sormais d\u2019\u00eatre aux c\u00f4t\u00e9s des salari\u00e9s concern\u00e9s et de les accompagner concr\u00e8tement dans cette p\u00e9riode difficile. Une prestation \u201cgrands licenciements\u201d sera mise en place afin de proposer \u00e0 chaque salari\u00e9 un accompagnement renforc\u00e9 et un suivi individualis\u00e9 pour faciliter son retour \u00e0 l\u2019emploi et sa reconversion. L\u2019\u00e9tat va aussi collaborer \u00e9troitement avec les \u00e9lus locaux et les acteurs du territoire pour pr\u00e9parer l\u2019avenir du site, engager sa reconversion et favoriser l\u2019\u00e9mergence de nouvelles activit\u00e9s industrielles. \u00bb<\/p>\n<p><b>Syndical CGT, <\/b><i><b>national<\/b><\/i><\/p>\n<p>\u00ab La CGT soutiendra pleinement les mobilisations d\u00e9cid\u00e9es par les salari\u00e9s. Nous ne laisserons pas d\u00e9manteler un outil industriel strat\u00e9gique et fonctionnel construit par des g\u00e9n\u00e9rations de travailleurs pour qu\u2019il finisse \u00e0 la ferraille \u00bb, a d\u00e9clar\u00e9 d\u00e8s mardi la centrale syndicale.<\/p>\n<p><b>Conseil r\u00e9gional Paca<\/b><\/p>\n<p>\u00ab Au-del\u00e0 des 270 emplois directement concern\u00e9s, cette liquidation menace toute une fili\u00e8re \u00e9conomique (&#8230;). \u00bb Aussi, \u00ab la R\u00e9gion Sud demande la tenue en urgence d\u2019une r\u00e9union avec l\u2019ensemble des acteurs concern\u00e9s pour mesurer l\u2019impact de cette liquidation et examiner toutes les solutions susceptibles de pr\u00e9server une activit\u00e9 industrielle \u00e0 Tarascon et assurer la p\u00e9rennit\u00e9 de la fili\u00e8re bois. \u00bb<\/p>\n<p><b>St\u00e9phane Paglia, <\/b><i><b>pr\u00e9sident de la CCI d\u2019Arles<\/b><\/i><\/p>\n<p>\u00ab C\u2019est un choc pour le pays d\u2019Arles. Sinc\u00e8res pens\u00e9es pour les 275 salari\u00e9s et leurs familles mais aussi pour les nombreuses entreprises du territoire qui seront directement ou indirectement touch\u00e9es. Cette d\u00e9cision aura des cons\u00e9quences bien au-del\u00e0 du seul site industriel. Elle affecte tout un \u00e9cosyst\u00e8me \u00e9conomique et humain auquel beaucoup d\u2019entre nous sommes attach\u00e9s. \u00bb<\/p>\n<p><b>J\u00e9r\u00e9my Bacchi, <\/b><i><b>s\u00e9nateur (PCF) des Bouches-du-Rh\u00f4ne<\/b><\/i><\/p>\n<p>\u00ab L\u2019\u00e9tat n\u2019a pas pris ses responsabilit\u00e9s ! Son inaction condamne notre souverainet\u00e9 industrielle. Soutien total aux salari\u00e9s et \u00e0 leurs familles. \u00bb<\/p>\n<p><b>La France Insoumise, <\/b><i><b>Bouches-du-Rh\u00f4ne<\/b><\/i><\/p>\n<p>\u00ab C\u2019est un scandale industriel et social. C\u2019est un savoir-faire strat\u00e9gique qui est sacrifi\u00e9 sur l\u2019autel des logiques financi\u00e8res. (&#8230;) Nous exigeons le maintien de tous les emplois de Fibre Excellence. \u00bb<\/p>\n<\/p><\/div>\n","protected":false},"excerpt":{"rendered":"Apr&egrave;s plusieurs mois de lutte, le couperet est tomb&eacute; pour les salari&eacute;s de Fibre Excellence &agrave; Tarascon. Le tribunal de commerce de Toulouse a act&eacute;, mercredi, la liquidation judiciaire du site, &eacute;voquant une &#8230;","protected":false},"author":1,"featured_media":37842,"comment_status":"open","ping_status":"open","sticky":false,"template":"","format":"standard","meta":{"footnotes":""},"categories":[3926,3925,338,331],"tags":[10,2506,237,113,1026,697,753,4279,913,624,5891,134,4281,873,714,962,364,1740,244],"news-destination":[3944],"news-source":[475],"is_homepage":[],"ta_other":[],"class_list":["post-37841","post","type-post","status-publish","format-standard","has-post-thumbnail","hentry","category-accueil-merge","category-accueil-third","category-economie","category-social","tag-bouches-du-rhone","tag-carbone","tag-cfdt","tag-cgt","tag-electricite","tag-elus","tag-emplois","tag-fibre-excellence","tag-finances","tag-industrie","tag-matthieu-pigasse","tag-mobilisation","tag-pate-a-papier","tag-region-occitanie","tag-region-sud","tag-salaries","tag-syndicats","tag-tarascon","tag-tribunal-de-commerce","news-destination-homepage","news-source-website"],"_links":{"self":[{"href":"https:\/\/euapp01.newsmemory.com\/lamarseillaise\/news\/wp-json\/wp\/v2\/posts\/37841","targetHints":{"allow":["GET"]}}],"collection":[{"href":"https:\/\/euapp01.newsmemory.com\/lamarseillaise\/news\/wp-json\/wp\/v2\/posts"}],"about":[{"href":"https:\/\/euapp01.newsmemory.com\/lamarseillaise\/news\/wp-json\/wp\/v2\/types\/post"}],"author":[{"embeddable":true,"href":"https:\/\/euapp01.newsmemory.com\/lamarseillaise\/news\/wp-json\/wp\/v2\/users\/1"}],"replies":[{"embeddable":true,"href":"https:\/\/euapp01.newsmemory.com\/lamarseillaise\/news\/wp-json\/wp\/v2\/comments?post=37841"}],"version-history":[{"count":1,"href":"https:\/\/euapp01.newsmemory.com\/lamarseillaise\/news\/wp-json\/wp\/v2\/posts\/37841\/revisions"}],"predecessor-version":[{"id":37843,"href":"https:\/\/euapp01.newsmemory.com\/lamarseillaise\/news\/wp-json\/wp\/v2\/posts\/37841\/revisions\/37843"}],"wp:featuredmedia":[{"embeddable":true,"href":"https:\/\/euapp01.newsmemory.com\/lamarseillaise\/news\/wp-json\/wp\/v2\/media\/37842"}],"wp:attachment":[{"href":"https:\/\/euapp01.newsmemory.com\/lamarseillaise\/news\/wp-json\/wp\/v2\/media?parent=37841"}],"wp:term":[{"taxonomy":"category","embeddable":true,"href":"https:\/\/euapp01.newsmemory.com\/lamarseillaise\/news\/wp-json\/wp\/v2\/categories?post=37841"},{"taxonomy":"post_tag","embeddable":true,"href":"https:\/\/euapp01.newsmemory.com\/lamarseillaise\/news\/wp-json\/wp\/v2\/tags?post=37841"},{"taxonomy":"news-destination","embeddable":true,"href":"https:\/\/euapp01.newsmemory.com\/lamarseillaise\/news\/wp-json\/wp\/v2\/news-destination?post=37841"},{"taxonomy":"news-source","embeddable":true,"href":"https:\/\/euapp01.newsmemory.com\/lamarseillaise\/news\/wp-json\/wp\/v2\/news-source?post=37841"},{"taxonomy":"is_homepage","embeddable":true,"href":"https:\/\/euapp01.newsmemory.com\/lamarseillaise\/news\/wp-json\/wp\/v2\/is_homepage?post=37841"},{"taxonomy":"ta_other","embeddable":true,"href":"https:\/\/euapp01.newsmemory.com\/lamarseillaise\/news\/wp-json\/wp\/v2\/ta_other?post=37841"}],"curies":[{"name":"wp","href":"https:\/\/api.w.org\/{rel}","templated":true}]}}