{"id":37838,"date":"2026-07-30T08:38:00","date_gmt":"2026-07-30T06:38:00","guid":{"rendered":"https:\/\/euapp01.newsmemory.com\/lamarseillaise\/news\/?p=37838"},"modified":"2026-08-05T07:33:47","modified_gmt":"2026-08-05T05:33:47","slug":"a-barjols-le-soutien-determinant-des-agriculteurs-dans-la-lutte-contre-lincendie","status":"publish","type":"post","link":"https:\/\/euapp01.newsmemory.com\/lamarseillaise\/news\/2026\/07\/30\/a-barjols-le-soutien-determinant-des-agriculteurs-dans-la-lutte-contre-lincendie\/","title":{"rendered":"\u00c0 Barjols, le soutien d\u00e9terminant des agriculteurs dans la lutte contre l\u2019incendie"},"content":{"rendered":"<div class=\"paragraph\">\n<p>Assis \u00e0 l\u2019ombre des oliviers, pr\u00e8s d\u2019une parcelle agricole situ\u00e9e sur les hauteurs de Barjols, qui sert de point de ravitaillement en eau pour les sapeurs-pompiers engag\u00e9s dans la lutte contre l\u2019incendie qui a ravag\u00e9 4\u00a0500\u00a0hectares dans le massif du Gros-Bessillon, Lionel, Sylvain, Tom et une poign\u00e9e d\u2019autres agriculteurs de Barjols et ses environs prennent cinq minutes de repos. Depuis neuf jours, ce n\u2019est pas le travail aux champs qui les fait transpirer, mais celui d\u2019appui aux 870\u00a0sapeurs-pompiers encore pr\u00e9sents sur le terrain, mercredi. S<a rel=\"noopener noreferrer\" href=\"https:\/\/www.lamarseillaise.fr\/societe\/des-feux-fixes-mais-l-inquietude-demeure-avec-la-canicule-BD20547006\" target=\"_blank\">i le feu est fix\u00e9 depuis mardi soir,<\/a> le combat est encore loin d\u2019\u00eatre gagn\u00e9 face \u00e0 des r\u00e9activations possibles sur certains secteurs, comme ce fut le cas ce jour.<\/p>\n<p>\u00ab\u00a0<i>Heureusement qu\u2019ils sont l\u00e0<\/i>\u00a0\u00bb, reconna\u00eet l\u2019adjudant-chef Gilles du Sdis 83. Lionel, trufficulteur \u00e0 la retraite, et sa gouaille proven\u00e7ale ne le contrediront pas\u00a0: \u00ab\u00a0<i>S\u2019il n\u2019y a pas les agriculteurs, tout br\u00fble.<\/i>\u00a0\u00bb Ces derniers ne m\u00e9nagent pas leurs efforts. Chaque jour, de 7h \u00e0 minuit, ils vont, au moyen de leurs engins agricoles et de leurs citernes, puiser des milliers de litres d\u2019eau o\u00f9 ils le peuvent (bornes incendies, canal de Provence, rivi\u00e8res de l\u2019Eau Sal\u00e9e, du Fauvery, de l\u2019Argens&#8230;) afin d\u2019alimenter les v\u00e9hicules de lutte anti-incendie. \u00ab\u00a0<i>C\u2019est inquantifiable, mais sur les jours les plus forts, on a constitu\u00e9 des r\u00e9serves de 60<\/i><i>\u00a0<\/i><i>000<\/i><i>\u00a0<\/i><i>\u00e0 70<\/i><i>\u00a0<\/i><i>000<\/i><i>\u00a0<\/i><i>litres<\/i>\u00a0\u00bb, estime Sylvain, viticulteur dans les environs. Et personne ne compte ses heures, \u00e0 tel point qu\u2019Hugo, qui dirige les op\u00e9rations, n\u2019a pas le temps de couper pour r\u00e9pondre \u00e0 nos questions. \u00ab\u00a0<i>On est une cinquantaine chaque jour, <a rel=\"noopener noreferrer\" href=\"https:\/\/www.lamarseillaise.fr\/societe\/l-incendie-progresse-dans-le-gros-bessillon-4500-hectares-ravages-EE20538387\" target=\"_blank\">dimanche on \u00e9tait entre 100 et 150<\/a><\/i><i>\u00a0<\/i>\u00bb, affirme Sylvain.<\/p>\n<\/p><\/div>\n<div class=\"intext\"> \u00ab\u00a0On sauve nos terres pour continuer \u00e0 travailler\u00a0\u00bb\n              <\/div>\n<div class=\"paragraph\">\n<p>Les camions des sapeurs-pompiers se branchent directement sur les citernes, soit pour s\u2019alimenter avant de se rendre sur le terrain, soit pour remplir des piscines qui servent de r\u00e9servoir pour les h\u00e9licopt\u00e8res bombardiers d\u2019eau. Deux sont dispos\u00e9es dans le secteur, en plus des piscines des particuliers r\u00e9quisitionn\u00e9es, et de r\u00e9servoirs de fortune r\u00e9alis\u00e9s avec des bennes agricoles. \u00ab\u00a0<i>On a aussi tout labour\u00e9 en lisi\u00e8re pour \u00e9viter que le feu ne s\u2019\u00e9tende<\/i><i>\u00a0<\/i>\u00bb, ajoute Lionel.<\/p>\n<p>\u00ab\u00a0<i>On sauve nos terres pour pouvoir continuer \u00e0 travailler<\/i>, <i>au d\u00e9triment de nos exploitations<\/i>\u00a0\u00bb, r\u00e9sume Sylvain, dont les vignes ont \u00e9t\u00e9 \u00e9pargn\u00e9es par le feu, mais risquent de subir les cons\u00e9quences des fum\u00e9es avec des fruits au go\u00fbt alt\u00e9r\u00e9. Ses confr\u00e8res et lui n\u2019ont pas le choix et pointent am\u00e8rement <a rel=\"noopener noreferrer\" href=\"https:\/\/www.lamarseillaise.fr\/social\/la-france-brule-les-moyens-manquent-FD20546672\" target=\"_blank\">le manque de moyens dont disposent les sapeurs-pompiers<\/a>\u00a0: \u00ab\u00a0<i>C\u2019est une honte que le feu soit arriv\u00e9 jusqu\u2019ici, qu\u2019il ait fait le tour du massif<\/i>\u00a0\u00bb, d\u00e9nonce Tom. \u00ab\u00a0<i>Ils font ce qu\u2019ils peuvent, mais \u00e7a refl\u00e8te ce qu\u2019il se passe en France. On a 12<\/i><i>\u00a0<\/i><i>canadairs, mais que 5<\/i><i>\u00a0<\/i><i>op\u00e9rationnels<\/i>\u00a0\u00bb, abonde Lionel.<\/p>\n<p>Autour d\u2019eux, la solidarit\u00e9 s\u2019organise, avec des villageois qui viennent, eux aussi, donner un coup de main, en pr\u00e9parant des repas, par exemple. L\u2019\u00e9lan d\u00e9passe les fronti\u00e8res du village, \u00e0 l\u2019image de Julien, dirigeant de trois entreprises \u00e0 Rians, qui a r\u00e9pondu \u00e0 un appel aux b\u00e9n\u00e9voles lanc\u00e9 sur les r\u00e9seaux sociaux. \u00ab\u00a0<i>J\u2019ai mis mon activit\u00e9 en sommeil pour venir en aide aux pompiers<\/i>\u00a0\u00bb, explique-t-il. Dot\u00e9 de cuves d\u2019une capacit\u00e9 totale de 9\u00a0000 litres, il effectue jusqu\u2019\u00e0 trois rotations par jour pour participer au ravitaillement en eau. \u00ab\u00a0<i>J\u2019ai une maison dans les bois, si demain \u00e7a m\u2019arrivait, \u00e7a me ferait plaisir d\u2019avoir autant de monde pour aider \u00e0 stopper l\u2019incendie. Les pompiers manquent de moyens. On fait comme on peut \u00e0 notre \u00e9chelle.<\/i>\u00a0\u00bb Derri\u00e8re les h\u00e9ros aux camions rouges, il y a ceux aux tracteurs et aux citernes.<\/p>\n<\/p><\/div>\n<div class=\"paragraph\">\n<p><b>Nouvel incendie \u00e0 Brignoles<\/b><\/p>\n<p>Un incendie s\u2019est d\u00e9clar\u00e9 mercredi, vers 17h, \u00e0 Brignoles, pr\u00e8s de la RD12. La pr\u00e9fecture du Var indiquait, \u00e0 20h, que 250 pompiers, 85 engins, 3 Canadair, 7 h\u00e9licopt\u00e8res bombardiers d\u2019eau, ainsi que 2 avions Dash \u00e9taient mobilis\u00e9s. Le stade du Vabre accueille un poste de commandement. Des messages ont \u00e9t\u00e9 envoy\u00e9s pour \u00e9vacuer les quartiers de P\u00e9licon, Tombarel, Les Jauss\u00e9rannes, Sainte-Barbe, Les Agasses et Les Petits Ubacs. La commune a mis en place un point de regroupement au Hall des expositions. La RN7 et la RD12 ont \u00e9t\u00e9 ferm\u00e9es.<\/p>\n<\/p><\/div>\n","protected":false},"excerpt":{"rendered":"Assis &agrave; l&rsquo;ombre des oliviers, pr&egrave;s d&rsquo;une parcelle agricole situ&eacute;e sur les hauteurs de Barjols, qui sert de point de ravitaillement en eau pour les sapeurs-pompiers engag&eacute;s dans la lutte contre l&rsquo;incendie &#8230;","protected":false},"author":1,"featured_media":37839,"comment_status":"open","ping_status":"open","sticky":false,"template":"","format":"standard","meta":{"footnotes":""},"categories":[3926,3925,20],"tags":[2311,450,3075,183,1901,6178,316,1673,4015,319,1396,379,1674,6003,260,393,31,1183],"news-destination":[3944],"news-source":[475],"is_homepage":[],"ta_other":[],"class_list":["post-37838","post","type-post","status-publish","format-standard","has-post-thumbnail","hentry","category-accueil-merge","category-accueil-third","category-societe","tag-agricole","tag-agriculteurs","tag-barjols","tag-benevoles","tag-camions","tag-cuves","tag-feu-de-foret","tag-feux","tag-feux-de-foret","tag-incendie","tag-incendies","tag-particuliers","tag-sapeurs-pompiers","tag-sdis-83","tag-solidarite","tag-soutien","tag-var","tag-vehicules","news-destination-homepage","news-source-website"],"_links":{"self":[{"href":"https:\/\/euapp01.newsmemory.com\/lamarseillaise\/news\/wp-json\/wp\/v2\/posts\/37838","targetHints":{"allow":["GET"]}}],"collection":[{"href":"https:\/\/euapp01.newsmemory.com\/lamarseillaise\/news\/wp-json\/wp\/v2\/posts"}],"about":[{"href":"https:\/\/euapp01.newsmemory.com\/lamarseillaise\/news\/wp-json\/wp\/v2\/types\/post"}],"author":[{"embeddable":true,"href":"https:\/\/euapp01.newsmemory.com\/lamarseillaise\/news\/wp-json\/wp\/v2\/users\/1"}],"replies":[{"embeddable":true,"href":"https:\/\/euapp01.newsmemory.com\/lamarseillaise\/news\/wp-json\/wp\/v2\/comments?post=37838"}],"version-history":[{"count":2,"href":"https:\/\/euapp01.newsmemory.com\/lamarseillaise\/news\/wp-json\/wp\/v2\/posts\/37838\/revisions"}],"predecessor-version":[{"id":37883,"href":"https:\/\/euapp01.newsmemory.com\/lamarseillaise\/news\/wp-json\/wp\/v2\/posts\/37838\/revisions\/37883"}],"wp:featuredmedia":[{"embeddable":true,"href":"https:\/\/euapp01.newsmemory.com\/lamarseillaise\/news\/wp-json\/wp\/v2\/media\/37839"}],"wp:attachment":[{"href":"https:\/\/euapp01.newsmemory.com\/lamarseillaise\/news\/wp-json\/wp\/v2\/media?parent=37838"}],"wp:term":[{"taxonomy":"category","embeddable":true,"href":"https:\/\/euapp01.newsmemory.com\/lamarseillaise\/news\/wp-json\/wp\/v2\/categories?post=37838"},{"taxonomy":"post_tag","embeddable":true,"href":"https:\/\/euapp01.newsmemory.com\/lamarseillaise\/news\/wp-json\/wp\/v2\/tags?post=37838"},{"taxonomy":"news-destination","embeddable":true,"href":"https:\/\/euapp01.newsmemory.com\/lamarseillaise\/news\/wp-json\/wp\/v2\/news-destination?post=37838"},{"taxonomy":"news-source","embeddable":true,"href":"https:\/\/euapp01.newsmemory.com\/lamarseillaise\/news\/wp-json\/wp\/v2\/news-source?post=37838"},{"taxonomy":"is_homepage","embeddable":true,"href":"https:\/\/euapp01.newsmemory.com\/lamarseillaise\/news\/wp-json\/wp\/v2\/is_homepage?post=37838"},{"taxonomy":"ta_other","embeddable":true,"href":"https:\/\/euapp01.newsmemory.com\/lamarseillaise\/news\/wp-json\/wp\/v2\/ta_other?post=37838"}],"curies":[{"name":"wp","href":"https:\/\/api.w.org\/{rel}","templated":true}]}}