{"id":37832,"date":"2026-07-30T06:37:00","date_gmt":"2026-07-30T04:37:00","guid":{"rendered":"https:\/\/euapp01.newsmemory.com\/lamarseillaise\/news\/?p=37832"},"modified":"2026-07-30T10:09:14","modified_gmt":"2026-07-30T08:09:14","slug":"avant-lincendie","status":"publish","type":"post","link":"https:\/\/euapp01.newsmemory.com\/lamarseillaise\/news\/2026\/07\/30\/avant-lincendie\/","title":{"rendered":"Avant l\u2019incendie&#8230;"},"content":{"rendered":"<div class=\"paragraph\">\n<p>Tandis que la macronie n\u2019assume pas son impr\u00e9paration, ses comptes d\u2019apothicaires pour l\u2019achat de canadairs et globalement son d\u00e9ni, il est des r\u00e9gions qui n\u2019ont jamais baiss\u00e9 la garde en mati\u00e8re de pr\u00e9vention du risque incendie. Il est vrai que dans le Sud-Est, il y a eu un avant et un apr\u00e8s 1989. Du 28 au 31\u00a0ao\u00fbt de cette ann\u00e9e-l\u00e0, la Sainte Victoire br\u00fble. 60% du site est ravag\u00e9. La r\u00e9silience fut au rendez-vous\u00a0: plantations nouvelles, pistes DFCI (d\u00e9fense de la for\u00eat contre l\u2019incendie) surveillance et moyens accrus. Le tout essentiellement financ\u00e9 par les collectivit\u00e9s locales. Gr\u00e2ce aux services publics locaux, notamment les Services d\u00e9partementaux d\u2019incendie et de secours, les Sdis, nos massifs r\u00e9gionaux sont sous surveillance. S\u2019y ajoute le dispositif de la garde foresti\u00e8re r\u00e9gionale qui n\u2019emploie pas moins de 250\u00a0vigies.<\/p>\n<p><b>La sant\u00e9 de nos for\u00eats <\/b><\/p>\n<p>Le contraste est saisissant avec le sort r\u00e9serv\u00e9 \u00e0 l\u2019Office national des for\u00eats, l\u2019ONF, affaiblie \u00e0 force de diminution de ses effectifs au nom de la r\u00e9duction des d\u00e9ficits. Or, ces forestiers nationaux sont indispensables pour le maintien de la bonne sant\u00e9 de nos for\u00eats qui, rappelons-le, repr\u00e9sentent un tiers du territoire m\u00e9tropolitain.<\/p>\n<p>Des le\u00e7ons sont \u00e0 tirer d\u2019ores et d\u00e9j\u00e0 des ravages des feux dantesques, en Gironde notamment. La pr\u00e9vention doit \u00eatre un des piliers de la lutte contre le risque incendie. Le gouvernement a fait savoir mercredi qu\u2019il souhaite la cr\u00e9ation d\u2019une \u00ab\u00a0fili\u00e8re\u00a0\u00bb des industriels \u00ab\u00a0de lutte contre les incendies\u00a0\u00bb. Pourquoi pas. Mais il ne s\u2019agit pas de se payer de mots. Il y a 37\u00a0ans que<br \/>des solutions ont \u00e9t\u00e9 apport\u00e9es dans le Sud\u00a0!<\/p>\n<\/p><\/div>\n","protected":false},"excerpt":{"rendered":"Tandis que la macronie n&rsquo;assume pas son impr&eacute;paration, ses comptes d&rsquo;apothicaires pour l&rsquo;achat de canadairs et globalement son d&eacute;ni, il est des r&eacute;gions qui n&rsquo;ont jamais baiss&eacute; la garde en &#8230;","protected":false},"author":1,"featured_media":37833,"comment_status":"open","ping_status":"open","sticky":false,"template":"","format":"standard","meta":{"footnotes":""},"categories":[332],"tags":[1372,1673,4015,528,1396,1188,3584,431,222,5879],"news-destination":[],"news-source":[475],"is_homepage":[],"ta_other":[],"class_list":["post-37832","post","type-post","status-publish","format-standard","has-post-thumbnail","hentry","category-edito","tag-editoriaux","tag-feux","tag-feux-de-foret","tag-gouvernement","tag-incendies","tag-moyens","tag-onf","tag-prevention","tag-region-sud-paca","tag-sdis","news-source-website"],"_links":{"self":[{"href":"https:\/\/euapp01.newsmemory.com\/lamarseillaise\/news\/wp-json\/wp\/v2\/posts\/37832","targetHints":{"allow":["GET"]}}],"collection":[{"href":"https:\/\/euapp01.newsmemory.com\/lamarseillaise\/news\/wp-json\/wp\/v2\/posts"}],"about":[{"href":"https:\/\/euapp01.newsmemory.com\/lamarseillaise\/news\/wp-json\/wp\/v2\/types\/post"}],"author":[{"embeddable":true,"href":"https:\/\/euapp01.newsmemory.com\/lamarseillaise\/news\/wp-json\/wp\/v2\/users\/1"}],"replies":[{"embeddable":true,"href":"https:\/\/euapp01.newsmemory.com\/lamarseillaise\/news\/wp-json\/wp\/v2\/comments?post=37832"}],"version-history":[{"count":1,"href":"https:\/\/euapp01.newsmemory.com\/lamarseillaise\/news\/wp-json\/wp\/v2\/posts\/37832\/revisions"}],"predecessor-version":[{"id":37834,"href":"https:\/\/euapp01.newsmemory.com\/lamarseillaise\/news\/wp-json\/wp\/v2\/posts\/37832\/revisions\/37834"}],"wp:featuredmedia":[{"embeddable":true,"href":"https:\/\/euapp01.newsmemory.com\/lamarseillaise\/news\/wp-json\/wp\/v2\/media\/37833"}],"wp:attachment":[{"href":"https:\/\/euapp01.newsmemory.com\/lamarseillaise\/news\/wp-json\/wp\/v2\/media?parent=37832"}],"wp:term":[{"taxonomy":"category","embeddable":true,"href":"https:\/\/euapp01.newsmemory.com\/lamarseillaise\/news\/wp-json\/wp\/v2\/categories?post=37832"},{"taxonomy":"post_tag","embeddable":true,"href":"https:\/\/euapp01.newsmemory.com\/lamarseillaise\/news\/wp-json\/wp\/v2\/tags?post=37832"},{"taxonomy":"news-destination","embeddable":true,"href":"https:\/\/euapp01.newsmemory.com\/lamarseillaise\/news\/wp-json\/wp\/v2\/news-destination?post=37832"},{"taxonomy":"news-source","embeddable":true,"href":"https:\/\/euapp01.newsmemory.com\/lamarseillaise\/news\/wp-json\/wp\/v2\/news-source?post=37832"},{"taxonomy":"is_homepage","embeddable":true,"href":"https:\/\/euapp01.newsmemory.com\/lamarseillaise\/news\/wp-json\/wp\/v2\/is_homepage?post=37832"},{"taxonomy":"ta_other","embeddable":true,"href":"https:\/\/euapp01.newsmemory.com\/lamarseillaise\/news\/wp-json\/wp\/v2\/ta_other?post=37832"}],"curies":[{"name":"wp","href":"https:\/\/api.w.org\/{rel}","templated":true}]}}