{"id":37829,"date":"2026-07-30T06:49:00","date_gmt":"2026-07-30T04:49:00","guid":{"rendered":"https:\/\/euapp01.newsmemory.com\/lamarseillaise\/news\/?p=37829"},"modified":"2026-08-04T08:29:34","modified_gmt":"2026-08-04T06:29:34","slug":"la-prevention-lautre-front-contre-les-incendies","status":"publish","type":"post","link":"https:\/\/euapp01.newsmemory.com\/lamarseillaise\/news\/2026\/07\/30\/la-prevention-lautre-front-contre-les-incendies\/","title":{"rendered":"La pr\u00e9vention, l\u2019autre front contre les incendies"},"content":{"rendered":"<div class=\"paragraph\">\n<p>Avant les d\u00e9g\u00e2ts humains et mat\u00e9riels caus\u00e9s par les flammes &#8211; contre lesquelles les pompiers luttent toujours en Gironde notamment &#8211; les autorit\u00e9s misent sur la pr\u00e9vention. Parmi les acteurs de la sensibilisation et aux comportements \u00e0 adopter pour limiter les feux dans les massifs qui composent notre r\u00e9gion, les jeunes de la garde r\u00e9gionale foresti\u00e8re. Polos et short kaki, rangers au pied, ils sont quatorze, r\u00e9partis en patrouille, \u00e0 arpenter le grand site Concors Sainte-Victoire. Souvent \u00e9tudiants, ils sont int\u00e9gr\u00e9s au plan \u00ab\u00a0Guerre du Feu\u00a0\u00bb, lanc\u00e9 en 2018 par la R\u00e9gion. Cette ann\u00e9e, ils sont au total 250 gardes r\u00e9gionaux forestiers \u00e0 \u00eatre d\u00e9ploy\u00e9s sur 23 territoires locaux. Ce mercredi matin, rendez-vous \u00e0 l\u2019entr\u00e9e du barrage de Bimont, d\u00e9part d\u2019un des principaux axes emprunt\u00e9s par les randonneurs pour rejoindre la Sainte-Victoire. Rosalie, Manuel et Nils, d\u00e9j\u00e0 en poste, s\u2019attellent \u00e0 la sensibilisation des premiers touristes en promenade.<\/p>\n<\/p><\/div>\n<div class=\"intext\"> \u00ab\u00a0Une dizaine de d\u00e9parts de feu rep\u00e9r\u00e9e et ma\u00eetris\u00e9e\u00a0\u00bb\n              <\/div>\n<div class=\"paragraph\">\n<p>Pr\u00e9venir, rappeler les<i> <\/i>\u00ab<i>\u00a0<\/i><i>bons gestes<\/i><i>\u00a0<\/i>\u00bb<i> <\/i>\u00e0 adopter dans les massifs est l\u2019une des missions principales de ces jeunes, engag\u00e9s de juin \u00e0 septembre pour aider \u00e0 la pr\u00e9vention incendie. Ils sont un appui au dispositif de surveillance interservice existant. L\u2019\u00e9quipe est rejointe par Sophie Joissains, vice-pr\u00e9sidente de la R\u00e9gion et maire (UDI) d\u2019Aix, et Arnaud Mercier, pr\u00e9sident du grand site Concors Sainte-Victoire et maire (DVD) de Venelles, venus prendre le pouls du terrain. \u00ab<i>\u00a0<\/i><i>\u00c0 ce jour, 40<\/i><i>\u00a0<\/i><i>millions d\u2019euros ont \u00e9t\u00e9 allou\u00e9s \u00e0 ce plan<\/i> [Guerre du feu] <i>et aujourd\u2019hui nous avons renflou\u00e9 notre \u00e9quipe de garde r\u00e9gionale foresti\u00e8re au grand site Sainte Victoire<\/i><i>\u00a0<\/i>\u00bb<i>, <\/i>rappelle Sophie Joissains. En 2026, 1,4\u00a0million d\u2019euros sont allou\u00e9s par la R\u00e9gion, \u00e0 la GRF. La lutte contre les incendies est une \u00ab<i>\u00a0<\/i><i>priorit\u00e9<\/i><i>\u00a0<\/i>\u00bb<i> <\/i>pour la R\u00e9gion, rappelle l\u2019\u00e9lue, les effectifs de la GRF pourraient \u00eatre augment\u00e9s \u00ab<i>\u00a0<\/i><i>autant que de besoin<\/i><i>\u00a0<\/i>\u00bb. Sur le terrain, la sensibilisation commence d\u00e8s le kiosque, \u00e0 l\u2019entr\u00e9e du barrage. Dans les massifs, des bin\u00f4mes circulent dans des v\u00e9hicules r\u00e9cup\u00e9r\u00e9s le matin m\u00eame sur le site de Beaurecueil. \u00ab<i>\u00a0<\/i><i>Il y a parfois des personnes t\u00eatues, <\/i>confie Rosalie, qui int\u00e8gre la GRF pour la premi\u00e8re fois. <i>Mais globalement, le public est compr\u00e9hensif. On informe des lois. Nous, on ne pourra rien faire, mais on collabore avec la police et les gendarmes. On les informe aussi du montant des amendes, des patrouilles r\u00e9guli\u00e8res&#8230; \u00c7a les r\u00e9signe, normalement.<\/i><i>\u00a0<\/i>\u00bb<i> <\/i>En cas de danger rep\u00e9r\u00e9, les membres de la patrouille ont un contact direct avec les pompiers. Sophie Herete, directrice des espaces naturels et grand sites de France \u00e0 la M\u00e9tropole rappelle qu\u2019une \u00ab\u00a0<i>dizaine de <\/i>[d\u00e9parts]<i> de feux depuis d\u00e9but juillet, autour de Sainte-Victoire<\/i><i>\u00a0<\/i>\u00bb<i> <\/i>ont \u00e9t\u00e9 recens\u00e9s. \u00ab<i>\u00a0<\/i><i>Nous avons r\u00e9ussi \u00e0 tous les ma\u00eetriser.<\/i><i>\u00a0<\/i>\u00bb \u00ab<i>\u00a0<\/i><i>Mais notre mission va au-del\u00e0 de la pr\u00e9vention incendie, on est l\u00e0 pour assurer la s\u00e9curit\u00e9 globale des gens<\/i><i>\u00a0<\/i>\u00bb<i>, <\/i>pr\u00e9cise Manuel, qui revient pour une deuxi\u00e8me ann\u00e9e. Et s\u2019il reste encore du travail pour la GRF, \u00ab<i>\u00a0<\/i><i>la plupart des gens sont consciencieux, au courant des r\u00e9glementations et sont \u00e0 m\u00eame de rep\u00e9rer chez d\u2019autres des comportements \u00e0 risque. Dans la r\u00e9gion, on a une conscience collective par rapport au risque du feu de for\u00eat<\/i><i>\u00a0<\/i>\u00bb, estime Nils qui lui aussi, renouvelle son engagement. Arnaud Mercier rappelle d\u2019ailleurs que le grand site Sainte-Victoire, qui fait partie d\u2019un r\u00e9seau national, est d\u2019ailleurs<i> <\/i>\u00ab<i>\u00a0<\/i><i>une r\u00e9f\u00e9rence nationale<\/i><i>\u00a0<\/i>\u00bb<i>,<\/i> en termes de pr\u00e9vention incendie.<\/p>\n<\/p><\/div>\n<div class=\"paragraph\">\n<p><b>EN CHIFFRES<\/b><\/p>\n<p><b>400<\/b><\/p>\n<p>Le nombre d\u2019hectares br\u00fbl\u00e9s dans les Bouches-du-Rh\u00f4ne, depuis le d\u00e9but de l\u2019\u00e9t\u00e9. Le d\u00e9partement est l\u2019un des plus expos\u00e9s au risque de feu de for\u00eat en France, d\u00fb aux fortes chaleurs, au vent, \u00e0 la s\u00e9cheresse v\u00e9g\u00e9tale ainsi qu\u2019au d\u00e9r\u00e8glement climatique. 40% de la surface du d\u00e9partement est positionn\u00e9e sur des massifs forestiers.<\/p>\n<p><b>90 %<\/b><\/p>\n<p>Parmi les d\u00e9parts d\u2019incendies, 90% sont d\u2019origine humaine. Dans les Bouches-du-Rh\u00f4ne, 30% de ces d\u00e9parts sont li\u00e9s \u00e0 des travaux, notamment \u00e0 la non-application de la r\u00e9glementation. Entre autres, la pr\u00e9sence d\u2019un extincteur est obligatoire, tout comme le d\u00e9broussaillement d\u2019un chantier situ\u00e9 \u00e0 moins de 200 m\u00e8tres d\u2019une for\u00eat.<\/p>\n<p><b>9<\/b><\/p>\n<p>C\u2019est le nombre de forestiers de l\u2019ONF, actifs pour la mission sp\u00e9cifique d\u2019entretien du massif forestier dans les Bouches-du-Rh\u00f4ne. Des effectifs tr\u00e8s r\u00e9duits. En presque 20 ans, l\u2019Office a perdu quatre agents sur ce territoire, alors que la superficie de for\u00eats \u00e0 entretenir a augment\u00e9 de 8 000 ha. Une r\u00e9duction des postes \u00e0 l\u2019image de la tendance nationale.<\/p>\n<p><b>54<\/b><\/p>\n<p>Pour assurer les missions d\u2019extinction des incendies et assister les \u00e9quipes sur place, les Bouches-du-Rh\u00f4ne, l\u2019ONF et les sapeurs-pompiers disposent de 54 v\u00e9hicules de soutien aux intervenants (VSI). D\u00e8s qu\u2019un d\u00e9part de feu est d\u00e9clar\u00e9, le v\u00e9hicule arrive sur le lieu de l\u2019incendie entre cinq et dix minutes apr\u00e8s l\u2019alerte.<\/p>\n<\/p><\/div>\n","protected":false},"excerpt":{"rendered":"Avant les d&eacute;g&acirc;ts humains et mat&eacute;riels caus&eacute;s par les flammes &#8211; contre lesquelles les pompiers luttent toujours en Gironde notamment &#8211; les autorit&eacute;s misent sur la pr&eacute;vention. Parmi les acteurs de la &#8230;","protected":false},"author":1,"featured_media":37830,"comment_status":"open","ping_status":"open","sticky":false,"template":"","format":"standard","meta":{"footnotes":""},"categories":[3926,3925,20],"tags":[556,5967,10,1673,4015,1396,59,2500,431,86,1085,1658],"news-destination":[3944],"news-source":[475],"is_homepage":[],"ta_other":[],"class_list":["post-37829","post","type-post","status-publish","format-standard","has-post-thumbnail","hentry","category-accueil-merge","category-accueil-third","category-societe","tag-aix-en-provence","tag-arnaud-mercier","tag-bouches-du-rhone","tag-feux","tag-feux-de-foret","tag-incendies","tag-jeunes","tag-massifs","tag-prevention","tag-region","tag-sensibilisation","tag-sophie-joissains","news-destination-homepage","news-source-website"],"_links":{"self":[{"href":"https:\/\/euapp01.newsmemory.com\/lamarseillaise\/news\/wp-json\/wp\/v2\/posts\/37829","targetHints":{"allow":["GET"]}}],"collection":[{"href":"https:\/\/euapp01.newsmemory.com\/lamarseillaise\/news\/wp-json\/wp\/v2\/posts"}],"about":[{"href":"https:\/\/euapp01.newsmemory.com\/lamarseillaise\/news\/wp-json\/wp\/v2\/types\/post"}],"author":[{"embeddable":true,"href":"https:\/\/euapp01.newsmemory.com\/lamarseillaise\/news\/wp-json\/wp\/v2\/users\/1"}],"replies":[{"embeddable":true,"href":"https:\/\/euapp01.newsmemory.com\/lamarseillaise\/news\/wp-json\/wp\/v2\/comments?post=37829"}],"version-history":[{"count":1,"href":"https:\/\/euapp01.newsmemory.com\/lamarseillaise\/news\/wp-json\/wp\/v2\/posts\/37829\/revisions"}],"predecessor-version":[{"id":37831,"href":"https:\/\/euapp01.newsmemory.com\/lamarseillaise\/news\/wp-json\/wp\/v2\/posts\/37829\/revisions\/37831"}],"wp:featuredmedia":[{"embeddable":true,"href":"https:\/\/euapp01.newsmemory.com\/lamarseillaise\/news\/wp-json\/wp\/v2\/media\/37830"}],"wp:attachment":[{"href":"https:\/\/euapp01.newsmemory.com\/lamarseillaise\/news\/wp-json\/wp\/v2\/media?parent=37829"}],"wp:term":[{"taxonomy":"category","embeddable":true,"href":"https:\/\/euapp01.newsmemory.com\/lamarseillaise\/news\/wp-json\/wp\/v2\/categories?post=37829"},{"taxonomy":"post_tag","embeddable":true,"href":"https:\/\/euapp01.newsmemory.com\/lamarseillaise\/news\/wp-json\/wp\/v2\/tags?post=37829"},{"taxonomy":"news-destination","embeddable":true,"href":"https:\/\/euapp01.newsmemory.com\/lamarseillaise\/news\/wp-json\/wp\/v2\/news-destination?post=37829"},{"taxonomy":"news-source","embeddable":true,"href":"https:\/\/euapp01.newsmemory.com\/lamarseillaise\/news\/wp-json\/wp\/v2\/news-source?post=37829"},{"taxonomy":"is_homepage","embeddable":true,"href":"https:\/\/euapp01.newsmemory.com\/lamarseillaise\/news\/wp-json\/wp\/v2\/is_homepage?post=37829"},{"taxonomy":"ta_other","embeddable":true,"href":"https:\/\/euapp01.newsmemory.com\/lamarseillaise\/news\/wp-json\/wp\/v2\/ta_other?post=37829"}],"curies":[{"name":"wp","href":"https:\/\/api.w.org\/{rel}","templated":true}]}}