{"id":37817,"date":"2026-07-29T12:28:00","date_gmt":"2026-07-29T10:28:00","guid":{"rendered":"https:\/\/euapp01.newsmemory.com\/lamarseillaise\/news\/?p=37817"},"modified":"2026-07-29T12:59:28","modified_gmt":"2026-07-29T10:59:28","slug":"cest-lete-atelier-pour-enfants-a-puget-sur-argens","status":"publish","type":"post","link":"https:\/\/euapp01.newsmemory.com\/lamarseillaise\/news\/2026\/07\/29\/cest-lete-atelier-pour-enfants-a-puget-sur-argens\/","title":{"rendered":"[C\u2019est l\u2019\u00e9t\u00e9] Atelier pour enfants \u00e0 Puget-sur-Argens"},"content":{"rendered":"<div class=\"paragraph\">\n<p>Ce mercredi, l\u2019atelier cr\u00e9atif propos\u00e9 est consacr\u00e9 \u00e0 la peinture sur verre.<\/p>\n<\/p><\/div>\n<div class=\"paragraph\">\n<p><i>De 15h \u00e0 16h. <\/i><\/p>\n<p><i>2<\/i><i>\u00a0<\/i><i>euros pour les adultes. Inscription au 09.83.69.31.63<\/i><\/p>\n<\/p><\/div>\n","protected":false},"excerpt":{"rendered":"Ce mercredi, l&rsquo;atelier cr&eacute;atif propos&eacute; est consacr&eacute; &agrave; la peinture sur verre. De 15h &agrave; 16h. 2&nbsp;euros pour les adultes. Inscription au 09.83.69.31.63","protected":false},"author":1,"featured_media":37818,"comment_status":"open","ping_status":"open","sticky":false,"template":"","format":"standard","meta":{"footnotes":""},"categories":[32],"tags":[2873,1236,130,6085,57,58,754,55,2625,31],"news-destination":[],"news-source":[475],"is_homepage":[],"ta_other":[],"class_list":["post-37817","post","type-post","status-publish","format-standard","has-post-thumbnail","hentry","category-culture","tag-activites-de-loisirs","tag-artistes","tag-ateliers","tag-cest-lete","tag-enfants","tag-famille","tag-familles","tag-loisirs","tag-puget-sur-argens","tag-var","news-source-website"],"_links":{"self":[{"href":"https:\/\/euapp01.newsmemory.com\/lamarseillaise\/news\/wp-json\/wp\/v2\/posts\/37817","targetHints":{"allow":["GET"]}}],"collection":[{"href":"https:\/\/euapp01.newsmemory.com\/lamarseillaise\/news\/wp-json\/wp\/v2\/posts"}],"about":[{"href":"https:\/\/euapp01.newsmemory.com\/lamarseillaise\/news\/wp-json\/wp\/v2\/types\/post"}],"author":[{"embeddable":true,"href":"https:\/\/euapp01.newsmemory.com\/lamarseillaise\/news\/wp-json\/wp\/v2\/users\/1"}],"replies":[{"embeddable":true,"href":"https:\/\/euapp01.newsmemory.com\/lamarseillaise\/news\/wp-json\/wp\/v2\/comments?post=37817"}],"version-history":[{"count":1,"href":"https:\/\/euapp01.newsmemory.com\/lamarseillaise\/news\/wp-json\/wp\/v2\/posts\/37817\/revisions"}],"predecessor-version":[{"id":37819,"href":"https:\/\/euapp01.newsmemory.com\/lamarseillaise\/news\/wp-json\/wp\/v2\/posts\/37817\/revisions\/37819"}],"wp:featuredmedia":[{"embeddable":true,"href":"https:\/\/euapp01.newsmemory.com\/lamarseillaise\/news\/wp-json\/wp\/v2\/media\/37818"}],"wp:attachment":[{"href":"https:\/\/euapp01.newsmemory.com\/lamarseillaise\/news\/wp-json\/wp\/v2\/media?parent=37817"}],"wp:term":[{"taxonomy":"category","embeddable":true,"href":"https:\/\/euapp01.newsmemory.com\/lamarseillaise\/news\/wp-json\/wp\/v2\/categories?post=37817"},{"taxonomy":"post_tag","embeddable":true,"href":"https:\/\/euapp01.newsmemory.com\/lamarseillaise\/news\/wp-json\/wp\/v2\/tags?post=37817"},{"taxonomy":"news-destination","embeddable":true,"href":"https:\/\/euapp01.newsmemory.com\/lamarseillaise\/news\/wp-json\/wp\/v2\/news-destination?post=37817"},{"taxonomy":"news-source","embeddable":true,"href":"https:\/\/euapp01.newsmemory.com\/lamarseillaise\/news\/wp-json\/wp\/v2\/news-source?post=37817"},{"taxonomy":"is_homepage","embeddable":true,"href":"https:\/\/euapp01.newsmemory.com\/lamarseillaise\/news\/wp-json\/wp\/v2\/is_homepage?post=37817"},{"taxonomy":"ta_other","embeddable":true,"href":"https:\/\/euapp01.newsmemory.com\/lamarseillaise\/news\/wp-json\/wp\/v2\/ta_other?post=37817"}],"curies":[{"name":"wp","href":"https:\/\/api.w.org\/{rel}","templated":true}]}}