{"id":37811,"date":"2026-07-29T12:08:00","date_gmt":"2026-07-29T10:08:00","guid":{"rendered":"https:\/\/euapp01.newsmemory.com\/lamarseillaise\/news\/?p=37811"},"modified":"2026-07-29T12:29:23","modified_gmt":"2026-07-29T10:29:23","slug":"un-suspect-incarcere-pour-une-dizaine-de-departs-de-feu-dans-le-var","status":"publish","type":"post","link":"https:\/\/euapp01.newsmemory.com\/lamarseillaise\/news\/2026\/07\/29\/un-suspect-incarcere-pour-une-dizaine-de-departs-de-feu-dans-le-var\/","title":{"rendered":"Un suspect incarc\u00e9r\u00e9 pour une dizaine de d\u00e9parts de feu dans le Var"},"content":{"rendered":"<div class=\"paragraph\">\n<p>Il \u00ab<i> est soup\u00e7onn\u00e9 d\u2019\u00eatre \u00e0 l\u2019origine d\u2019une dizaine de mises \u00e0 feu <\/i>\u00bb, a d\u00e9clar\u00e9 le colonel Gr\u00e9gory Goumain, commandant de la gendarmerie du Var, lors d\u2019une conf\u00e9rence de presse \u00e0 Pontev\u00e8s d\u2019o\u00f9 sont dirig\u00e9es les op\u00e9rations de lutte contre le sinistre en cours.<\/p>\n<p>Si \u00ab <i>la piste volontaire est \u00e9cart\u00e9e pour l\u2019incendie principal <\/i>\u00bb, qui d\u00e9vore depuis le 21 juillet le massif du Gros Bessillon, l\u2019homme est \u00ab <i>soup\u00e7onn\u00e9 d\u2019\u00eatre \u00e0 l\u2019origine d\u2019une reprise de feu au sud <\/i>\u00bb du brasier, a-t-il ajout\u00e9.<\/p>\n<p>Il est poursuivi pour des d\u00e9parts de feu commis entre le 19 et le 24 juillet sur les communes de Brignoles, Cabasse et Vins-sur-Caramy, qui ont \u00ab <i>entra\u00een\u00e9 la destruction de plusieurs hectares de maquis et de for\u00eat<\/i> \u00bb, selon un communiqu\u00e9 des gendarmes.<\/p>\n<p>Cet homme de 23 ans, sans emploi, s\u2019\u00e9tait install\u00e9 dans la r\u00e9gion depuis un mois et ne pr\u00e9sentait pas d\u2019ant\u00e9c\u00e9dent judiciaire li\u00e9 \u00e0 ce type de fait, a encore pr\u00e9cis\u00e9 Gr\u00e9gory Goumain.<\/p>\n<p>Arr\u00eat\u00e9 \u00e0 son domicile gr\u00e2ce \u00e0 des renseignements et \u00e0 l\u2019exploitation d\u2019images de vid\u00e9oprotection, il avait \u00e9t\u00e9 plac\u00e9 en garde en vue, samedi.<\/p>\n<\/p><\/div>\n","protected":false},"excerpt":{"rendered":"Il &laquo; est soup&ccedil;onn&eacute; d&rsquo;&ecirc;tre &agrave; l&rsquo;origine d&rsquo;une dizaine de mises &agrave; feu &raquo;, a d&eacute;clar&eacute; le colonel Gr&eacute;gory Goumain, commandant de la gendarmerie du Var, lors d&rsquo;une &#8230;","protected":false},"author":1,"featured_media":37812,"comment_status":"open","ping_status":"open","sticky":false,"template":"","format":"standard","meta":{"footnotes":""},"categories":[20],"tags":[5820,318,316,1673,1798,319,1396,1951,6141,31],"news-destination":[],"news-source":[475],"is_homepage":[],"ta_other":[],"class_list":["post-37811","post","type-post","status-publish","format-standard","has-post-thumbnail","hentry","category-societe","tag-conference-de-presse","tag-feu","tag-feu-de-foret","tag-feux","tag-gendarmerie","tag-incendie","tag-incendies","tag-mise-en-examen","tag-ponteves","tag-var","news-source-website"],"_links":{"self":[{"href":"https:\/\/euapp01.newsmemory.com\/lamarseillaise\/news\/wp-json\/wp\/v2\/posts\/37811","targetHints":{"allow":["GET"]}}],"collection":[{"href":"https:\/\/euapp01.newsmemory.com\/lamarseillaise\/news\/wp-json\/wp\/v2\/posts"}],"about":[{"href":"https:\/\/euapp01.newsmemory.com\/lamarseillaise\/news\/wp-json\/wp\/v2\/types\/post"}],"author":[{"embeddable":true,"href":"https:\/\/euapp01.newsmemory.com\/lamarseillaise\/news\/wp-json\/wp\/v2\/users\/1"}],"replies":[{"embeddable":true,"href":"https:\/\/euapp01.newsmemory.com\/lamarseillaise\/news\/wp-json\/wp\/v2\/comments?post=37811"}],"version-history":[{"count":1,"href":"https:\/\/euapp01.newsmemory.com\/lamarseillaise\/news\/wp-json\/wp\/v2\/posts\/37811\/revisions"}],"predecessor-version":[{"id":37813,"href":"https:\/\/euapp01.newsmemory.com\/lamarseillaise\/news\/wp-json\/wp\/v2\/posts\/37811\/revisions\/37813"}],"wp:featuredmedia":[{"embeddable":true,"href":"https:\/\/euapp01.newsmemory.com\/lamarseillaise\/news\/wp-json\/wp\/v2\/media\/37812"}],"wp:attachment":[{"href":"https:\/\/euapp01.newsmemory.com\/lamarseillaise\/news\/wp-json\/wp\/v2\/media?parent=37811"}],"wp:term":[{"taxonomy":"category","embeddable":true,"href":"https:\/\/euapp01.newsmemory.com\/lamarseillaise\/news\/wp-json\/wp\/v2\/categories?post=37811"},{"taxonomy":"post_tag","embeddable":true,"href":"https:\/\/euapp01.newsmemory.com\/lamarseillaise\/news\/wp-json\/wp\/v2\/tags?post=37811"},{"taxonomy":"news-destination","embeddable":true,"href":"https:\/\/euapp01.newsmemory.com\/lamarseillaise\/news\/wp-json\/wp\/v2\/news-destination?post=37811"},{"taxonomy":"news-source","embeddable":true,"href":"https:\/\/euapp01.newsmemory.com\/lamarseillaise\/news\/wp-json\/wp\/v2\/news-source?post=37811"},{"taxonomy":"is_homepage","embeddable":true,"href":"https:\/\/euapp01.newsmemory.com\/lamarseillaise\/news\/wp-json\/wp\/v2\/is_homepage?post=37811"},{"taxonomy":"ta_other","embeddable":true,"href":"https:\/\/euapp01.newsmemory.com\/lamarseillaise\/news\/wp-json\/wp\/v2\/ta_other?post=37811"}],"curies":[{"name":"wp","href":"https:\/\/api.w.org\/{rel}","templated":true}]}}