{"id":37806,"date":"2026-07-29T11:07:00","date_gmt":"2026-07-29T09:07:00","guid":{"rendered":"https:\/\/euapp01.newsmemory.com\/lamarseillaise\/news\/?p=37806"},"modified":"2026-08-04T08:29:34","modified_gmt":"2026-08-04T06:29:34","slug":"fibre-excellence-lusine-de-tarascon-liquidee","status":"publish","type":"post","link":"https:\/\/euapp01.newsmemory.com\/lamarseillaise\/news\/2026\/07\/29\/fibre-excellence-lusine-de-tarascon-liquidee\/","title":{"rendered":"Fibre Excellence : l\u2019usine de Tarascon liquid\u00e9e"},"content":{"rendered":"<div class=\"paragraph\">\n<p>Le tribunal de commerce de Toulouse a rendu sa d\u00e9cision ce mercredi 29 juillet : le site de Tarascon de Fibre Excellence, derni\u00e8re usine de p\u00e2te \u00e0 papier fran\u00e7aise, est mis en liquidation judiciaire, sa \u201csituation [\u00e9tant] irr\u00e9m\u00e9diablement compromise, sans perspective de redressement\u201d, a justifi\u00e9 la juridiction <a href=\"https:\/\/www.lamarseillaise.fr\/social\/fibre-excellence-ni-fermeture-ni-abandon-pour-la-cgt-GD20547742\">en d\u00e9pit de la mobilisation des syndicats, des R\u00e9gions Occitanie et Sud Paca et d\u2019une offre de reprise.<\/a> Ce sont donc pr\u00e8s de 270 salari\u00e9s qui s\u2019appr\u00eatent \u00e0 perdre leur emploi. Cette d\u00e9cision intervient deux jours apr\u00e8s le rejet de l\u2019offre de reprise de l\u2019homme d\u2019affaire Matthieu Pigasse, qui n\u2019avait pas \u00e9t\u00e9 retenue, les \u00ab<i> conditions suspensives n\u2019ayant pas \u00e9t\u00e9 lev\u00e9es<\/i> \u00bb, avait pr\u00e9cis\u00e9 Christophe Clerc, avocat du Comit\u00e9 social et \u00e9conomique (CSE) de l\u2019entreprise.<\/p>\n<p>Plac\u00e9e en redressement judiciaire le 27 avril dernier, la soci\u00e9t\u00e9 dispose d\u2019un autre site d\u2019exploitation \u00e0 Saint-Gaudens, en Haute-Garonne. Son avenir n\u2019est pas encore scell\u00e9, un nouvel industriel s\u2019\u00e9tant manifest\u00e9 pour sa reprise r\u00e9cemment. Le tribunal de commerce doit rendre sa d\u00e9cision ce mercredi.<\/p>\n<\/p><\/div>\n","protected":false},"excerpt":{"rendered":"Le tribunal de commerce de Toulouse a rendu sa d&eacute;cision ce mercredi 29 juillet : le site de Tarascon de Fibre Excellence, derni&egrave;re usine de p&acirc;te &agrave; papier fran&ccedil;aise, est mis en liquidation judiciaire, sa &#8230;","protected":false},"author":1,"featured_media":37807,"comment_status":"open","ping_status":"open","sticky":false,"template":"","format":"standard","meta":{"footnotes":""},"categories":[3926,3925,338],"tags":[10,753,4279,1574,5891,4281,1740,244],"news-destination":[3944],"news-source":[475],"is_homepage":[],"ta_other":[],"class_list":["post-37806","post","type-post","status-publish","format-standard","has-post-thumbnail","hentry","category-accueil-merge","category-accueil-third","category-economie","tag-bouches-du-rhone","tag-emplois","tag-fibre-excellence","tag-liquidation-judiciaire","tag-matthieu-pigasse","tag-pate-a-papier","tag-tarascon","tag-tribunal-de-commerce","news-destination-homepage","news-source-website"],"_links":{"self":[{"href":"https:\/\/euapp01.newsmemory.com\/lamarseillaise\/news\/wp-json\/wp\/v2\/posts\/37806","targetHints":{"allow":["GET"]}}],"collection":[{"href":"https:\/\/euapp01.newsmemory.com\/lamarseillaise\/news\/wp-json\/wp\/v2\/posts"}],"about":[{"href":"https:\/\/euapp01.newsmemory.com\/lamarseillaise\/news\/wp-json\/wp\/v2\/types\/post"}],"author":[{"embeddable":true,"href":"https:\/\/euapp01.newsmemory.com\/lamarseillaise\/news\/wp-json\/wp\/v2\/users\/1"}],"replies":[{"embeddable":true,"href":"https:\/\/euapp01.newsmemory.com\/lamarseillaise\/news\/wp-json\/wp\/v2\/comments?post=37806"}],"version-history":[{"count":2,"href":"https:\/\/euapp01.newsmemory.com\/lamarseillaise\/news\/wp-json\/wp\/v2\/posts\/37806\/revisions"}],"predecessor-version":[{"id":37810,"href":"https:\/\/euapp01.newsmemory.com\/lamarseillaise\/news\/wp-json\/wp\/v2\/posts\/37806\/revisions\/37810"}],"wp:featuredmedia":[{"embeddable":true,"href":"https:\/\/euapp01.newsmemory.com\/lamarseillaise\/news\/wp-json\/wp\/v2\/media\/37807"}],"wp:attachment":[{"href":"https:\/\/euapp01.newsmemory.com\/lamarseillaise\/news\/wp-json\/wp\/v2\/media?parent=37806"}],"wp:term":[{"taxonomy":"category","embeddable":true,"href":"https:\/\/euapp01.newsmemory.com\/lamarseillaise\/news\/wp-json\/wp\/v2\/categories?post=37806"},{"taxonomy":"post_tag","embeddable":true,"href":"https:\/\/euapp01.newsmemory.com\/lamarseillaise\/news\/wp-json\/wp\/v2\/tags?post=37806"},{"taxonomy":"news-destination","embeddable":true,"href":"https:\/\/euapp01.newsmemory.com\/lamarseillaise\/news\/wp-json\/wp\/v2\/news-destination?post=37806"},{"taxonomy":"news-source","embeddable":true,"href":"https:\/\/euapp01.newsmemory.com\/lamarseillaise\/news\/wp-json\/wp\/v2\/news-source?post=37806"},{"taxonomy":"is_homepage","embeddable":true,"href":"https:\/\/euapp01.newsmemory.com\/lamarseillaise\/news\/wp-json\/wp\/v2\/is_homepage?post=37806"},{"taxonomy":"ta_other","embeddable":true,"href":"https:\/\/euapp01.newsmemory.com\/lamarseillaise\/news\/wp-json\/wp\/v2\/ta_other?post=37806"}],"curies":[{"name":"wp","href":"https:\/\/api.w.org\/{rel}","templated":true}]}}