{"id":37803,"date":"2026-07-29T10:51:00","date_gmt":"2026-07-29T08:51:00","guid":{"rendered":"https:\/\/euapp01.newsmemory.com\/lamarseillaise\/news\/?p=37803"},"modified":"2026-07-29T11:18:06","modified_gmt":"2026-07-29T09:18:06","slug":"le-festival-lol-et-lalala-trace-sa-route-a-anduze","status":"publish","type":"post","link":"https:\/\/euapp01.newsmemory.com\/lamarseillaise\/news\/2026\/07\/29\/le-festival-lol-et-lalala-trace-sa-route-a-anduze\/","title":{"rendered":"Le festival Lol et Lalala trace sa route \u00e0 Anduze"},"content":{"rendered":"<div class=\"paragraph\">\n<p>En cinq ans, le festival Lol et Lalala est devenu un incontournable de la programmation estivale dans le Gard. Les billets sont d\u2019ailleurs pris d\u2019assaut et le festival qui allie humour et chanson affiche complet depuis plusieurs semaines. Un succ\u00e8s qui rappelle celui de la Radio Nova &#8211; \u00e0 laquelle participe Pierre-Emmanuel Barr\u00e9 et plus occasionnellemen GiedR\u00e9 &#8211; qui enregistre 2,1\u00a0millions d\u2019auditeurs quotidiens soit + 137 % en un an. Apr\u00e8s le confinement, le couple install\u00e9 dans les C\u00e9vennes avait \u00ab\u00a0<i>envie de cr\u00e9er un \u00e9v\u00e9nement durable et surtout bien implant\u00e9 localement, en travaillant avec toutes les personnes du territoire<\/i>\u00a0\u00bb, pr\u00e9cise Charlotte Gach, cheffe de projet du festival.<\/p>\n<p>Avant d\u2019investir Anduze, la 5e \u00e9dition du festival d\u00e9marre mercredi 29\u00a0juillet \u00e0 Saint-Jean-du-Gard par le spectacle Op\u00e9ration Brezel. Ensuite, le parc des Cordeliers ouvrira d\u00e8s 15h pour proposer des animations et des spectacles gratuits tout l\u2019apr\u00e8s-midi. Puis la soir\u00e9e s\u2019ouvrira avec Esteban Rosa, un humoriste originaire d\u2019Anduze, suivi du plateau du comedy club avant de terminer la soir\u00e9e en musique avec Mambo Chick.<\/p>\n<p>Vendredi, le Belge d\u00e9jant\u00e9 Fran\u00e7ois Bijoux animera la grande sc\u00e8ne, avant le plateau humour (avec Doully, Audrey Baldassare, Greg Duth, Jean-Beno\u00eet Diallo, Camille Fievez et Babor) qui sera pr\u00e9sent\u00e9 par le duo Pierre-Emmanuel Barr\u00e9 et Aymeric Lompret. Plan\u00e8te Boum Boum cl\u00f4turera ensuite la soir\u00e9e en musique. La soir\u00e9e de samedi sera consacr\u00e9e uniquement \u00e0 la musique avec au programme David Lafore, Ditter, Raimundaaaaaa, Supersobre (le groupe de Thomas VDB) et surtout un grand duel aux platines entre Giedr\u00e9 et Aymeric Lompret.<\/p>\n<p>Avec ce succ\u00e8s grandissant, le festival pourrait ajouter une journ\u00e9e \u00e0 son programme l\u2019an prochain mais il n\u2019envisage pas d\u2019augmenter sa jauge de 2 000 personnes pour rester dans le parc des Cordeliers d\u2019Anduze et surtout afin de respecter l\u2019engagement \u00e9cologique qu\u2019il porte depuis sa cr\u00e9ation.<\/p>\n<\/p><\/div>\n","protected":false},"excerpt":{"rendered":"En cinq ans, le festival Lol et Lalala est devenu un incontournable de la programmation estivale dans le Gard. Les billets sont d&rsquo;ailleurs pris d&rsquo;assaut et le festival qui allie humour et chanson affiche complet depuis plusieurs &#8230;","protected":false},"author":1,"featured_media":37804,"comment_status":"open","ping_status":"open","sticky":false,"template":"","format":"standard","meta":{"footnotes":""},"categories":[32],"tags":[247,4686,34,329,238,1883,2026,284,5991,6176,529,2001],"news-destination":[],"news-source":[475],"is_homepage":[],"ta_other":[],"class_list":["post-37803","post","type-post","status-publish","format-standard","has-post-thumbnail","hentry","category-culture","tag-247","tag-anduze","tag-concert","tag-festival","tag-gard","tag-humoristes","tag-humour","tag-occitanie","tag-pierre-emmanuel-barre","tag-soiree-radio-nova","tag-spectacle","tag-weekend","news-source-website"],"_links":{"self":[{"href":"https:\/\/euapp01.newsmemory.com\/lamarseillaise\/news\/wp-json\/wp\/v2\/posts\/37803","targetHints":{"allow":["GET"]}}],"collection":[{"href":"https:\/\/euapp01.newsmemory.com\/lamarseillaise\/news\/wp-json\/wp\/v2\/posts"}],"about":[{"href":"https:\/\/euapp01.newsmemory.com\/lamarseillaise\/news\/wp-json\/wp\/v2\/types\/post"}],"author":[{"embeddable":true,"href":"https:\/\/euapp01.newsmemory.com\/lamarseillaise\/news\/wp-json\/wp\/v2\/users\/1"}],"replies":[{"embeddable":true,"href":"https:\/\/euapp01.newsmemory.com\/lamarseillaise\/news\/wp-json\/wp\/v2\/comments?post=37803"}],"version-history":[{"count":1,"href":"https:\/\/euapp01.newsmemory.com\/lamarseillaise\/news\/wp-json\/wp\/v2\/posts\/37803\/revisions"}],"predecessor-version":[{"id":37805,"href":"https:\/\/euapp01.newsmemory.com\/lamarseillaise\/news\/wp-json\/wp\/v2\/posts\/37803\/revisions\/37805"}],"wp:featuredmedia":[{"embeddable":true,"href":"https:\/\/euapp01.newsmemory.com\/lamarseillaise\/news\/wp-json\/wp\/v2\/media\/37804"}],"wp:attachment":[{"href":"https:\/\/euapp01.newsmemory.com\/lamarseillaise\/news\/wp-json\/wp\/v2\/media?parent=37803"}],"wp:term":[{"taxonomy":"category","embeddable":true,"href":"https:\/\/euapp01.newsmemory.com\/lamarseillaise\/news\/wp-json\/wp\/v2\/categories?post=37803"},{"taxonomy":"post_tag","embeddable":true,"href":"https:\/\/euapp01.newsmemory.com\/lamarseillaise\/news\/wp-json\/wp\/v2\/tags?post=37803"},{"taxonomy":"news-destination","embeddable":true,"href":"https:\/\/euapp01.newsmemory.com\/lamarseillaise\/news\/wp-json\/wp\/v2\/news-destination?post=37803"},{"taxonomy":"news-source","embeddable":true,"href":"https:\/\/euapp01.newsmemory.com\/lamarseillaise\/news\/wp-json\/wp\/v2\/news-source?post=37803"},{"taxonomy":"is_homepage","embeddable":true,"href":"https:\/\/euapp01.newsmemory.com\/lamarseillaise\/news\/wp-json\/wp\/v2\/is_homepage?post=37803"},{"taxonomy":"ta_other","embeddable":true,"href":"https:\/\/euapp01.newsmemory.com\/lamarseillaise\/news\/wp-json\/wp\/v2\/ta_other?post=37803"}],"curies":[{"name":"wp","href":"https:\/\/api.w.org\/{rel}","templated":true}]}}