{"id":37800,"date":"2026-07-29T10:01:01","date_gmt":"2026-07-29T08:01:01","guid":{"rendered":"https:\/\/euapp01.newsmemory.com\/lamarseillaise\/news\/?p=37800"},"modified":"2026-08-04T08:01:34","modified_gmt":"2026-08-04T06:01:34","slug":"surpopulation-carcerale-une-norme-a-la-francaise","status":"publish","type":"post","link":"https:\/\/euapp01.newsmemory.com\/lamarseillaise\/news\/2026\/07\/29\/surpopulation-carcerale-une-norme-a-la-francaise\/","title":{"rendered":"Surpopulation carc\u00e9rale : une norme \u00e0 la fran\u00e7aise"},"content":{"rendered":"<div class=\"paragraph\">\n<p>Accompagn\u00e9 d\u2019Andr\u00e9e Taurinya, d\u00e9put\u00e9e LFI de la Loire, le d\u00e9put\u00e9 de la 8<sup>e<\/sup> circonscription de l\u2019H\u00e9rault Sylvain Carri\u00e8re, a tir\u00e9 la sonnette d\u2019alarme apr\u00e8s leur visite au centre p\u00e9nitentiaire de Villeneuve-l\u00e8s-Maguelone le vendredi 17 juillet.<\/p>\n<p>\u00ab\u00a0<i>Ce centre p\u00e9nitentiaire a un taux d\u2019occupation de 180%, ce qui est \u00e9norme, mais qui est un petit peu en de\u00e7\u00e0 de la moyenne nationale, qui, elle, se situe autour de 205%<\/i><i>\u00a0<\/i>\u00bb, souligne Sylvain Carri\u00e8re, d\u00e9non\u00e7ant une norme aberrante bien fran\u00e7aise. Avec 170\u00a0matelas empil\u00e9s au sol, des cellules \u00e0 35 degr\u00e9s, infest\u00e9es de punaises de lit, ces conditions jug\u00e9es indignes valent \u00e0 l\u2019\u00c9tat d\u2019\u00eatre \u00ab\u00a0<i>r\u00e9guli\u00e8rement condamn\u00e9 par le juge administratif et le juge europ\u00e9en des droits de l\u2019Homme<\/i><i>\u00a0<\/i>\u00bb<i>, <\/i>rappelle le d\u00e9put\u00e9 h\u00e9raultais.<\/p>\n<\/p><\/div>\n<div class=\"intext\"> Un terrain fertile<br \/>\n               <br \/>\u00e0 la r\u00e9cidive\n              <\/div>\n<div class=\"paragraph\">\n<p>\u00ab<i>\u00a0<\/i><i>Dans les discussions qu\u2019on avait avec le directeur adjoint, il nous disait qu\u2019il y avait de plus en plus de cas de troubles psychiatriques<\/i><i>\u00a0<\/i>\u00bb<i>, <\/i>pr\u00e9cise Sylvain Carri\u00e8re. \u00ab<i>\u00a0<\/i><i>Toutes ces conditions font qu\u2019on va en plus accentuer ces troubles et quand les personnes sortent, effectivement, cela accentue le risque de r\u00e9cidive.<\/i><i>\u00a0<\/i>\u00bb<i> <\/i><\/p>\n<p>Un dramatique constat qui favorise \u00e9galement des incidents plus fr\u00e9quents dans l\u2019enceinte du centre p\u00e9nitentiaire, comme le rapportent les d\u00e9put\u00e9s apr\u00e8s leur visite\u00a0: \u00ab<i>\u00a0<\/i><i>Les incidents se multiplient au sein de ces &#8220;bouilloires thermiques&#8221; o\u00f9 la promiscuit\u00e9 g\u00e9n\u00e8re conflits et frustrations au quotidien.<\/i><i>\u00a0<\/i>\u00bb<i> <\/i>Les d\u00e9put\u00e9s de la France insoumise rappellent plus que jamais la n\u00e9cessit\u00e9 de faire adopter par le gouvernement des syst\u00e8mes p\u00e9rennes de r\u00e9gulation carc\u00e9rale.<\/p>\n<\/p><\/div>\n","protected":false},"excerpt":{"rendered":"Accompagn&eacute; d&rsquo;Andr&eacute;e Taurinya, d&eacute;put&eacute;e LFI de la Loire, le d&eacute;put&eacute; de la 8e circonscription de l&rsquo;H&eacute;rault Sylvain Carri&egrave;re, a tir&eacute; la sonnette d&rsquo;alarme apr&egrave;s leur &#8230;","protected":false},"author":1,"featured_media":37801,"comment_status":"open","ping_status":"open","sticky":false,"template":"","format":"standard","meta":{"footnotes":""},"categories":[3926,3925,20],"tags":[6175,1036,453,2152,1656,548,239,5947,541,284,1981,4708,3464],"news-destination":[3944],"news-source":[475],"is_homepage":[],"ta_other":[],"class_list":["post-37800","post","type-post","status-publish","format-standard","has-post-thumbnail","hentry","category-accueil-merge","category-accueil-third","category-societe","tag-bouilloire-thermique","tag-centre-penitentiaire","tag-deputes","tag-detention","tag-droits-humains","tag-france-insoumise","tag-herault","tag-indignite","tag-lfi","tag-occitanie","tag-surpopulation-carcerale","tag-sylvain-carriere","tag-villeneuve-les-maguelone","news-destination-homepage","news-source-website"],"_links":{"self":[{"href":"https:\/\/euapp01.newsmemory.com\/lamarseillaise\/news\/wp-json\/wp\/v2\/posts\/37800","targetHints":{"allow":["GET"]}}],"collection":[{"href":"https:\/\/euapp01.newsmemory.com\/lamarseillaise\/news\/wp-json\/wp\/v2\/posts"}],"about":[{"href":"https:\/\/euapp01.newsmemory.com\/lamarseillaise\/news\/wp-json\/wp\/v2\/types\/post"}],"author":[{"embeddable":true,"href":"https:\/\/euapp01.newsmemory.com\/lamarseillaise\/news\/wp-json\/wp\/v2\/users\/1"}],"replies":[{"embeddable":true,"href":"https:\/\/euapp01.newsmemory.com\/lamarseillaise\/news\/wp-json\/wp\/v2\/comments?post=37800"}],"version-history":[{"count":1,"href":"https:\/\/euapp01.newsmemory.com\/lamarseillaise\/news\/wp-json\/wp\/v2\/posts\/37800\/revisions"}],"predecessor-version":[{"id":37802,"href":"https:\/\/euapp01.newsmemory.com\/lamarseillaise\/news\/wp-json\/wp\/v2\/posts\/37800\/revisions\/37802"}],"wp:featuredmedia":[{"embeddable":true,"href":"https:\/\/euapp01.newsmemory.com\/lamarseillaise\/news\/wp-json\/wp\/v2\/media\/37801"}],"wp:attachment":[{"href":"https:\/\/euapp01.newsmemory.com\/lamarseillaise\/news\/wp-json\/wp\/v2\/media?parent=37800"}],"wp:term":[{"taxonomy":"category","embeddable":true,"href":"https:\/\/euapp01.newsmemory.com\/lamarseillaise\/news\/wp-json\/wp\/v2\/categories?post=37800"},{"taxonomy":"post_tag","embeddable":true,"href":"https:\/\/euapp01.newsmemory.com\/lamarseillaise\/news\/wp-json\/wp\/v2\/tags?post=37800"},{"taxonomy":"news-destination","embeddable":true,"href":"https:\/\/euapp01.newsmemory.com\/lamarseillaise\/news\/wp-json\/wp\/v2\/news-destination?post=37800"},{"taxonomy":"news-source","embeddable":true,"href":"https:\/\/euapp01.newsmemory.com\/lamarseillaise\/news\/wp-json\/wp\/v2\/news-source?post=37800"},{"taxonomy":"is_homepage","embeddable":true,"href":"https:\/\/euapp01.newsmemory.com\/lamarseillaise\/news\/wp-json\/wp\/v2\/is_homepage?post=37800"},{"taxonomy":"ta_other","embeddable":true,"href":"https:\/\/euapp01.newsmemory.com\/lamarseillaise\/news\/wp-json\/wp\/v2\/ta_other?post=37800"}],"curies":[{"name":"wp","href":"https:\/\/api.w.org\/{rel}","templated":true}]}}