{"id":37797,"date":"2026-07-29T10:46:00","date_gmt":"2026-07-29T08:46:00","guid":{"rendered":"https:\/\/euapp01.newsmemory.com\/lamarseillaise\/news\/?p=37797"},"modified":"2026-08-04T08:15:39","modified_gmt":"2026-08-04T06:15:39","slug":"les-trottinettes-electriques-mises-au-pas-a-nimes","status":"publish","type":"post","link":"https:\/\/euapp01.newsmemory.com\/lamarseillaise\/news\/2026\/07\/29\/les-trottinettes-electriques-mises-au-pas-a-nimes\/","title":{"rendered":"Les trottinettes \u00e9lectriques mises au pas \u00e0 N\u00eemes"},"content":{"rendered":"<div class=\"paragraph\">\n<p>Dans les rues \u00e9troites de l\u2019\u00c9cusson n\u00eemois, le sifflement \u00e9lectrique devra d\u00e9sormais c\u00e9der la place au bruit des pas. Par un arr\u00eat\u00e9 pris le 8 juillet, la municipalit\u00e9 durcit les r\u00e8gles applicables aux trottinettes \u00e9lectriques, gyropodes, monoroues et autres engins de d\u00e9placement personnel motoris\u00e9s (EDPM). Une r\u00e9ponse aux plaintes de pi\u00e9tons et de commer\u00e7ants, r\u00e9guli\u00e8rement confront\u00e9s aux slaloms entre les terrasses et les passants.<\/p>\n<p>La circulation n\u2019est pas interdite dans tout le centre-ville, mais les usagers doivent descendre de leur engin et le pousser \u00e0 la main dans les secteurs les plus fr\u00e9quent\u00e9s\u00a0: rues pi\u00e9tonnes de l\u2019\u00c9cusson, mail de l\u2019Esplanade, avenue Feuch\u00e8res, abords de l\u2019H\u00f4tel de Ville et de la Maison Carr\u00e9e. Les trottoirs restent interdits.<\/p>\n<\/p><\/div>\n<div class=\"intext\"> Le casque pour tous\n              <\/div>\n<div class=\"paragraph\">\n<p>Autre changement majeur\u00a0: le casque homologu\u00e9 devient obligatoire sur l\u2019ensemble de la commune, pistes cyclables comprises. Les r\u00e8gles nationales demeurent\u00a0: avoir au moins 14\u00a0ans, circuler seul, ne pas d\u00e9passer 25 km\/h et \u00eatre assur\u00e9. Sur plusieurs grands axes limit\u00e9s \u00e0 plus de 50 km\/h, les EDPM devront \u00e9galement rester sur les pistes cyclables. La Ville justifie ce tour de vis par la multiplication des usages et des comportements dangereux. \u00ab\u00a0<i>Nous voulons la protection des N\u00eemois et le partage apais\u00e9 de l\u2019espace public<\/i>\u00a0\u00bb, d\u00e9fend Nicolas Nadal, adjoint \u00e0 la s\u00e9curit\u00e9.<\/p>\n<p>Vendredi 17 juillet, policiers municipaux et \u00e9lus ont arpent\u00e9 le centre ancien, rappelant le casque aux uns et invitant les autres \u00e0 mettre pied \u00e0 terre. Tout l\u2019\u00e9t\u00e9, la pr\u00e9vention doit primer, avec des op\u00e9rations r\u00e9guli\u00e8res, des stands et une nouvelle signalisation. Mais ensuite, le message changera de ton\u00a0: circuler dans une zone interdite ou sans casque pourra co\u00fbter 150 euros. Entre nouvelles mobilit\u00e9s et droit de marcher sans crainte, la Ville tente de dessiner une ligne de partage. Dans le c\u0153ur de N\u00eemes, elle passera d\u00e9sormais par le pied \u00e0 terre.<\/p>\n<\/p><\/div>\n","protected":false},"excerpt":{"rendered":"Dans les rues &eacute;troites de l&rsquo;&Eacute;cusson n&icirc;mois, le sifflement &eacute;lectrique devra d&eacute;sormais c&eacute;der la place au bruit des pas. Par un arr&ecirc;t&eacute; pris le 8 juillet, la municipalit&eacute; durcit les &#8230;","protected":false},"author":1,"featured_media":37798,"comment_status":"open","ping_status":"open","sticky":false,"template":"","format":"standard","meta":{"footnotes":""},"categories":[3926,3925,20],"tags":[1635,1062,1420,2845,238,241,284,3028,734,431,111,1802,1391],"news-destination":[3944],"news-source":[475],"is_homepage":[],"ta_other":[],"class_list":["post-37797","post","type-post","status-publish","format-standard","has-post-thumbnail","hentry","category-accueil-merge","category-accueil-third","category-societe","tag-amendes","tag-arrete","tag-circulation","tag-espace-public","tag-gard","tag-nimes","tag-occitanie","tag-pietons","tag-police-municipale","tag-prevention","tag-securite","tag-securite-routiere","tag-trottinettes","news-destination-homepage","news-source-website"],"_links":{"self":[{"href":"https:\/\/euapp01.newsmemory.com\/lamarseillaise\/news\/wp-json\/wp\/v2\/posts\/37797","targetHints":{"allow":["GET"]}}],"collection":[{"href":"https:\/\/euapp01.newsmemory.com\/lamarseillaise\/news\/wp-json\/wp\/v2\/posts"}],"about":[{"href":"https:\/\/euapp01.newsmemory.com\/lamarseillaise\/news\/wp-json\/wp\/v2\/types\/post"}],"author":[{"embeddable":true,"href":"https:\/\/euapp01.newsmemory.com\/lamarseillaise\/news\/wp-json\/wp\/v2\/users\/1"}],"replies":[{"embeddable":true,"href":"https:\/\/euapp01.newsmemory.com\/lamarseillaise\/news\/wp-json\/wp\/v2\/comments?post=37797"}],"version-history":[{"count":1,"href":"https:\/\/euapp01.newsmemory.com\/lamarseillaise\/news\/wp-json\/wp\/v2\/posts\/37797\/revisions"}],"predecessor-version":[{"id":37799,"href":"https:\/\/euapp01.newsmemory.com\/lamarseillaise\/news\/wp-json\/wp\/v2\/posts\/37797\/revisions\/37799"}],"wp:featuredmedia":[{"embeddable":true,"href":"https:\/\/euapp01.newsmemory.com\/lamarseillaise\/news\/wp-json\/wp\/v2\/media\/37798"}],"wp:attachment":[{"href":"https:\/\/euapp01.newsmemory.com\/lamarseillaise\/news\/wp-json\/wp\/v2\/media?parent=37797"}],"wp:term":[{"taxonomy":"category","embeddable":true,"href":"https:\/\/euapp01.newsmemory.com\/lamarseillaise\/news\/wp-json\/wp\/v2\/categories?post=37797"},{"taxonomy":"post_tag","embeddable":true,"href":"https:\/\/euapp01.newsmemory.com\/lamarseillaise\/news\/wp-json\/wp\/v2\/tags?post=37797"},{"taxonomy":"news-destination","embeddable":true,"href":"https:\/\/euapp01.newsmemory.com\/lamarseillaise\/news\/wp-json\/wp\/v2\/news-destination?post=37797"},{"taxonomy":"news-source","embeddable":true,"href":"https:\/\/euapp01.newsmemory.com\/lamarseillaise\/news\/wp-json\/wp\/v2\/news-source?post=37797"},{"taxonomy":"is_homepage","embeddable":true,"href":"https:\/\/euapp01.newsmemory.com\/lamarseillaise\/news\/wp-json\/wp\/v2\/is_homepage?post=37797"},{"taxonomy":"ta_other","embeddable":true,"href":"https:\/\/euapp01.newsmemory.com\/lamarseillaise\/news\/wp-json\/wp\/v2\/ta_other?post=37797"}],"curies":[{"name":"wp","href":"https:\/\/api.w.org\/{rel}","templated":true}]}}