{"id":37794,"date":"2026-07-29T10:01:00","date_gmt":"2026-07-29T08:01:00","guid":{"rendered":"https:\/\/euapp01.newsmemory.com\/lamarseillaise\/news\/?p=37794"},"modified":"2026-08-04T08:01:34","modified_gmt":"2026-08-04T06:01:34","slug":"les-activites-de-plein-air-en-pleine-adaptation","status":"publish","type":"post","link":"https:\/\/euapp01.newsmemory.com\/lamarseillaise\/news\/2026\/07\/29\/les-activites-de-plein-air-en-pleine-adaptation\/","title":{"rendered":"Les activit\u00e9s de plein air en pleine adaptation"},"content":{"rendered":"<div class=\"paragraph\">\n<p>S\u2019il y a bien quelques courageux pr\u00eats \u00e0 affronter des temp\u00e9ratures tutoyant les 40\u00a0degr\u00e9s, la plupart des touristes et des habitants du territoire ont d\u00e9laiss\u00e9 les chaussures de marche ces derni\u00e8res semaines. Quelques parcours plus courts et ombrag\u00e9s attirent toujours quelques t\u00e9m\u00e9raires aux heures les plus \u00ab\u00a0fra\u00eeches\u00a0\u00bb de la journ\u00e9e mais globalement, les sentiers de randonn\u00e9e sont boud\u00e9s depuis la premi\u00e8re canicule fin mai.<\/p>\n<p>Une tendance que confirme Nicolas Friedli, le g\u00e9rant du tout nouveau caf\u00e9 rando \u00e0 Saint-Jean-du-Gard o\u00f9 passe le tr\u00e8s pris\u00e9 chemin de Stevenson\u00a0: \u00ab\u00a0<i>On constate une baisse sur le chemin de Stevenson m\u00eame si c\u2019est encore difficile de savoir pourquoi et ce que cette baisse repr\u00e9sente. L\u2019an dernier, il y avait d\u00e9j\u00e0 eu une amorce de baisse sur le Stevenson qui se confirme cette ann\u00e9e m\u00eame si j\u2019ai l\u2019impression qu\u2019il y avait plus de monde en avril et en mai. On voit bien que quand ils arrivent, les marcheurs sont \u00e9puis\u00e9s \u00e0 cause de la chaleur.<\/i>\u00a0\u00bb<\/p>\n<p>Grimp\u00e9o, une entreprise qui propose toute sorte d\u2019activit\u00e9s dans le Gard, a \u00e9galement abandonn\u00e9 les parcours d\u2019escalade en \u00e9t\u00e9 et s\u2019adapte pour les autres sorties. \u00ab\u00a0<i>On essaie d\u2019adapter les horaires. Par exemple pour les via ferrata, on les fait le matin pour qu\u2019il fasse moins chaud sur la falaise. Ce qui est compliqu\u00e9 ce sont les marches d\u2019approche des sites qui peuvent \u00eatre ensoleill\u00e9s ou physiques et qui peuvent durer une heure. C\u2019est surtout le retour qui est difficile parce qu\u2019on remonte des gorges et il y a un peu de d\u00e9nivel\u00e9, mais pour l\u2019instant, on a des r\u00e9servations comme d\u2019habitude, sauf sur la premi\u00e8re semaine de juillet qui \u00e9tait plus calme<\/i>\u00a0\u00bb, explique \u00c9lodie qui g\u00e8re les r\u00e9servations pour Grimp\u00e9o.<\/p>\n<\/p><\/div>\n<div class=\"intext\"> \u00c0 la recherche<br \/>\n               <br \/>de fra\u00eecheur\n              <\/div>\n<div class=\"paragraph\">\n<p>Cet \u00e9t\u00e9, ce sont surtout les loueurs de kayak et de p\u00e9dalo qui se frottent les mains m\u00eame s\u2019ils gardent tous un regard sur le niveau des cours d\u2019eau. \u00ab\u00a0<i>L\u2019eau est bonne m\u00eame si avec la chaleur il y a un peu plus d\u2019algues<\/i>\u00a0\u00bb, explique Aziz, g\u00e9rant de la base nautique de Laroque, \u00e0 la fronti\u00e8re entre H\u00e9rault et Gard\u00a0: \u00ab\u00a0<i>Comme chaque ann\u00e9e, il manque un peu d\u2019eau mais je m\u2019attendais \u00e0 pire parce qu\u2019on a un d\u00e9bit de 2,4 m\u00b3\/s, habituellement on tombe en ao\u00fbt \u00e0 2 m\u00b3\/s. On peut donc toujours descendre la rivi\u00e8re. Avec ces chaleurs, il y a beaucoup de monde qui vient se baigner et faire des activit\u00e9s parce que l\u2019autre avantage de la rivi\u00e8re, c\u2019est qu\u2019il y a toujours un petit coin d\u2019ombre.<\/i><i>\u00a0<\/i>\u00bb<\/p>\n<\/p><\/div>\n","protected":false},"excerpt":{"rendered":"S&rsquo;il y a bien quelques courageux pr&ecirc;ts &agrave; affronter des temp&eacute;ratures tutoyant les 40&nbsp;degr&eacute;s, la plupart des touristes et des habitants du territoire ont d&eacute;laiss&eacute; les chaussures de marche ces &#8230;","protected":false},"author":1,"featured_media":37795,"comment_status":"open","ping_status":"open","sticky":false,"template":"","format":"standard","meta":{"footnotes":""},"categories":[3926,3925,20],"tags":[247,294,372,373,3369,238,239,6174,3525,284,1393,419,3555,1397,347],"news-destination":[3944],"news-source":[475],"is_homepage":[],"ta_other":[],"class_list":["post-37794","post","type-post","status-publish","format-standard","has-post-thumbnail","hentry","category-accueil-merge","category-accueil-third","category-societe","tag-247","tag-294","tag-canicule","tag-chaleur","tag-escalade","tag-gard","tag-herault","tag-kayak","tag-laroque","tag-occitanie","tag-randonnee","tag-rechauffement-climatique","tag-saint-jean-du-gard","tag-secheresse","tag-tourisme","news-destination-homepage","news-source-website"],"_links":{"self":[{"href":"https:\/\/euapp01.newsmemory.com\/lamarseillaise\/news\/wp-json\/wp\/v2\/posts\/37794","targetHints":{"allow":["GET"]}}],"collection":[{"href":"https:\/\/euapp01.newsmemory.com\/lamarseillaise\/news\/wp-json\/wp\/v2\/posts"}],"about":[{"href":"https:\/\/euapp01.newsmemory.com\/lamarseillaise\/news\/wp-json\/wp\/v2\/types\/post"}],"author":[{"embeddable":true,"href":"https:\/\/euapp01.newsmemory.com\/lamarseillaise\/news\/wp-json\/wp\/v2\/users\/1"}],"replies":[{"embeddable":true,"href":"https:\/\/euapp01.newsmemory.com\/lamarseillaise\/news\/wp-json\/wp\/v2\/comments?post=37794"}],"version-history":[{"count":1,"href":"https:\/\/euapp01.newsmemory.com\/lamarseillaise\/news\/wp-json\/wp\/v2\/posts\/37794\/revisions"}],"predecessor-version":[{"id":37796,"href":"https:\/\/euapp01.newsmemory.com\/lamarseillaise\/news\/wp-json\/wp\/v2\/posts\/37794\/revisions\/37796"}],"wp:featuredmedia":[{"embeddable":true,"href":"https:\/\/euapp01.newsmemory.com\/lamarseillaise\/news\/wp-json\/wp\/v2\/media\/37795"}],"wp:attachment":[{"href":"https:\/\/euapp01.newsmemory.com\/lamarseillaise\/news\/wp-json\/wp\/v2\/media?parent=37794"}],"wp:term":[{"taxonomy":"category","embeddable":true,"href":"https:\/\/euapp01.newsmemory.com\/lamarseillaise\/news\/wp-json\/wp\/v2\/categories?post=37794"},{"taxonomy":"post_tag","embeddable":true,"href":"https:\/\/euapp01.newsmemory.com\/lamarseillaise\/news\/wp-json\/wp\/v2\/tags?post=37794"},{"taxonomy":"news-destination","embeddable":true,"href":"https:\/\/euapp01.newsmemory.com\/lamarseillaise\/news\/wp-json\/wp\/v2\/news-destination?post=37794"},{"taxonomy":"news-source","embeddable":true,"href":"https:\/\/euapp01.newsmemory.com\/lamarseillaise\/news\/wp-json\/wp\/v2\/news-source?post=37794"},{"taxonomy":"is_homepage","embeddable":true,"href":"https:\/\/euapp01.newsmemory.com\/lamarseillaise\/news\/wp-json\/wp\/v2\/is_homepage?post=37794"},{"taxonomy":"ta_other","embeddable":true,"href":"https:\/\/euapp01.newsmemory.com\/lamarseillaise\/news\/wp-json\/wp\/v2\/ta_other?post=37794"}],"curies":[{"name":"wp","href":"https:\/\/api.w.org\/{rel}","templated":true}]}}