{"id":37791,"date":"2026-07-29T09:59:00","date_gmt":"2026-07-29T07:59:00","guid":{"rendered":"https:\/\/euapp01.newsmemory.com\/lamarseillaise\/news\/?p=37791"},"modified":"2026-07-29T10:28:22","modified_gmt":"2026-07-29T08:28:22","slug":"cest-lete-preparer-leclipse-solaire-a-la-bibliotheque-de-lalcazar-a-marseille","status":"publish","type":"post","link":"https:\/\/euapp01.newsmemory.com\/lamarseillaise\/news\/2026\/07\/29\/cest-lete-preparer-leclipse-solaire-a-la-bibliotheque-de-lalcazar-a-marseille\/","title":{"rendered":"[C\u2019est l\u2019\u00e9t\u00e9] Pr\u00e9parer l\u2019\u00e9clipse solaire \u00e0 la biblioth\u00e8que de l\u2019Alcazar \u00e0 Marseille"},"content":{"rendered":"<div class=\"paragraph\">\n<p><span class=\"mln_uppercase_mln\">\u00e0<\/span> partir de 18h, dans l\u2019auditorium de la biblioth\u00e8que r\u00e9gionale situ\u00e9e quartier Belsunce, ce mercredi 29\u00a0juillet, Michel Marcellin, astrophysicien, \u00e9voquera les \u00e9clipses qui ont eu lieu \u00e0 Marseille au XVIII<sup>e<\/sup>\u00a0et XIX<sup>e<\/sup>\u00a0si\u00e8cle. Le scientifique pr\u00e9cisera \u00e9galement quels sont les bons gestes \u00e0 respecter pour observer celle qui va avoir lieu en 2026 en toute s\u00e9curit\u00e9.<\/p>\n<\/p><\/div>\n<div class=\"paragraph\">\n<p><i>Sur inscription \u00e0 <a rel=\"nofollow noopener noreferrer\" href=\"https:\/\/www.academie-sla-marseille.fr\/\" target=\"_blank\">www.academie-sla-marseille.fr<\/a><\/i><\/p>\n<\/p><\/div>\n","protected":false},"excerpt":{"rendered":"&agrave; partir de 18h, dans l&rsquo;auditorium de la biblioth&egrave;que r&eacute;gionale situ&eacute;e quartier Belsunce, ce mercredi 29&nbsp;juillet, Michel Marcellin, astrophysicien, &eacute;voquera les &eacute;clipses qui ont eu lieu &agrave; &#8230;","protected":false},"author":1,"featured_media":37792,"comment_status":"open","ping_status":"open","sticky":false,"template":"","format":"standard","meta":{"footnotes":""},"categories":[20],"tags":[2922,1059,224,3444,1995,10,6085,16,353,111,1226,99],"news-destination":[],"news-source":[475],"is_homepage":[],"ta_other":[],"class_list":["post-37791","post","type-post","status-publish","format-standard","has-post-thumbnail","hentry","category-societe","tag-alcazar","tag-arts","tag-astronomie","tag-astrophysique","tag-bibliotheques","tag-bouches-du-rhone","tag-cest-lete","tag-marseille","tag-sciences","tag-securite","tag-soleil","tag-ville-de-marseille","news-source-website"],"_links":{"self":[{"href":"https:\/\/euapp01.newsmemory.com\/lamarseillaise\/news\/wp-json\/wp\/v2\/posts\/37791","targetHints":{"allow":["GET"]}}],"collection":[{"href":"https:\/\/euapp01.newsmemory.com\/lamarseillaise\/news\/wp-json\/wp\/v2\/posts"}],"about":[{"href":"https:\/\/euapp01.newsmemory.com\/lamarseillaise\/news\/wp-json\/wp\/v2\/types\/post"}],"author":[{"embeddable":true,"href":"https:\/\/euapp01.newsmemory.com\/lamarseillaise\/news\/wp-json\/wp\/v2\/users\/1"}],"replies":[{"embeddable":true,"href":"https:\/\/euapp01.newsmemory.com\/lamarseillaise\/news\/wp-json\/wp\/v2\/comments?post=37791"}],"version-history":[{"count":1,"href":"https:\/\/euapp01.newsmemory.com\/lamarseillaise\/news\/wp-json\/wp\/v2\/posts\/37791\/revisions"}],"predecessor-version":[{"id":37793,"href":"https:\/\/euapp01.newsmemory.com\/lamarseillaise\/news\/wp-json\/wp\/v2\/posts\/37791\/revisions\/37793"}],"wp:featuredmedia":[{"embeddable":true,"href":"https:\/\/euapp01.newsmemory.com\/lamarseillaise\/news\/wp-json\/wp\/v2\/media\/37792"}],"wp:attachment":[{"href":"https:\/\/euapp01.newsmemory.com\/lamarseillaise\/news\/wp-json\/wp\/v2\/media?parent=37791"}],"wp:term":[{"taxonomy":"category","embeddable":true,"href":"https:\/\/euapp01.newsmemory.com\/lamarseillaise\/news\/wp-json\/wp\/v2\/categories?post=37791"},{"taxonomy":"post_tag","embeddable":true,"href":"https:\/\/euapp01.newsmemory.com\/lamarseillaise\/news\/wp-json\/wp\/v2\/tags?post=37791"},{"taxonomy":"news-destination","embeddable":true,"href":"https:\/\/euapp01.newsmemory.com\/lamarseillaise\/news\/wp-json\/wp\/v2\/news-destination?post=37791"},{"taxonomy":"news-source","embeddable":true,"href":"https:\/\/euapp01.newsmemory.com\/lamarseillaise\/news\/wp-json\/wp\/v2\/news-source?post=37791"},{"taxonomy":"is_homepage","embeddable":true,"href":"https:\/\/euapp01.newsmemory.com\/lamarseillaise\/news\/wp-json\/wp\/v2\/is_homepage?post=37791"},{"taxonomy":"ta_other","embeddable":true,"href":"https:\/\/euapp01.newsmemory.com\/lamarseillaise\/news\/wp-json\/wp\/v2\/ta_other?post=37791"}],"curies":[{"name":"wp","href":"https:\/\/api.w.org\/{rel}","templated":true}]}}