{"id":37785,"date":"2026-07-29T09:49:00","date_gmt":"2026-07-29T07:49:00","guid":{"rendered":"https:\/\/euapp01.newsmemory.com\/lamarseillaise\/news\/?p=37785"},"modified":"2026-07-29T10:11:14","modified_gmt":"2026-07-29T08:11:14","slug":"cest-lete-partage-jeux-et-convivialite-a-marseille","status":"publish","type":"post","link":"https:\/\/euapp01.newsmemory.com\/lamarseillaise\/news\/2026\/07\/29\/cest-lete-partage-jeux-et-convivialite-a-marseille\/","title":{"rendered":"[C\u2019est l\u2019\u00e9t\u00e9] Partage, jeux et convivialit\u00e9 \u00e0 Marseille"},"content":{"rendered":"<div class=\"paragraph\">\n<p>Ce mercredi \u00e0 partir de 17h et jusqu\u2019\u00e0 21h, petits et grands sont attendus au parc ludico-sportif de La Solidarit\u00e9 dans le 15<sup>e<\/sup> arrondissement de la ville pour une soir\u00e9e plac\u00e9e sous le signe de la convivialit\u00e9 entre les diff\u00e9rentes g\u00e9n\u00e9rations pr\u00e9sentes.<\/p>\n<\/p><\/div>\n<div class=\"intext\"> Un esprit guinguette<br \/>\n               <br \/>ouvert \u00e0 tous\n              <\/div>\n<div class=\"paragraph\">\n<p>\u00ab\u00a0Jeux et danse en partage\u00a0\u00bb est un \u00e9v\u00e9nement gratuit ouvert \u00e0 tous les publics et organis\u00e9 par la Ville dans le cadre de sa programmation estivale. Et ce, en partenariat avec les centres sociaux la Savine, Kalliste, Bourrely, la Solidarit\u00e9 et la Martine.<\/p>\n<p>Au programme, des jeux divers, des tournois de p\u00e9tanque ou encore des d\u00e9couvertes et initiations sportives vous y attendent. Le tout dans un esprit guinguette qui aura de quoi ravir les minots et les adultes.<\/p>\n<p>Mais au-del\u00e0 des activit\u00e9s propos\u00e9es, c\u2019est avant tout un moment de partage interg\u00e9n\u00e9rationnel qui est offert aux Marseillais<\/p>\n<\/p><\/div>\n<div class=\"paragraph\">\n<p><i><\/i><\/p>\n<p><i>Rue Elie Kakou &#8211; R\u00e9sidence La Solidarit\u00e9<\/i><\/p>\n<\/p><\/div>\n","protected":false},"excerpt":{"rendered":"Ce mercredi &agrave; partir de 17h et jusqu&rsquo;&agrave; 21h, petits et grands sont attendus au parc ludico-sportif de La Solidarit&eacute; dans le 15e arrondissement de la ville pour une soir&eacute;e plac&eacute;e sous le signe de la &#8230;","protected":false},"author":1,"featured_media":37786,"comment_status":"open","ping_status":"open","sticky":false,"template":"","format":"standard","meta":{"footnotes":""},"categories":[20],"tags":[2873,10,6085,1774,1250,57,754,1083,2371,55,16,1819,1291,1432,1013,3336,99],"news-destination":[],"news-source":[475],"is_homepage":[],"ta_other":[],"class_list":["post-37785","post","type-post","status-publish","format-standard","has-post-thumbnail","hentry","category-societe","tag-activites-de-loisirs","tag-bouches-du-rhone","tag-cest-lete","tag-centres-sociaux","tag-danse","tag-enfants","tag-familles","tag-gratuit","tag-jeux","tag-loisirs","tag-marseille","tag-marseille-15e-arrondissement","tag-parc","tag-partage","tag-petanque","tag-tournoi","tag-ville-de-marseille","news-source-website"],"_links":{"self":[{"href":"https:\/\/euapp01.newsmemory.com\/lamarseillaise\/news\/wp-json\/wp\/v2\/posts\/37785","targetHints":{"allow":["GET"]}}],"collection":[{"href":"https:\/\/euapp01.newsmemory.com\/lamarseillaise\/news\/wp-json\/wp\/v2\/posts"}],"about":[{"href":"https:\/\/euapp01.newsmemory.com\/lamarseillaise\/news\/wp-json\/wp\/v2\/types\/post"}],"author":[{"embeddable":true,"href":"https:\/\/euapp01.newsmemory.com\/lamarseillaise\/news\/wp-json\/wp\/v2\/users\/1"}],"replies":[{"embeddable":true,"href":"https:\/\/euapp01.newsmemory.com\/lamarseillaise\/news\/wp-json\/wp\/v2\/comments?post=37785"}],"version-history":[{"count":1,"href":"https:\/\/euapp01.newsmemory.com\/lamarseillaise\/news\/wp-json\/wp\/v2\/posts\/37785\/revisions"}],"predecessor-version":[{"id":37787,"href":"https:\/\/euapp01.newsmemory.com\/lamarseillaise\/news\/wp-json\/wp\/v2\/posts\/37785\/revisions\/37787"}],"wp:featuredmedia":[{"embeddable":true,"href":"https:\/\/euapp01.newsmemory.com\/lamarseillaise\/news\/wp-json\/wp\/v2\/media\/37786"}],"wp:attachment":[{"href":"https:\/\/euapp01.newsmemory.com\/lamarseillaise\/news\/wp-json\/wp\/v2\/media?parent=37785"}],"wp:term":[{"taxonomy":"category","embeddable":true,"href":"https:\/\/euapp01.newsmemory.com\/lamarseillaise\/news\/wp-json\/wp\/v2\/categories?post=37785"},{"taxonomy":"post_tag","embeddable":true,"href":"https:\/\/euapp01.newsmemory.com\/lamarseillaise\/news\/wp-json\/wp\/v2\/tags?post=37785"},{"taxonomy":"news-destination","embeddable":true,"href":"https:\/\/euapp01.newsmemory.com\/lamarseillaise\/news\/wp-json\/wp\/v2\/news-destination?post=37785"},{"taxonomy":"news-source","embeddable":true,"href":"https:\/\/euapp01.newsmemory.com\/lamarseillaise\/news\/wp-json\/wp\/v2\/news-source?post=37785"},{"taxonomy":"is_homepage","embeddable":true,"href":"https:\/\/euapp01.newsmemory.com\/lamarseillaise\/news\/wp-json\/wp\/v2\/is_homepage?post=37785"},{"taxonomy":"ta_other","embeddable":true,"href":"https:\/\/euapp01.newsmemory.com\/lamarseillaise\/news\/wp-json\/wp\/v2\/ta_other?post=37785"}],"curies":[{"name":"wp","href":"https:\/\/api.w.org\/{rel}","templated":true}]}}