{"id":37779,"date":"2026-07-29T09:52:00","date_gmt":"2026-07-29T07:52:00","guid":{"rendered":"https:\/\/euapp01.newsmemory.com\/lamarseillaise\/news\/?p=37779"},"modified":"2026-08-04T08:01:34","modified_gmt":"2026-08-04T06:01:34","slug":"cest-lete-au-centre-fabien-menot-a-port-de-bouc-le-lien-social-se-renove","status":"publish","type":"post","link":"https:\/\/euapp01.newsmemory.com\/lamarseillaise\/news\/2026\/07\/29\/cest-lete-au-centre-fabien-menot-a-port-de-bouc-le-lien-social-se-renove\/","title":{"rendered":"[C\u2019est l\u2019\u00e9t\u00e9] Au centre Fabien Menot \u00e0 Port-de-Bouc, le lien social se r\u00e9nove"},"content":{"rendered":"<div class=\"paragraph\">\n<p>Deux ans et bien des changements. <a rel=\"noopener noreferrer\" href=\"https:\/\/www.lamarseillaise.fr\/social\/un-centre-social-est-un-lieu-d-education-populaire-LG16457682\" target=\"_blank\">Depuis son arriv\u00e9e en mai\u00a02024, le directeur du centre social Fabien-Menot, Maxime Tardivel<\/a>, dresse un bilan positif en cette fin juillet. \u00ab\u00a0<i>Nous sommes sortis du comit\u00e9 de suivi de la CAF, l\u2019instance pour les centres sociaux en difficult\u00e9, par le renouvellement de notre agr\u00e9ment avec le nouveau projet social 2026-2028<\/i>\u00a0\u00bb, se f\u00e9licite-t-il.<\/p>\n<p>Ce projet s\u2019adapte l\u2019\u00e9t\u00e9 venu. \u00ab\u00a0<i>On est plus sur des activit\u00e9s d\u00e9tente, vacances. On a plus de temps pour se poser sur les bancs, devant le centre, pour discuter avec les habitants<\/i>\u00a0\u00bb, relate le directeur, m\u00eame s\u2019il y a \u00ab\u00a0<i>moins de monde dans le quartier, avec les vacances et retours au pays<\/i>\u00a0\u00bb. Il ajoute\u00a0: \u00ab\u00a0<i>Ceux qui restent sont ceux qui ont le plus besoin de nous, pour s\u2019\u00e9vader ou r\u00eaver un peu.<\/i><i>\u00a0<\/i>\u00bb C\u2019est l\u2019id\u00e9e du dispositif Quartiers d\u2019\u00e9t\u00e9. \u00ab\u00a0<i>Depuis deux ans, cela finance des sorties familles communes aux quatre centres sociaux de Port-de-Bouc, port\u00e9 par Mandela<\/i>\u00a0\u00bb, indique Maxime Tardivel.<\/p>\n<p>Mais il existe une probl\u00e9matique bien particuli\u00e8re, l\u2019\u00e9t\u00e9, sur la Presqu\u2019\u00eele. \u00ab\u00a0<i>L\u2019acc\u00e8s \u00e0 la piscine et l\u2019apprentissage de la nage, c\u2019est difficile, alors qu\u2019on est dans un quartier cern\u00e9 par l\u2019eau. On propose des activit\u00e9s aquatiques, dont le \u201csavoir nager\u201d, qui aura lieu la semaine prochaine, o\u00f9 trois centres sociaux de la ville vont emmener une cinquantaine de jeunes apprendre la nage<\/i>\u00a0\u00bb, d\u00e9veloppe le directeur.<\/p>\n<\/p><\/div>\n<div class=\"intext\"> \u00ab\u00a0Nous sommes dans<br \/>\n               <br \/>une vraie qu\u00eate de sens\u00a0\u00bb\n              <\/div>\n<div class=\"paragraph\">\n<p>Ayant d\u00e9j\u00e0 \u00e9t\u00e9 directeur de centre social auparavant, Maxime Tardivel voit une \u00e9volution du m\u00e9tier depuis les d\u00e9buts de la politique de la Ville, dans les ann\u00e9es\u00a01980. \u00ab\u00a0<i>Aujourd\u2019hui, on est sur une vraie qu\u00eate de sens sur ce que nous pouvons apporter aux populations avec qui on travaille, que ce soit les habitants des quartiers populaires ou r\u00e9sidentiels. L\u2019objectif est de mettre ensemble les gens, le centre social, c\u2019est pour tout le monde, pas que pour les \u201ccassos\u201d<\/i><i>\u00a0<\/i><i>!<\/i>\u00a0\u00bb, affirme-t-il.<\/p>\n<p>Cela prend du temps, \u00ab\u00a0<i>pour installer le vivre-ensemble, \u00e7a ne se d\u00e9cr\u00e8te pas<\/i>\u00a0\u00bb, selon lui. Les repas r\u00e9guli\u00e8rement organis\u00e9s par le centre sont des moments importants de lien social\u00a0: \u00ab\u00a0<i>Nous sommes des ambassadeurs de bienveillance<\/i>\u00a0\u00bb, lance-t-il.<\/p>\n<p>Cette d\u00e9marche vaut aussi pour le jeune public accueilli. \u00ab<i>\u00a0<\/i><i>Il est parfois plus difficile de mettre en action les jeunes, notamment \u00e0 cause des \u00e9crans dans leur poche dont il n\u2019est pas \u00e9vident de sortir. Dans une soci\u00e9t\u00e9 o\u00f9 tout est fait pour nous inciter \u00e0 consommer, il faut les inciter \u00e0 \u00eatre acteurs de leur vie, donner envie de cr\u00e9er des projets pour y arriver. On a un peu plus de mal \u00e0 le mettre en place qu\u2019auparavant<\/i>\u00a0\u00bb, remarque Maxime Tardivel.<\/p>\n<p><i>La Gazette de la Presqu\u2019\u00eele<\/i>, journal de quartier r\u00e9alis\u00e9 avec les jeunes, r\u00e9pond \u00e0 cette probl\u00e9matique et \u00e0 celle \u00ab\u00a0<i>de faire le tri dans les infos<\/i>\u00a0\u00bb, selon le directeur. \u00ab<i>\u00a0<\/i><i>Beaucoup d\u2019habitants se plaignaient de passer \u00e0 travers l\u2019info. On a fait le lien avec les jeunes qui se sont investis dans le journalisme<\/i>\u00a0\u00bb, \u00e0 travers plusieurs stages. \u00ab\u00a0<i>S\u2019ils connaissent les m\u00e9canismes de construction de l\u2019info, ils sauront mieux diff\u00e9rencier les fake news et les infos orient\u00e9es. J\u2019esp\u00e8re qu\u2019ils pourront vite \u00e9crire et faire des choix <\/i><i>\u00e9ditoriaux<\/i>\u00a0\u00bb, conclut le directeur. \u00c0 d\u00e9marche in\u00e9dite, enjeux in\u00e9dits.<\/p>\n<\/p><\/div>\n","protected":false},"excerpt":{"rendered":"Deux ans et bien des changements. Depuis son arriv&eacute;e en mai&nbsp;2024, le directeur du centre social Fabien-Menot, Maxime Tardivel, dresse un bilan positif en cette fin juillet. &laquo;&nbsp;Nous sommes sortis du comit&eacute; de suivi de la &#8230;","protected":false},"author":1,"featured_media":37780,"comment_status":"open","ping_status":"open","sticky":false,"template":"","format":"standard","meta":{"footnotes":""},"categories":[3926,3925,20],"tags":[100,10,6085,1598,501,1774,35,336,1609,754,2096,59,2242,1553,3793,5394,508,667,1526,2290,1361],"news-destination":[3944],"news-source":[475],"is_homepage":[],"ta_other":[],"class_list":["post-37779","post","type-post","status-publish","format-standard","has-post-thumbnail","hentry","category-accueil-merge","category-accueil-third","category-societe","tag-activites","tag-bouches-du-rhone","tag-cest-lete","tag-caf","tag-centre-social","tag-centres-sociaux","tag-culture","tag-ete","tag-fake-news","tag-familles","tag-jeune-public","tag-jeunes","tag-journalisme","tag-lien-social","tag-mieux-vivre-ensemble","tag-nage","tag-politique-de-la-ville","tag-port-de-bouc","tag-quartier-prioritaire","tag-quartiers-populaires","tag-vacances","news-destination-homepage","news-source-website"],"_links":{"self":[{"href":"https:\/\/euapp01.newsmemory.com\/lamarseillaise\/news\/wp-json\/wp\/v2\/posts\/37779","targetHints":{"allow":["GET"]}}],"collection":[{"href":"https:\/\/euapp01.newsmemory.com\/lamarseillaise\/news\/wp-json\/wp\/v2\/posts"}],"about":[{"href":"https:\/\/euapp01.newsmemory.com\/lamarseillaise\/news\/wp-json\/wp\/v2\/types\/post"}],"author":[{"embeddable":true,"href":"https:\/\/euapp01.newsmemory.com\/lamarseillaise\/news\/wp-json\/wp\/v2\/users\/1"}],"replies":[{"embeddable":true,"href":"https:\/\/euapp01.newsmemory.com\/lamarseillaise\/news\/wp-json\/wp\/v2\/comments?post=37779"}],"version-history":[{"count":1,"href":"https:\/\/euapp01.newsmemory.com\/lamarseillaise\/news\/wp-json\/wp\/v2\/posts\/37779\/revisions"}],"predecessor-version":[{"id":37781,"href":"https:\/\/euapp01.newsmemory.com\/lamarseillaise\/news\/wp-json\/wp\/v2\/posts\/37779\/revisions\/37781"}],"wp:featuredmedia":[{"embeddable":true,"href":"https:\/\/euapp01.newsmemory.com\/lamarseillaise\/news\/wp-json\/wp\/v2\/media\/37780"}],"wp:attachment":[{"href":"https:\/\/euapp01.newsmemory.com\/lamarseillaise\/news\/wp-json\/wp\/v2\/media?parent=37779"}],"wp:term":[{"taxonomy":"category","embeddable":true,"href":"https:\/\/euapp01.newsmemory.com\/lamarseillaise\/news\/wp-json\/wp\/v2\/categories?post=37779"},{"taxonomy":"post_tag","embeddable":true,"href":"https:\/\/euapp01.newsmemory.com\/lamarseillaise\/news\/wp-json\/wp\/v2\/tags?post=37779"},{"taxonomy":"news-destination","embeddable":true,"href":"https:\/\/euapp01.newsmemory.com\/lamarseillaise\/news\/wp-json\/wp\/v2\/news-destination?post=37779"},{"taxonomy":"news-source","embeddable":true,"href":"https:\/\/euapp01.newsmemory.com\/lamarseillaise\/news\/wp-json\/wp\/v2\/news-source?post=37779"},{"taxonomy":"is_homepage","embeddable":true,"href":"https:\/\/euapp01.newsmemory.com\/lamarseillaise\/news\/wp-json\/wp\/v2\/is_homepage?post=37779"},{"taxonomy":"ta_other","embeddable":true,"href":"https:\/\/euapp01.newsmemory.com\/lamarseillaise\/news\/wp-json\/wp\/v2\/ta_other?post=37779"}],"curies":[{"name":"wp","href":"https:\/\/api.w.org\/{rel}","templated":true}]}}