{"id":37776,"date":"2026-07-29T09:17:00","date_gmt":"2026-07-29T07:17:00","guid":{"rendered":"https:\/\/euapp01.newsmemory.com\/lamarseillaise\/news\/?p=37776"},"modified":"2026-07-29T10:16:04","modified_gmt":"2026-07-29T08:16:04","slug":"cest-lete-gracieux-et-gracile-le-jazz-trouve-sa-place-a-toulon","status":"publish","type":"post","link":"https:\/\/euapp01.newsmemory.com\/lamarseillaise\/news\/2026\/07\/29\/cest-lete-gracieux-et-gracile-le-jazz-trouve-sa-place-a-toulon\/","title":{"rendered":"[C\u2019est l\u2019\u00e9t\u00e9] Gracieux et gracile, le jazz trouve sa place \u00e0 Toulon"},"content":{"rendered":"<div class=\"paragraph\">\n<p>Apr\u00e8s son ouverture le 26\u00a0juillet avec la venue du Spanish Harlem Orchestra, le festival Jazz \u00e0 Toulon poursuit sa route m\u00e9lodieuse sur les \u00ab\u00a0<i>sonorit\u00e9s du monde. Une odyss\u00e9e sonore o\u00f9 les fronti\u00e8res s\u2019effacent au profit de l\u2019\u00e9motion pure<\/i>\u00a0\u00bb, indique-t-on du c\u00f4t\u00e9 de la municipalit\u00e9.<\/p>\n<p>Au total, une vingtaine de concerts, le prochain co\u00efncidant avec la venue du quartet suisse Mohs, jeudi sur la place Bouzigues \u00e0 21h30. Mohs, comme le nom d\u2019un g\u00e9ologue du XVIII<sup>e<\/sup>\u00a0si\u00e8cle, connu pour avoir class\u00e9 les min\u00e9raux selon leur duret\u00e9, \u00e0 l\u2019image des multiples textures sonores dont le groupe fait montre.<\/p>\n<p>Le lendemain, changement d\u2019ambiance avec le concert d\u2019Alfredo Rodriguez sur la place Raspail. Cette figure pianistique de la sc\u00e8ne contemporaine cubaine aura l\u2019occasion de pr\u00e9senter <i>Take cover<\/i>, album qui revisite des tubes tels que <i>The pink panther<\/i> ou <i>Hotel California<\/i> en mode afro-cubain.<\/p>\n<\/p><\/div>\n<div class=\"intext\"> Sons en fusion\n              <\/div>\n<div class=\"paragraph\">\n<p>Samedi 1<sup>er<\/sup>\u00a0ao\u00fbt, le public de la place de l\u2019\u00c9querre pourra quant \u00e0 lui se r\u00e9gler au rythme de Solaxis. Port\u00e9 par la saxophoniste Lisa Cat-Berro, un quintet de cuivres explorant \u00ab\u00a0<i>toutes les possibilit\u00e9s sonores<\/i>\u00a0\u00bb offertes par cet instrument. Autant de concerts qui \u00ab\u00a0<i>transforment Toulon en une sc\u00e8ne de jazz \u00e0 ciel ouvert<\/i>\u00a0\u00bb, r\u00e9sume la Ville, qui programmera \u00e9galement Fabiola Mendez, le lundi 3\u00a0ao\u00fbt, place Martin-Bidour\u00e9. Une joueuse portoricaine de cuatro, cette petite guitare tr\u00e8s r\u00e9pandue en Am\u00e9rique latine, qui ne l\u00e9sine pas sur la musique folk. Des sons en fusion, dont l\u2019organiste new-yorkais Cory Henry et le trompettiste suisse Erik Truffaz se sont aussi fait l\u2019apanage, eux qui se produiront respectivement les 6 et 7\u00a0ao\u00fbt sur les plages du Mourillon.<\/p>\n<\/p><\/div>\n","protected":false},"excerpt":{"rendered":"Apr&egrave;s son ouverture le 26&nbsp;juillet avec la venue du Spanish Harlem Orchestra, le festival Jazz &agrave; Toulon poursuit sa route m&eacute;lodieuse sur les &laquo;&nbsp;sonorit&eacute;s du monde. Une odyss&eacute;e sonore o&ugrave; les &#8230;","protected":false},"author":1,"featured_media":37777,"comment_status":"open","ping_status":"open","sticky":false,"template":"","format":"standard","meta":{"footnotes":""},"categories":[32],"tags":[6085,400,329,1083,40,325,888,529,597,31],"news-destination":[],"news-source":[475],"is_homepage":[],"ta_other":[],"class_list":["post-37776","post","type-post","status-publish","format-standard","has-post-thumbnail","hentry","category-culture","tag-cest-lete","tag-concerts","tag-festival","tag-gratuit","tag-jazz","tag-musique","tag-plages","tag-spectacle","tag-toulon","tag-var","news-source-website"],"_links":{"self":[{"href":"https:\/\/euapp01.newsmemory.com\/lamarseillaise\/news\/wp-json\/wp\/v2\/posts\/37776","targetHints":{"allow":["GET"]}}],"collection":[{"href":"https:\/\/euapp01.newsmemory.com\/lamarseillaise\/news\/wp-json\/wp\/v2\/posts"}],"about":[{"href":"https:\/\/euapp01.newsmemory.com\/lamarseillaise\/news\/wp-json\/wp\/v2\/types\/post"}],"author":[{"embeddable":true,"href":"https:\/\/euapp01.newsmemory.com\/lamarseillaise\/news\/wp-json\/wp\/v2\/users\/1"}],"replies":[{"embeddable":true,"href":"https:\/\/euapp01.newsmemory.com\/lamarseillaise\/news\/wp-json\/wp\/v2\/comments?post=37776"}],"version-history":[{"count":1,"href":"https:\/\/euapp01.newsmemory.com\/lamarseillaise\/news\/wp-json\/wp\/v2\/posts\/37776\/revisions"}],"predecessor-version":[{"id":37778,"href":"https:\/\/euapp01.newsmemory.com\/lamarseillaise\/news\/wp-json\/wp\/v2\/posts\/37776\/revisions\/37778"}],"wp:featuredmedia":[{"embeddable":true,"href":"https:\/\/euapp01.newsmemory.com\/lamarseillaise\/news\/wp-json\/wp\/v2\/media\/37777"}],"wp:attachment":[{"href":"https:\/\/euapp01.newsmemory.com\/lamarseillaise\/news\/wp-json\/wp\/v2\/media?parent=37776"}],"wp:term":[{"taxonomy":"category","embeddable":true,"href":"https:\/\/euapp01.newsmemory.com\/lamarseillaise\/news\/wp-json\/wp\/v2\/categories?post=37776"},{"taxonomy":"post_tag","embeddable":true,"href":"https:\/\/euapp01.newsmemory.com\/lamarseillaise\/news\/wp-json\/wp\/v2\/tags?post=37776"},{"taxonomy":"news-destination","embeddable":true,"href":"https:\/\/euapp01.newsmemory.com\/lamarseillaise\/news\/wp-json\/wp\/v2\/news-destination?post=37776"},{"taxonomy":"news-source","embeddable":true,"href":"https:\/\/euapp01.newsmemory.com\/lamarseillaise\/news\/wp-json\/wp\/v2\/news-source?post=37776"},{"taxonomy":"is_homepage","embeddable":true,"href":"https:\/\/euapp01.newsmemory.com\/lamarseillaise\/news\/wp-json\/wp\/v2\/is_homepage?post=37776"},{"taxonomy":"ta_other","embeddable":true,"href":"https:\/\/euapp01.newsmemory.com\/lamarseillaise\/news\/wp-json\/wp\/v2\/ta_other?post=37776"}],"curies":[{"name":"wp","href":"https:\/\/api.w.org\/{rel}","templated":true}]}}