{"id":37773,"date":"2026-07-29T08:57:00","date_gmt":"2026-07-29T06:57:00","guid":{"rendered":"https:\/\/euapp01.newsmemory.com\/lamarseillaise\/news\/?p=37773"},"modified":"2026-08-04T08:01:34","modified_gmt":"2026-08-04T06:01:34","slug":"le-pcf-plaide-pour-des-moyens-au-fregate-f-100","status":"publish","type":"post","link":"https:\/\/euapp01.newsmemory.com\/lamarseillaise\/news\/2026\/07\/29\/le-pcf-plaide-pour-des-moyens-au-fregate-f-100\/","title":{"rendered":"Le PCF plaide pour des moyens au Fregate F-100"},"content":{"rendered":"<div class=\"paragraph\">\n<p>Apr\u00e8s le secr\u00e9taire f\u00e9d\u00e9ral des Bouches-du-Rh\u00f4ne J\u00e9r\u00e9my Bacchi, c\u2019est au niveau national que le PCF monte au cr\u00e9neau pour demander que \u00ab\u00a0<i>la soci\u00e9t\u00e9 Hynaero avec son Fr\u00e9gate F-100 soit b\u00e9n\u00e9ficiaire des cr\u00e9dits n\u00e9cessaires et suffisants afin de mener \u00e0 bien et dans des d\u00e9lais les plus courts possibles cet avion bombardier d\u2019eau qui fait cruellement d\u00e9faut aujourd\u2019hui et peut-\u00eatre encore plus demain<\/i>\u00a0\u00bb, dans un communiqu\u00e9 de la commission D\u00e9fense et industries strat\u00e9giques du secteur international du PCF.<\/p>\n<p>Non que Jean-Charles Schmidt, responsable de cette commission, soit contre les projets en cours d\u2019adaptation d\u2019avions existants &#8211;\u00a0il rappelle notamment que le Parti communiste avait port\u00e9 dans les ann\u00e9es 1980 la proposition d\u2019adapter un avion militaire <br \/>C -160 Transall\u00a0&#8211; mais parce que \u00ab\u00a0<i>transformer un avion militaire ou un avion de ligne ne remplacera jamais un avion \u00e9tudi\u00e9 et fabriqu\u00e9 pour la mission a laquelle il est d\u00e9di\u00e9<\/i>\u00a0\u00bb.<\/p>\n<p>\u00ab\u00a0<i>Avec sa capacit\u00e9 de 10<\/i><i>\u00a0<\/i><i>tonnes d\u2019eau, le Fregate-F100 apporte un bond capacitaire par rapport aux avions qui ont fait r\u00e9f\u00e9rence jusqu\u2019\u00e0 ce jour<\/i><i>\u00a0<\/i>\u00bb, appr\u00e9cie encore Jean-Charles Schmidt, qui souligne \u00e9galement les \u00ab\u00a0<i>plus de 4h d\u2019autonomie de vol<\/i><i>\u00a0<\/i>\u00bb ou \u00ab\u00a0<i>une autonomie de plus de 3h de combat sur les feux \u00e0 250<\/i><i>\u00a0<\/i><i>km de la base de stationnement<\/i>\u00a0\u00bb.<\/p>\n<p>Le responsable communiste souligne enfin que pour la soci\u00e9t\u00e9 Hynaero, qui devra \u00eatre install\u00e9e \u00e0 Istres, ait les moyens d\u2019aboutir \u00ab\u00a0<i>une partie des profits des grandes entreprises a\u00e9ronautiques doit \u00eatre mobilis\u00e9e au service de la France et de sa population<\/i>\u00a0\u00bb et que \u00ab\u00a0<i>les actionnaires devront faire preuve de patriotisme et non d\u2019\u00e9go\u00efsme<\/i><i>\u00a0<\/i>\u00bb.<\/p>\n<\/p><\/div>\n","protected":false},"excerpt":{"rendered":"Apr&egrave;s le secr&eacute;taire f&eacute;d&eacute;ral des Bouches-du-Rh&ocirc;ne J&eacute;r&eacute;my Bacchi, c&rsquo;est au niveau national que le PCF monte au cr&eacute;neau pour demander que &laquo;&nbsp;la soci&eacute;t&eacute; Hynaero avec &#8230;","protected":false},"author":1,"featured_media":37774,"comment_status":"open","ping_status":"open","sticky":false,"template":"","format":"standard","meta":{"footnotes":""},"categories":[3926,3925,1854,330],"tags":[1352,4635,10,600,1673,572,1396,624,534,748,1188,250],"news-destination":[3944],"news-source":[475],"is_homepage":[],"ta_other":[],"class_list":["post-37773","post","type-post","status-publish","format-standard","has-post-thumbnail","hentry","category-accueil-merge","category-accueil-third","category-france","category-politique","tag-aeronautique","tag-avion","tag-bouches-du-rhone","tag-defense","tag-feux","tag-france","tag-incendies","tag-industrie","tag-istres","tag-jeremy-bacchi","tag-moyens","tag-pcf","news-destination-homepage","news-source-website"],"_links":{"self":[{"href":"https:\/\/euapp01.newsmemory.com\/lamarseillaise\/news\/wp-json\/wp\/v2\/posts\/37773","targetHints":{"allow":["GET"]}}],"collection":[{"href":"https:\/\/euapp01.newsmemory.com\/lamarseillaise\/news\/wp-json\/wp\/v2\/posts"}],"about":[{"href":"https:\/\/euapp01.newsmemory.com\/lamarseillaise\/news\/wp-json\/wp\/v2\/types\/post"}],"author":[{"embeddable":true,"href":"https:\/\/euapp01.newsmemory.com\/lamarseillaise\/news\/wp-json\/wp\/v2\/users\/1"}],"replies":[{"embeddable":true,"href":"https:\/\/euapp01.newsmemory.com\/lamarseillaise\/news\/wp-json\/wp\/v2\/comments?post=37773"}],"version-history":[{"count":1,"href":"https:\/\/euapp01.newsmemory.com\/lamarseillaise\/news\/wp-json\/wp\/v2\/posts\/37773\/revisions"}],"predecessor-version":[{"id":37775,"href":"https:\/\/euapp01.newsmemory.com\/lamarseillaise\/news\/wp-json\/wp\/v2\/posts\/37773\/revisions\/37775"}],"wp:featuredmedia":[{"embeddable":true,"href":"https:\/\/euapp01.newsmemory.com\/lamarseillaise\/news\/wp-json\/wp\/v2\/media\/37774"}],"wp:attachment":[{"href":"https:\/\/euapp01.newsmemory.com\/lamarseillaise\/news\/wp-json\/wp\/v2\/media?parent=37773"}],"wp:term":[{"taxonomy":"category","embeddable":true,"href":"https:\/\/euapp01.newsmemory.com\/lamarseillaise\/news\/wp-json\/wp\/v2\/categories?post=37773"},{"taxonomy":"post_tag","embeddable":true,"href":"https:\/\/euapp01.newsmemory.com\/lamarseillaise\/news\/wp-json\/wp\/v2\/tags?post=37773"},{"taxonomy":"news-destination","embeddable":true,"href":"https:\/\/euapp01.newsmemory.com\/lamarseillaise\/news\/wp-json\/wp\/v2\/news-destination?post=37773"},{"taxonomy":"news-source","embeddable":true,"href":"https:\/\/euapp01.newsmemory.com\/lamarseillaise\/news\/wp-json\/wp\/v2\/news-source?post=37773"},{"taxonomy":"is_homepage","embeddable":true,"href":"https:\/\/euapp01.newsmemory.com\/lamarseillaise\/news\/wp-json\/wp\/v2\/is_homepage?post=37773"},{"taxonomy":"ta_other","embeddable":true,"href":"https:\/\/euapp01.newsmemory.com\/lamarseillaise\/news\/wp-json\/wp\/v2\/ta_other?post=37773"}],"curies":[{"name":"wp","href":"https:\/\/api.w.org\/{rel}","templated":true}]}}