{"id":37770,"date":"2026-07-29T08:14:00","date_gmt":"2026-07-29T06:14:00","guid":{"rendered":"https:\/\/euapp01.newsmemory.com\/lamarseillaise\/news\/?p=37770"},"modified":"2026-07-29T10:11:14","modified_gmt":"2026-07-29T08:11:14","slug":"une-bretelle-ouvre-au-carrefour-de-bonpas-a-avignon","status":"publish","type":"post","link":"https:\/\/euapp01.newsmemory.com\/lamarseillaise\/news\/2026\/07\/29\/une-bretelle-ouvre-au-carrefour-de-bonpas-a-avignon\/","title":{"rendered":"Une bretelle ouvre au carrefour de Bonpas \u00e0 Avignon"},"content":{"rendered":"<div class=\"paragraph\">\n<p>\u00ab\u00a0<i>Une nouvelle \u00e9tape franchie pour ce chantier qui va durablement changer la vie quotidienne de nombreux Vauclusiens<\/i>\u00a0\u00bb, se r\u00e9jouit le D\u00e9partement, dans un communiqu\u00e9 de presse. Pour rappel, la fin du projet est estim\u00e9e \u00e0 courant 2027 par la pr\u00e9sidente. Est \u00e9galement pr\u00e9vu, d\u2019ici \u00e0 la fin de l\u2019ann\u00e9e, un parking de covoiturage \u00e0 proximit\u00e9 du p\u00e9age. Le budget total pour lever ce \u00ab\u00a0point noir du trafic\u00a0\u00bb est de 38\u00a0millions d\u2019euros.<\/p>\n<\/p><\/div>\n","protected":false},"excerpt":{"rendered":"&laquo;&nbsp;Une nouvelle &eacute;tape franchie pour ce chantier qui va durablement changer la vie quotidienne de nombreux Vauclusiens&nbsp;&raquo;, se r&eacute;jouit le D&eacute;partement, dans un communiqu&eacute; de presse. Pour rappel, la fin du &#8230;","protected":false},"author":1,"featured_media":37771,"comment_status":"open","ping_status":"open","sticky":false,"template":"","format":"standard","meta":{"footnotes":""},"categories":[20],"tags":[174,2022,1619,1420,1955,206,522,1742,171],"news-destination":[],"news-source":[475],"is_homepage":[],"ta_other":[],"class_list":["post-37770","post","type-post","status-publish","format-standard","has-post-thumbnail","hentry","category-societe","tag-avignon","tag-carrefour","tag-chantier","tag-circulation","tag-covoiturage","tag-dominique-santoni","tag-proximite","tag-trafic","tag-vaucluse","news-source-website"],"_links":{"self":[{"href":"https:\/\/euapp01.newsmemory.com\/lamarseillaise\/news\/wp-json\/wp\/v2\/posts\/37770","targetHints":{"allow":["GET"]}}],"collection":[{"href":"https:\/\/euapp01.newsmemory.com\/lamarseillaise\/news\/wp-json\/wp\/v2\/posts"}],"about":[{"href":"https:\/\/euapp01.newsmemory.com\/lamarseillaise\/news\/wp-json\/wp\/v2\/types\/post"}],"author":[{"embeddable":true,"href":"https:\/\/euapp01.newsmemory.com\/lamarseillaise\/news\/wp-json\/wp\/v2\/users\/1"}],"replies":[{"embeddable":true,"href":"https:\/\/euapp01.newsmemory.com\/lamarseillaise\/news\/wp-json\/wp\/v2\/comments?post=37770"}],"version-history":[{"count":1,"href":"https:\/\/euapp01.newsmemory.com\/lamarseillaise\/news\/wp-json\/wp\/v2\/posts\/37770\/revisions"}],"predecessor-version":[{"id":37772,"href":"https:\/\/euapp01.newsmemory.com\/lamarseillaise\/news\/wp-json\/wp\/v2\/posts\/37770\/revisions\/37772"}],"wp:featuredmedia":[{"embeddable":true,"href":"https:\/\/euapp01.newsmemory.com\/lamarseillaise\/news\/wp-json\/wp\/v2\/media\/37771"}],"wp:attachment":[{"href":"https:\/\/euapp01.newsmemory.com\/lamarseillaise\/news\/wp-json\/wp\/v2\/media?parent=37770"}],"wp:term":[{"taxonomy":"category","embeddable":true,"href":"https:\/\/euapp01.newsmemory.com\/lamarseillaise\/news\/wp-json\/wp\/v2\/categories?post=37770"},{"taxonomy":"post_tag","embeddable":true,"href":"https:\/\/euapp01.newsmemory.com\/lamarseillaise\/news\/wp-json\/wp\/v2\/tags?post=37770"},{"taxonomy":"news-destination","embeddable":true,"href":"https:\/\/euapp01.newsmemory.com\/lamarseillaise\/news\/wp-json\/wp\/v2\/news-destination?post=37770"},{"taxonomy":"news-source","embeddable":true,"href":"https:\/\/euapp01.newsmemory.com\/lamarseillaise\/news\/wp-json\/wp\/v2\/news-source?post=37770"},{"taxonomy":"is_homepage","embeddable":true,"href":"https:\/\/euapp01.newsmemory.com\/lamarseillaise\/news\/wp-json\/wp\/v2\/is_homepage?post=37770"},{"taxonomy":"ta_other","embeddable":true,"href":"https:\/\/euapp01.newsmemory.com\/lamarseillaise\/news\/wp-json\/wp\/v2\/ta_other?post=37770"}],"curies":[{"name":"wp","href":"https:\/\/api.w.org\/{rel}","templated":true}]}}