{"id":37767,"date":"2026-07-29T08:50:00","date_gmt":"2026-07-29T06:50:00","guid":{"rendered":"https:\/\/euapp01.newsmemory.com\/lamarseillaise\/news\/?p=37767"},"modified":"2026-07-29T10:11:14","modified_gmt":"2026-07-29T08:11:14","slug":"au-rove-de-nouveaux-services-pour-les-familles-a-la-rentree","status":"publish","type":"post","link":"https:\/\/euapp01.newsmemory.com\/lamarseillaise\/news\/2026\/07\/29\/au-rove-de-nouveaux-services-pour-les-familles-a-la-rentree\/","title":{"rendered":"Au Rove, de nouveaux services pour les familles \u00e0 la rentr\u00e9e"},"content":{"rendered":"<div class=\"paragraph\">\n<p>Garderie p\u00e9riscolaire, accueil extrascolaire du mercredi et restauration scolaire\u00a0: les inscriptions pour les diff\u00e9rents services d\u00e9di\u00e9s aux enfants et aux familles sont ouvertes.<\/p>\n<p>Parmi les \u00e9volutions majeures figure l\u2019\u00e9largissement des horaires d\u2019accueil p\u00e9riscolaire. D\u00e8s septembre, les familles pourront b\u00e9n\u00e9ficier d\u2019une prise en charge des enfants de 7h30 \u00e0 18h, afin de mieux r\u00e9pondre aux contraintes professionnelles des parents. Une mesure inscrite dans les engagements du maire et de l\u2019\u00e9quipe municipale.<\/p>\n<p>\u00ab\u00a0<i>Comme je m\u2019y \u00e9tais engag\u00e9 dans mon programme municipal, nous agissons pour am\u00e9liorer le quotidien des familles du Rove et le bien-\u00eatre de nos enfants<\/i>, souligne le maire communiste, Paul Sabatino. <i>Cette extension des horaires et la cr\u00e9ation du centre a\u00e9r\u00e9 les mercredis r\u00e9pondent \u00e0 une attente forte des familles. Comme pour tout nouveau service, un bilan sera r\u00e9alis\u00e9 afin d\u2019adapter le dispositif si n\u00e9cessaire.<\/i>\u00a0\u00bb<\/p>\n<p>Autre nouveaut\u00e9 de cette rentr\u00e9e, la cr\u00e9ation d\u2019un accueil extrascolaire les mercredis et pendant les petites vacances scolaires pour les enfants \u00e2g\u00e9s de 3 \u00e0 12\u00a0ans. Ce nouveau centre a\u00e9r\u00e9 fonctionnera en journ\u00e9e compl\u00e8te, de 8h15 \u00e0 17h, avec repas obligatoire. Une garderie compl\u00e9mentaire permettra \u00e9galement un accueil d\u00e8s 7h30 le matin et jusqu\u2019\u00e0 18h le soir. Cette nouvelle offre vise notamment \u00e0 apporter une solution aux familles qui travaillent le mercredi et \u00e0 proposer aux enfants un cadre \u00e9ducatif, ludique et collectif en dehors du temps scolaire.<\/p>\n<p>Les d\u00e9marches ont \u00e9t\u00e9 simplifi\u00e9es et les inscriptions peuvent \u00eatre r\u00e9alis\u00e9es en ligne via l\u2019espace Famille accessible depuis le site internet de la Ville du Rove (www.lerove.fr), ou directement en mairie.<\/p>\n<\/p><\/div>\n","protected":false},"excerpt":{"rendered":"Garderie p&eacute;riscolaire, accueil extrascolaire du mercredi et restauration scolaire&nbsp;: les inscriptions pour les diff&eacute;rents services d&eacute;di&eacute;s aux enfants et aux familles sont ouvertes.Parmi les &eacute;volutions majeures &#8230;","protected":false},"author":1,"featured_media":37768,"comment_status":"open","ping_status":"open","sticky":false,"template":"","format":"standard","meta":{"footnotes":""},"categories":[20],"tags":[10,410,57,754,1654,752,2971,3139,522,716,484],"news-destination":[],"news-source":[475],"is_homepage":[],"ta_other":[],"class_list":["post-37767","post","type-post","status-publish","format-standard","has-post-thumbnail","hentry","category-societe","tag-bouches-du-rhone","tag-education","tag-enfants","tag-familles","tag-le-rove","tag-maire","tag-paul-sabatino","tag-periscolaire","tag-proximite","tag-rentree","tag-services-publics","news-source-website"],"_links":{"self":[{"href":"https:\/\/euapp01.newsmemory.com\/lamarseillaise\/news\/wp-json\/wp\/v2\/posts\/37767","targetHints":{"allow":["GET"]}}],"collection":[{"href":"https:\/\/euapp01.newsmemory.com\/lamarseillaise\/news\/wp-json\/wp\/v2\/posts"}],"about":[{"href":"https:\/\/euapp01.newsmemory.com\/lamarseillaise\/news\/wp-json\/wp\/v2\/types\/post"}],"author":[{"embeddable":true,"href":"https:\/\/euapp01.newsmemory.com\/lamarseillaise\/news\/wp-json\/wp\/v2\/users\/1"}],"replies":[{"embeddable":true,"href":"https:\/\/euapp01.newsmemory.com\/lamarseillaise\/news\/wp-json\/wp\/v2\/comments?post=37767"}],"version-history":[{"count":1,"href":"https:\/\/euapp01.newsmemory.com\/lamarseillaise\/news\/wp-json\/wp\/v2\/posts\/37767\/revisions"}],"predecessor-version":[{"id":37769,"href":"https:\/\/euapp01.newsmemory.com\/lamarseillaise\/news\/wp-json\/wp\/v2\/posts\/37767\/revisions\/37769"}],"wp:featuredmedia":[{"embeddable":true,"href":"https:\/\/euapp01.newsmemory.com\/lamarseillaise\/news\/wp-json\/wp\/v2\/media\/37768"}],"wp:attachment":[{"href":"https:\/\/euapp01.newsmemory.com\/lamarseillaise\/news\/wp-json\/wp\/v2\/media?parent=37767"}],"wp:term":[{"taxonomy":"category","embeddable":true,"href":"https:\/\/euapp01.newsmemory.com\/lamarseillaise\/news\/wp-json\/wp\/v2\/categories?post=37767"},{"taxonomy":"post_tag","embeddable":true,"href":"https:\/\/euapp01.newsmemory.com\/lamarseillaise\/news\/wp-json\/wp\/v2\/tags?post=37767"},{"taxonomy":"news-destination","embeddable":true,"href":"https:\/\/euapp01.newsmemory.com\/lamarseillaise\/news\/wp-json\/wp\/v2\/news-destination?post=37767"},{"taxonomy":"news-source","embeddable":true,"href":"https:\/\/euapp01.newsmemory.com\/lamarseillaise\/news\/wp-json\/wp\/v2\/news-source?post=37767"},{"taxonomy":"is_homepage","embeddable":true,"href":"https:\/\/euapp01.newsmemory.com\/lamarseillaise\/news\/wp-json\/wp\/v2\/is_homepage?post=37767"},{"taxonomy":"ta_other","embeddable":true,"href":"https:\/\/euapp01.newsmemory.com\/lamarseillaise\/news\/wp-json\/wp\/v2\/ta_other?post=37767"}],"curies":[{"name":"wp","href":"https:\/\/api.w.org\/{rel}","templated":true}]}}