{"id":37764,"date":"2026-07-29T08:26:00","date_gmt":"2026-07-29T06:26:00","guid":{"rendered":"https:\/\/euapp01.newsmemory.com\/lamarseillaise\/news\/?p=37764"},"modified":"2026-08-03T08:46:40","modified_gmt":"2026-08-03T06:46:40","slug":"lud-cgt-var-milite-pour-la-creation-dune-flottille-de-bombardiers-deau-a-pierrefeu-ou-hyeres","status":"publish","type":"post","link":"https:\/\/euapp01.newsmemory.com\/lamarseillaise\/news\/2026\/07\/29\/lud-cgt-var-milite-pour-la-creation-dune-flottille-de-bombardiers-deau-a-pierrefeu-ou-hyeres\/","title":{"rendered":"L\u2019UD CGT Var milite pour la cr\u00e9ation d\u2019une flottille de bombardiers d\u2019eau \u00e0 Pierrefeu ou Hy\u00e8res"},"content":{"rendered":"<div class=\"paragraph\">\n<p>Avec plus de 116\u00a0000\u00a0hectares br\u00fbl\u00e9s depuis le d\u00e9but de l\u2019ann\u00e9e, 2026 d\u00e9tient d\u00e9j\u00e0 le triste record de l\u2019ann\u00e9e la plus destructrice jamais enregistr\u00e9e en France <a rel=\"noopener noreferrer\" href=\"https:\/\/www.lamarseillaise.fr\/societe\/deux-incendies-dantesques-devorent-le-sud-DE20534373\" target=\"_blank\">en mati\u00e8re de feux de for\u00eats.<\/a> Une situation vou\u00e9e \u00e0 empirer, eu \u00e9gard au changement climatique, et qui exige, au-del\u00e0 de politiques responsables et coercitives en la mati\u00e8re, des moyens importants pour lutter contre les incendies. \u00ab\u00a0<i>Le Premier ministre dit qu\u2019on est largement pourvus en moyens a\u00e9riens, alors qu\u2019on demande de l\u2019aide aux autres pays europ\u00e9ens<\/i>\u00a0\u00bb, pointe Cyril Agostino, secr\u00e9taire g\u00e9n\u00e9ral de la CGT AIA Cuers-Pierrefeu, structures qui d\u00e9pendent du Service industriel de l\u2019a\u00e9ronautique (SIA\u00e9) du minist\u00e8re des Arm\u00e9es.<\/p>\n<p>Cela fait d\u00e9sormais longtemps, \u00ab\u00a0<i>depuis le rapport Chatry de 2010 sur les feux de for\u00eats<\/i> [qui conclut \u00e0 la possible augmentation de 30% des surfaces sensibles et de 20% des co\u00fbts \u00e0 l\u2019\u00e9ch\u00e9ance 2040, jusqu\u2019\u00e0 50% des surfaces sensibles et des co\u00fbts allant au-del\u00e0 de 20% \u00e0 horizon 2050, ndlr]\u00a0\u00bb, que la CGT AIA revendique une augmentation des moyens de lutte a\u00e9riens, et des positionnements \u00e0 proximit\u00e9 des zones \u00e0 risque. <a rel=\"noopener noreferrer\" href=\"https:\/\/www.lamarseillaise.fr\/societe\/les-feux-de-foret-principal-peril-estival-dans-le-var-OF20434280\" target=\"_blank\">Et le Var, \u00ab\u00a0<i>deuxi\u00e8me d\u00e9partement le plus bois\u00e9 de France<\/i>\u00a0\u00bb, rappelle Ana\u00efs Pascual, responsable communication de l\u2019UD CGT Var, en fait partie.<\/a><\/p>\n<p>C\u2019est pourquoi le syndicat propose la cr\u00e9ation d\u2019une flottille de bombardiers d\u2019eau dans le Var, et d\u2019autres partout sur le territoire, pour \u00eatre au plus pr\u00e8s des besoins. Elle pourrait subvenir \u00e0 ceux de la zone sud-est, car \u00ab\u00a0<i>le probl\u00e8me actuel, c\u2019est que la seule base de Canadairs se situe \u00e0 N\u00eemes, \u00e0 plus de 30<\/i><i>\u00a0<\/i><i>minutes en avion<\/i>\u00a0\u00bb, note Ana\u00efs Pascual. Et que seulement cinq sont en fonctionnement \u00e0 l\u2019heure actuelle, sur les 12\u00a0que poss\u00e8de la France, \u00e0 cause de maintenances.<\/p>\n<\/p><\/div>\n<div class=\"intext\"> Une flottille bas\u00e9e<br \/>\n               <br \/>\u00e0 Pierrefeu ou \u00e0 Hy\u00e8res\n              <\/div>\n<div class=\"paragraph\">\n<p>L\u2019AIA pourrait s\u2019occuper de la maintenance des \u00e9quipements \u00e0 court et moyen terme\u00a0: \u00ab\u00a0<i>On a toutes les comp\u00e9tences pour le faire, pour peu que le gouvernement y mette les moyens, en termes de structures et de ressources humaines<\/i>\u00a0\u00bb, affirme Cyril Agostino. Cela \u00e0 travers \u00ab\u00a0<i>un service public 100% \u00e9tatique, parce qu\u2019on reste <a rel=\"noopener noreferrer\" href=\"https:\/\/www.lamarseillaise.fr\/economie\/a-pierrefeu-l-industrie-de-l-aero-se-rebiffe-OHLM069272\" target=\"_blank\">le dernier industriel \u00e9tatique dans ce domaine-l\u00e0<\/a><\/i>\u00a0\u00bb. En ce sens, la CGT AIA Cuers-Pierrefeu milite pour une augmentation de la flotte a\u00e9rienne nationale, \u00ab\u00a0<i>plut\u00f4t qu\u2019engraisser le priv\u00e9<\/i><i>\u00a0<\/i>\u00bb<i>, <\/i>abonde son secr\u00e9taire g\u00e9n\u00e9ral, d\u00e9non\u00e7ant le<i> <\/i>\u00ab\u00a0<i>co\u00fbt exorbitant de la location de moyens a\u00e9riens \u00e0 l\u2019\u00e9t\u00e9<\/i><i>\u00a0<\/i><i>2022<\/i> [14\u00a0millions d\u2019euros pour les h\u00e9licopt\u00e8res bombardiers d\u2019eau, 44\u00a0365\u00a0euros par jour +12\u00a0681\u00a0euros par heure de vol pour un avion DASH\u00a08 selon les chiffres de la Direction g\u00e9n\u00e9rale de la s\u00e9curit\u00e9 civile et de la gestion de crise (DGSCGC), ndlr]\u00a0\u00bb. Depuis 2020, la location de moyens a engendr\u00e9 un co\u00fbt de 106\u00a0millions d\u2019euros, soit plus que le prix d\u2019un Canadair. Six nouveaux ont \u00e9t\u00e9 acquis par six pays de l\u2019UE dans le cadre du programme RescUE, et seront livr\u00e9s en 2028, tandis que la France en a command\u00e9 deux, portant sa flotte \u00e0 14\u00a0engins \u00e0 horizon 2033-2034.<\/p>\n<p>La solution de reconversion d\u2019avions militaires, comme l\u2019Airbus A400M, utilis\u00e9 depuis la semaine derni\u00e8re en Gironde, \u00ab\u00a0<i>ne doit \u00eatre que ponctuelle<\/i>\u00a0\u00bb, selon Cyril Agostino. Certes, sa capacit\u00e9 de charge en eau ou en produit retardant (20\u00a0tonnes) \u00e9quivaut \u00e0 celle de deux avions DASH ou trois Canadairs, \u00ab\u00a0<i>mais il faut du temps au sol pour le remplir. En termes d\u2019efficacit\u00e9, rien ne vaut un Canadair<\/i>\u00a0\u00bb, affirme le syndicaliste.<\/p>\n<p>La flottille varoise pourrait \u00eatre positionn\u00e9e sur le site AIA de Cuers-Pierrefeu, \u00ab\u00a0<i>o\u00f9 on a largement la place<\/i>\u00a0\u00bb, affirme Cyril Agostino, ou \u00e0 l\u2019a\u00e9roport de Hy\u00e8res. Pour l\u2019instant, \u00ab\u00a0<i>ce projet, qui s\u2019inscrit dans le concept 4D de la CGT (d\u00e9fense, d\u00e9veloppement, diversification et d\u00e9sarmement) est propre \u00e0 notre UD, mais une motion a \u00e9t\u00e9 adopt\u00e9e au niveau national<\/i>\u00a0\u00bb, explique Ana\u00efs Pascual, qui reconna\u00eet toutefois que celui-ci \u00ab\u00a0<i>doit encore \u00eatre chiffr\u00e9. On n\u2019en est qu\u2019aux pr\u00e9mices<\/i><i>\u00a0<\/i>\u00bb. Il devrait toutefois \u00eatre mis \u00e0 l\u2019\u00e9crit dans les prochaines semaines et communiqu\u00e9 aux \u00e9lus locaux.<\/p>\n<\/p><\/div>\n","protected":false},"excerpt":{"rendered":"Avec plus de 116&nbsp;000&nbsp;hectares br&ucirc;l&eacute;s depuis le d&eacute;but de l&rsquo;ann&eacute;e, 2026 d&eacute;tient d&eacute;j&agrave; le triste record de l&rsquo;ann&eacute;e la plus destructrice jamais enregistr&eacute;e en France en &#8230;","protected":false},"author":1,"featured_media":37765,"comment_status":"open","ping_status":"open","sticky":false,"template":"","format":"standard","meta":{"footnotes":""},"categories":[3926,3925,331],"tags":[4635,2507,314,113,207,366,600,309,316,4015,5592,27,319,1396,488,5133,1613,751,4236,31],"news-destination":[3944],"news-source":[475],"is_homepage":[],"ta_other":[],"class_list":["post-37764","post","type-post","status-publish","format-standard","has-post-thumbnail","hentry","category-accueil-merge","category-accueil-third","category-social","tag-avion","tag-avions","tag-canadair","tag-cgt","tag-changement-climatique","tag-cuers","tag-defense","tag-eau","tag-feu-de-foret","tag-feux-de-foret","tag-flottille","tag-hyeres","tag-incendie","tag-incendies","tag-industriels","tag-pierrefeu-du-var","tag-securite-civile","tag-service-public","tag-ud-cgt-83","tag-var","news-destination-homepage","news-source-website"],"_links":{"self":[{"href":"https:\/\/euapp01.newsmemory.com\/lamarseillaise\/news\/wp-json\/wp\/v2\/posts\/37764","targetHints":{"allow":["GET"]}}],"collection":[{"href":"https:\/\/euapp01.newsmemory.com\/lamarseillaise\/news\/wp-json\/wp\/v2\/posts"}],"about":[{"href":"https:\/\/euapp01.newsmemory.com\/lamarseillaise\/news\/wp-json\/wp\/v2\/types\/post"}],"author":[{"embeddable":true,"href":"https:\/\/euapp01.newsmemory.com\/lamarseillaise\/news\/wp-json\/wp\/v2\/users\/1"}],"replies":[{"embeddable":true,"href":"https:\/\/euapp01.newsmemory.com\/lamarseillaise\/news\/wp-json\/wp\/v2\/comments?post=37764"}],"version-history":[{"count":1,"href":"https:\/\/euapp01.newsmemory.com\/lamarseillaise\/news\/wp-json\/wp\/v2\/posts\/37764\/revisions"}],"predecessor-version":[{"id":37766,"href":"https:\/\/euapp01.newsmemory.com\/lamarseillaise\/news\/wp-json\/wp\/v2\/posts\/37764\/revisions\/37766"}],"wp:featuredmedia":[{"embeddable":true,"href":"https:\/\/euapp01.newsmemory.com\/lamarseillaise\/news\/wp-json\/wp\/v2\/media\/37765"}],"wp:attachment":[{"href":"https:\/\/euapp01.newsmemory.com\/lamarseillaise\/news\/wp-json\/wp\/v2\/media?parent=37764"}],"wp:term":[{"taxonomy":"category","embeddable":true,"href":"https:\/\/euapp01.newsmemory.com\/lamarseillaise\/news\/wp-json\/wp\/v2\/categories?post=37764"},{"taxonomy":"post_tag","embeddable":true,"href":"https:\/\/euapp01.newsmemory.com\/lamarseillaise\/news\/wp-json\/wp\/v2\/tags?post=37764"},{"taxonomy":"news-destination","embeddable":true,"href":"https:\/\/euapp01.newsmemory.com\/lamarseillaise\/news\/wp-json\/wp\/v2\/news-destination?post=37764"},{"taxonomy":"news-source","embeddable":true,"href":"https:\/\/euapp01.newsmemory.com\/lamarseillaise\/news\/wp-json\/wp\/v2\/news-source?post=37764"},{"taxonomy":"is_homepage","embeddable":true,"href":"https:\/\/euapp01.newsmemory.com\/lamarseillaise\/news\/wp-json\/wp\/v2\/is_homepage?post=37764"},{"taxonomy":"ta_other","embeddable":true,"href":"https:\/\/euapp01.newsmemory.com\/lamarseillaise\/news\/wp-json\/wp\/v2\/ta_other?post=37764"}],"curies":[{"name":"wp","href":"https:\/\/api.w.org\/{rel}","templated":true}]}}