{"id":37761,"date":"2026-07-29T08:42:00","date_gmt":"2026-07-29T06:42:00","guid":{"rendered":"https:\/\/euapp01.newsmemory.com\/lamarseillaise\/news\/?p=37761"},"modified":"2026-08-04T07:36:51","modified_gmt":"2026-08-04T05:36:51","slug":"incendies-letat-au-chevet-de-leconomie-locale","status":"publish","type":"post","link":"https:\/\/euapp01.newsmemory.com\/lamarseillaise\/news\/2026\/07\/29\/incendies-letat-au-chevet-de-leconomie-locale\/","title":{"rendered":"[Incendies] L\u2019\u00c9tat au chevet de l\u2019\u00e9conomie locale"},"content":{"rendered":"<div class=\"paragraph\">\n<p>Une r\u00e9union exceptionnelle est pr\u00e9vue, ce jeudi, au minist\u00e8re de l\u2019\u00c9conomie. Le gouvernement a affirm\u00e9 son souhait d\u2019apporter \u00ab\u00a0<i>des r\u00e9ponses plus pr\u00e9cises<\/i><i>\u00a0<\/i>\u00bb aux \u00ab\u00a0<i>pr\u00e9occupations<\/i>\u00a0\u00bb des entreprises dont l\u2019activit\u00e9 est affect\u00e9e par les feux de for\u00eats qui frappent la Gironde a indiqu\u00e9 ce mardi 28\u00a0juillet le ministre d\u00e9l\u00e9gu\u00e9 \u00e0 l\u2019Industrie, S\u00e9bastien Martin.<\/p>\n<p>Pr\u00e8s de 14\u00a0500\u00a0soci\u00e9t\u00e9s ont \u00e9t\u00e9 mises \u00e0 l\u2019arr\u00eat, dont 7\u00a0000\u00a0artisanales et 6\u00a0300\u00a0commerciales, essentiellement dans le secteur du tourisme, 40\u00a0000\u00a0emplois et 7% du PIB d\u00e9partemental pour 3,2\u00a0milliards d\u2019euros de retomb\u00e9es directes. \u00ab\u00a0<i>Nous sommes face \u00e0 une crise totalement in\u00e9dite. Les salari\u00e9s sont d\u00e9munis, tout comme les chefs d\u2019entreprise, dont certains ont perdu leur logement<\/i>\u00a0\u00bb a indiqu\u00e9 C\u00e9cile Despons, pr\u00e9sidente de l\u2019organisation patronale Les Entrepreneurs (ex-CPME) de Gironde. Pour elle, il s\u2019agit d\u2019\u00e9viter \u00ab\u00a0<i>la double peine<\/i>\u00a0\u00bb. \u00ab\u00a0<i>Nous attendons des d\u00e9cisions \u00e0 la hauteur de la gravit\u00e9 de la situation<\/i>\u00a0\u00bb, ajoute-t-elle.<\/p>\n<\/p><\/div>\n<div class=\"intext\"> La CGT appelle \u00e0 accompagner aussi les salari\u00e9s\n              <\/div>\n<div class=\"paragraph\">\n<p>De son c\u00f4t\u00e9, la CGT demande dans un communiqu\u00e9 \u00e0 \u00ab\u00a0<i>dresser un \u00e9tat des lieux exhaustif des entreprises touch\u00e9es, qu\u2019elles soient en cessation totale ou partielle d\u2019activit\u00e9, avec la mise en place de cellules d\u00e9partementales de suivi associant les organisations syndicales<\/i>\u00a0\u00bb. Pour le syndicat, \u00ab\u00a0<i>une vigilance particuli\u00e8re doit \u00eatre port\u00e9e aux \u00e9tablissements industriels \u00e0 risques, notamment les sites Seveso<\/i>\u00a0\u00bb. La CGT insiste sur la prise en compte et l\u2019accompagnement des salari\u00e9s qui seraient, selon la Chambre de commerce de Bordeaux, 100\u00a0000\u00a0\u00e0 150\u00a0000\u00a0affect\u00e9s par le ch\u00f4mage partiel. Le syndicat estime indispensable de \u00ab\u00a0<i>prendre en charge \u00e0 100% le dispositif exceptionnel d\u2019activit\u00e9 partielle, afin qu\u2019aucun <\/i>[d\u2019entre eux] <i>ne perde un euro, et \u00e0 mettre en \u0153uvre via les services de l\u2019\u00c9tat une information claire sur leurs droits<\/i>\u00a0\u00bb. Dans la m\u00eame optique, la CGT appelle \u00e0 \u00ab\u00a0<i>convoquer les instances repr\u00e9sentatives du personnel afin d\u2019\u00e9valuer les besoins au plus pr\u00e8s du terrain, adapter les conditions de travail et garantir <\/i>[leur] <i>protection, organiser la solidarit\u00e9 entre entreprises et entre territoires<\/i>\u00a0\u00bb.<\/p>\n<\/p><\/div>\n","protected":false},"excerpt":{"rendered":"Une r&eacute;union exceptionnelle est pr&eacute;vue, ce jeudi, au minist&egrave;re de l&rsquo;&Eacute;conomie. Le gouvernement a affirm&eacute; son souhait d&rsquo;apporter &laquo;&nbsp;des r&eacute;ponses plus pr&eacute;cises&nbsp;&raquo; aux &#8230;","protected":false},"author":1,"featured_media":37762,"comment_status":"open","ping_status":"open","sticky":false,"template":"","format":"standard","meta":{"footnotes":""},"categories":[3926,3925,338,20],"tags":[4625,113,301,195,835,118,753,838,1225,486,572,528,1396,488,520,521,537,756,260,393,364,1478,347],"news-destination":[3944],"news-source":[475],"is_homepage":[],"ta_other":[],"class_list":["post-37761","post","type-post","status-publish","format-standard","has-post-thumbnail","hentry","category-accueil-merge","category-accueil-third","category-economie","category-societe","tag-bercy","tag-cgt","tag-chomage","tag-conditions-de-travail","tag-cpme","tag-economie","tag-emplois","tag-entrepreneurs","tag-entreprise","tag-entreprises","tag-france","tag-gouvernement","tag-incendies","tag-industriels","tag-ministere","tag-personnel","tag-protection","tag-seveso","tag-solidarite","tag-soutien","tag-syndicats","tag-territoires","tag-tourisme","news-destination-homepage","news-source-website"],"_links":{"self":[{"href":"https:\/\/euapp01.newsmemory.com\/lamarseillaise\/news\/wp-json\/wp\/v2\/posts\/37761","targetHints":{"allow":["GET"]}}],"collection":[{"href":"https:\/\/euapp01.newsmemory.com\/lamarseillaise\/news\/wp-json\/wp\/v2\/posts"}],"about":[{"href":"https:\/\/euapp01.newsmemory.com\/lamarseillaise\/news\/wp-json\/wp\/v2\/types\/post"}],"author":[{"embeddable":true,"href":"https:\/\/euapp01.newsmemory.com\/lamarseillaise\/news\/wp-json\/wp\/v2\/users\/1"}],"replies":[{"embeddable":true,"href":"https:\/\/euapp01.newsmemory.com\/lamarseillaise\/news\/wp-json\/wp\/v2\/comments?post=37761"}],"version-history":[{"count":1,"href":"https:\/\/euapp01.newsmemory.com\/lamarseillaise\/news\/wp-json\/wp\/v2\/posts\/37761\/revisions"}],"predecessor-version":[{"id":37763,"href":"https:\/\/euapp01.newsmemory.com\/lamarseillaise\/news\/wp-json\/wp\/v2\/posts\/37761\/revisions\/37763"}],"wp:featuredmedia":[{"embeddable":true,"href":"https:\/\/euapp01.newsmemory.com\/lamarseillaise\/news\/wp-json\/wp\/v2\/media\/37762"}],"wp:attachment":[{"href":"https:\/\/euapp01.newsmemory.com\/lamarseillaise\/news\/wp-json\/wp\/v2\/media?parent=37761"}],"wp:term":[{"taxonomy":"category","embeddable":true,"href":"https:\/\/euapp01.newsmemory.com\/lamarseillaise\/news\/wp-json\/wp\/v2\/categories?post=37761"},{"taxonomy":"post_tag","embeddable":true,"href":"https:\/\/euapp01.newsmemory.com\/lamarseillaise\/news\/wp-json\/wp\/v2\/tags?post=37761"},{"taxonomy":"news-destination","embeddable":true,"href":"https:\/\/euapp01.newsmemory.com\/lamarseillaise\/news\/wp-json\/wp\/v2\/news-destination?post=37761"},{"taxonomy":"news-source","embeddable":true,"href":"https:\/\/euapp01.newsmemory.com\/lamarseillaise\/news\/wp-json\/wp\/v2\/news-source?post=37761"},{"taxonomy":"is_homepage","embeddable":true,"href":"https:\/\/euapp01.newsmemory.com\/lamarseillaise\/news\/wp-json\/wp\/v2\/is_homepage?post=37761"},{"taxonomy":"ta_other","embeddable":true,"href":"https:\/\/euapp01.newsmemory.com\/lamarseillaise\/news\/wp-json\/wp\/v2\/ta_other?post=37761"}],"curies":[{"name":"wp","href":"https:\/\/api.w.org\/{rel}","templated":true}]}}