{"id":37758,"date":"2026-07-29T08:33:00","date_gmt":"2026-07-29T06:33:00","guid":{"rendered":"https:\/\/euapp01.newsmemory.com\/lamarseillaise\/news\/?p=37758"},"modified":"2026-08-04T07:36:51","modified_gmt":"2026-08-04T05:36:51","slug":"lardear-conteste-la-suppression-dune-aide-de-100-000-euros-de-la-region-sud","status":"publish","type":"post","link":"https:\/\/euapp01.newsmemory.com\/lamarseillaise\/news\/2026\/07\/29\/lardear-conteste-la-suppression-dune-aide-de-100-000-euros-de-la-region-sud\/","title":{"rendered":"L\u2019Ardear conteste la suppression d\u2019une aide de 100 000&nbsp;euros de la R\u00e9gion Sud"},"content":{"rendered":"<div class=\"paragraph\">\n<p>\u00ab<i> O<\/i><i>n a trois salari\u00e9s sur la sellette, dont deux s\u00fbrement mis au ch\u00f4mage en septembre. Des dossiers en cours ne pourront potentiellement pas aboutir. C\u2019est compliqu\u00e9<\/i><i>\u00a0<\/i>\u00bb, se d\u00e9sole Charles-Henri Tavernier, pr\u00e9sident de l\u2019Ardear, un r\u00e9seau associatif qui \u0153uvre dans l\u2019installation en agriculture paysanne et agro\u00e9cologique depuis plus de vingt ans.<\/p>\n<p>En cause, la suppression d\u2019une subvention de 100\u00a0000\u00a0euros vers\u00e9e \u00e0 l\u2019association par la R\u00e9gion Sud depuis 2008. \u00ab<i>\u00a0<\/i><i>On n\u2019a pas eu de discussion avec la R\u00e9gion. B\u00e9atrice Martin <\/i>[vice-pr\u00e9sidente en charge de l\u2019agriculture, Ndlr]<i> nous a simplement envoy\u00e9 une lettre en disant qu\u2019elle avait d\u00e9cid\u00e9 de son propre chef de mettre l\u2019installation et la transmission uniquement dans les mains des chambres d\u2019agriculture. On est un peu surpris du manque de concertation<\/i><i>\u00a0<\/i>\u00bb, exprime ce vigneron des Hautes-Alpes. Dans cette lettre, adress\u00e9e au pr\u00e9sident de l\u2019Ardear, le 27\u00a0avril, l\u2019\u00e9lue explique les raisons de cette d\u00e9cision\u00a0: \u00ab<i>\u00a0<\/i><i>Cette politique volontariste s\u2019inscrit dans un cadre budg\u00e9taire extr\u00eamement contraint.<\/i><i>\u00a0<\/i>\u00bb<\/p>\n<p>Depuis sa cr\u00e9ation, le r\u00e9seau associatif indique avoir accompagn\u00e9 plus de 1\u00a0000\u00a0installations, soit un tiers des porteurs de projet de la r\u00e9gion. \u00ab<i>\u00a0<\/i><i>On nous parle toujours du renouvellement des g\u00e9n\u00e9rations d\u2019agriculture, ils font le contraire de ce qu\u2019il faudrait faire<\/i><i>\u00a0<\/i>\u00bb<i>, estime <\/i>Charles-Henri Tavernier.<i> <\/i>Dans un communiqu\u00e9, dat\u00e9 du 24\u00a0juillet, l\u2019Ardear demande \u00e0 la R\u00e9gion Sud de \u00ab<i>\u00a0<\/i><i>revenir sur cette d\u00e9cision et de maintenir son soutien financier<\/i><i>\u00a0<\/i>\u00bb. La R\u00e9gion n\u2019a pas encore r\u00e9pondu \u00e0 nos sollicitations \u00e0 ce sujet.<\/p>\n<\/p><\/div>\n","protected":false},"excerpt":{"rendered":"&laquo; On a trois salari&eacute;s sur la sellette, dont deux s&ucirc;rement mis au ch&ocirc;mage en septembre. Des dossiers en cours ne pourront potentiellement pas aboutir. C&rsquo;est compliqu&eacute;&nbsp;&raquo;, se d&eacute;sole Charles-Henri &#8230;","protected":false},"author":1,"featured_media":37759,"comment_status":"open","ping_status":"open","sticky":false,"template":"","format":"standard","meta":{"footnotes":""},"categories":[3926,3925,338,333,20],"tags":[450,447,2357,168,10,2791,4456,208,1523,1434,457,714,222,962,885,916,3334,463,1355],"news-destination":[3944],"news-source":[475],"is_homepage":[],"ta_other":[],"class_list":["post-37758","post","type-post","status-publish","format-standard","has-post-thumbnail","hentry","category-accueil-merge","category-accueil-third","category-economie","category-environnement","category-societe","tag-agriculteurs","tag-agriculture","tag-agroecologie","tag-association","tag-bouches-du-rhone","tag-chambre-dagriculture","tag-chambres-dagriculture","tag-collectivites","tag-conseil-regional","tag-ecologie","tag-paysans","tag-region-sud","tag-region-sud-paca","tag-salaries","tag-subvention","tag-subventions","tag-vignerons","tag-viticulteurs","tag-viticulture","news-destination-homepage","news-source-website"],"_links":{"self":[{"href":"https:\/\/euapp01.newsmemory.com\/lamarseillaise\/news\/wp-json\/wp\/v2\/posts\/37758","targetHints":{"allow":["GET"]}}],"collection":[{"href":"https:\/\/euapp01.newsmemory.com\/lamarseillaise\/news\/wp-json\/wp\/v2\/posts"}],"about":[{"href":"https:\/\/euapp01.newsmemory.com\/lamarseillaise\/news\/wp-json\/wp\/v2\/types\/post"}],"author":[{"embeddable":true,"href":"https:\/\/euapp01.newsmemory.com\/lamarseillaise\/news\/wp-json\/wp\/v2\/users\/1"}],"replies":[{"embeddable":true,"href":"https:\/\/euapp01.newsmemory.com\/lamarseillaise\/news\/wp-json\/wp\/v2\/comments?post=37758"}],"version-history":[{"count":1,"href":"https:\/\/euapp01.newsmemory.com\/lamarseillaise\/news\/wp-json\/wp\/v2\/posts\/37758\/revisions"}],"predecessor-version":[{"id":37760,"href":"https:\/\/euapp01.newsmemory.com\/lamarseillaise\/news\/wp-json\/wp\/v2\/posts\/37758\/revisions\/37760"}],"wp:featuredmedia":[{"embeddable":true,"href":"https:\/\/euapp01.newsmemory.com\/lamarseillaise\/news\/wp-json\/wp\/v2\/media\/37759"}],"wp:attachment":[{"href":"https:\/\/euapp01.newsmemory.com\/lamarseillaise\/news\/wp-json\/wp\/v2\/media?parent=37758"}],"wp:term":[{"taxonomy":"category","embeddable":true,"href":"https:\/\/euapp01.newsmemory.com\/lamarseillaise\/news\/wp-json\/wp\/v2\/categories?post=37758"},{"taxonomy":"post_tag","embeddable":true,"href":"https:\/\/euapp01.newsmemory.com\/lamarseillaise\/news\/wp-json\/wp\/v2\/tags?post=37758"},{"taxonomy":"news-destination","embeddable":true,"href":"https:\/\/euapp01.newsmemory.com\/lamarseillaise\/news\/wp-json\/wp\/v2\/news-destination?post=37758"},{"taxonomy":"news-source","embeddable":true,"href":"https:\/\/euapp01.newsmemory.com\/lamarseillaise\/news\/wp-json\/wp\/v2\/news-source?post=37758"},{"taxonomy":"is_homepage","embeddable":true,"href":"https:\/\/euapp01.newsmemory.com\/lamarseillaise\/news\/wp-json\/wp\/v2\/is_homepage?post=37758"},{"taxonomy":"ta_other","embeddable":true,"href":"https:\/\/euapp01.newsmemory.com\/lamarseillaise\/news\/wp-json\/wp\/v2\/ta_other?post=37758"}],"curies":[{"name":"wp","href":"https:\/\/api.w.org\/{rel}","templated":true}]}}