{"id":37755,"date":"2026-07-29T08:35:00","date_gmt":"2026-07-29T06:35:00","guid":{"rendered":"https:\/\/euapp01.newsmemory.com\/lamarseillaise\/news\/?p=37755"},"modified":"2026-08-04T07:36:51","modified_gmt":"2026-08-04T05:36:51","slug":"fibre-excellence-ni-fermeture-ni-abandon-pour-la-cgt","status":"publish","type":"post","link":"https:\/\/euapp01.newsmemory.com\/lamarseillaise\/news\/2026\/07\/29\/fibre-excellence-ni-fermeture-ni-abandon-pour-la-cgt\/","title":{"rendered":"Fibre Excellence : \u00ab&nbsp;Ni fermeture ni abandon&nbsp;\u00bb pour la CGT"},"content":{"rendered":"<div class=\"paragraph\">\n<p>\u00ab <i>S<\/i><i>i la liquidation du site de Tarascon devait \u00eatre confirm\u00e9e, une lourde responsabilit\u00e9 politique reste incontournable<\/i><i>\u00a0<\/i><i>: celle d\u2019un \u00c9tat qui refuse d\u2019assumer son r\u00f4le de strat\u00e8ge industriel alors m\u00eame qu\u2019une solution de reprise existe<\/i>\u00a0\u00bb\u00a0: le message de la CGT alors que le tribunal de commerce doit rendre sa d\u00e9cision ce mardi.<\/p>\n<p>L\u2019audience de lundi, qui a retoqu\u00e9 la proposition de reprise port\u00e9e par Matthieu Pigasse et affirm\u00e9 qu\u2019aucune offre existait pour le site de Tarascon, avant de vouloir examiner une nouvelle offre pour Saint-Gaudens, a provoqu\u00e9 une \u00ab\u00a0<i>profonde inqui\u00e9tude et r\u00e9volte<\/i><i>\u00a0<\/i>\u00bb de la CGT.<\/p>\n<p>\u00ab\u00a0<i>Depuis des mois, les salari\u00e9s et leurs repr\u00e9sentants ont accompli un travail consid\u00e9rable pour pr\u00e9server l\u2019activit\u00e9 et ils ont contribu\u00e9 \u00e0 b\u00e2tir un projet industriel cr\u00e9dible, \u00e0 identifier un repreneur fran\u00e7ais solide, \u00e0 \u00e9laborer un plan de diversification de l\u2019activit\u00e9 et \u00e0 s\u00e9curiser des engagements financiers<\/i><i>\u00a0<\/i>\u00bb, mart\u00e8le le syndicat avant d\u2019ass\u00e9ner\u00a0: \u00ab\u00a0<i>L\u00e0 o\u00f9 l\u2019\u00c9tat aurait d\u00fb \u00eatre moteur, ce sont une nouvelle fois les salari\u00e9s qui ont pris leurs responsabilit\u00e9s<\/i>\u00a0\u00bb.<\/p>\n<p>Pour la CGT, l\u2019affaire d\u00e9passe le seul cas de Fibre Excellence. Elle y voit un \u00ab\u00a0<i>abandon pr\u00e9occupant<\/i>\u00a0\u00bb de l\u2019\u00c9tat face aux fermetures industrielles et aux d\u00e9localisations des productions \u00e0 l\u2019\u00e9tranger et souligne l\u2019importance de la fili\u00e8re bois-papier-carton, \u00ab\u00a0<i>tant du point de vue industriel qu\u2019environnemental<\/i><i>\u00a0<\/i>\u00bb.<\/p>\n<p>Elle appelle donc l\u2019\u00c9tat \u00e0 utiliser le d\u00e9lai accord\u00e9 pour le site de Saint-Gaudens \u00ab\u00a0<i>pour rechercher toutes les solutions permettant de consolider le projet industriel<\/i><i>\u00a0<\/i>\u00bb et \u00ab\u00a0<i>d\u2019<\/i><i>emp\u00eacher la disparition du site de Tarascon<\/i>\u00a0\u00bb. Sans quoi, le syndicat pr\u00e9voit de soutenir pleinement les mobilisations \u00e0 venir.<\/p>\n<p><b>Andr\u00e9a Goyard-de Castro<\/b><\/p>\n<\/p><\/div>\n","protected":false},"excerpt":{"rendered":"&laquo; Si la liquidation du site de Tarascon devait &ecirc;tre confirm&eacute;e, une lourde responsabilit&eacute; politique reste incontournable&nbsp;: celle d&rsquo;un &Eacute;tat qui refuse d&rsquo;assumer son r&ocirc;le de strat&egrave;ge &#8230;","protected":false},"author":1,"featured_media":37756,"comment_status":"open","ping_status":"open","sticky":false,"template":"","format":"standard","meta":{"footnotes":""},"categories":[3926,3925,338,330,331],"tags":[10,879,113,302,4279,624,1574,561,4281,5422,873,962,1557,1740,244],"news-destination":[3944],"news-source":[475],"is_homepage":[],"ta_other":[],"class_list":["post-37755","post","type-post","status-publish","format-standard","has-post-thumbnail","hentry","category-accueil-merge","category-accueil-third","category-economie","category-politique","category-social","tag-bouches-du-rhone","tag-carole-delga","tag-cgt","tag-emploi","tag-fibre-excellence","tag-industrie","tag-liquidation-judiciaire","tag-mobilisations","tag-pate-a-papier","tag-redressement-judiciaire","tag-region-occitanie","tag-salaries","tag-sophie-binet","tag-tarascon","tag-tribunal-de-commerce","news-destination-homepage","news-source-website"],"_links":{"self":[{"href":"https:\/\/euapp01.newsmemory.com\/lamarseillaise\/news\/wp-json\/wp\/v2\/posts\/37755","targetHints":{"allow":["GET"]}}],"collection":[{"href":"https:\/\/euapp01.newsmemory.com\/lamarseillaise\/news\/wp-json\/wp\/v2\/posts"}],"about":[{"href":"https:\/\/euapp01.newsmemory.com\/lamarseillaise\/news\/wp-json\/wp\/v2\/types\/post"}],"author":[{"embeddable":true,"href":"https:\/\/euapp01.newsmemory.com\/lamarseillaise\/news\/wp-json\/wp\/v2\/users\/1"}],"replies":[{"embeddable":true,"href":"https:\/\/euapp01.newsmemory.com\/lamarseillaise\/news\/wp-json\/wp\/v2\/comments?post=37755"}],"version-history":[{"count":1,"href":"https:\/\/euapp01.newsmemory.com\/lamarseillaise\/news\/wp-json\/wp\/v2\/posts\/37755\/revisions"}],"predecessor-version":[{"id":37757,"href":"https:\/\/euapp01.newsmemory.com\/lamarseillaise\/news\/wp-json\/wp\/v2\/posts\/37755\/revisions\/37757"}],"wp:featuredmedia":[{"embeddable":true,"href":"https:\/\/euapp01.newsmemory.com\/lamarseillaise\/news\/wp-json\/wp\/v2\/media\/37756"}],"wp:attachment":[{"href":"https:\/\/euapp01.newsmemory.com\/lamarseillaise\/news\/wp-json\/wp\/v2\/media?parent=37755"}],"wp:term":[{"taxonomy":"category","embeddable":true,"href":"https:\/\/euapp01.newsmemory.com\/lamarseillaise\/news\/wp-json\/wp\/v2\/categories?post=37755"},{"taxonomy":"post_tag","embeddable":true,"href":"https:\/\/euapp01.newsmemory.com\/lamarseillaise\/news\/wp-json\/wp\/v2\/tags?post=37755"},{"taxonomy":"news-destination","embeddable":true,"href":"https:\/\/euapp01.newsmemory.com\/lamarseillaise\/news\/wp-json\/wp\/v2\/news-destination?post=37755"},{"taxonomy":"news-source","embeddable":true,"href":"https:\/\/euapp01.newsmemory.com\/lamarseillaise\/news\/wp-json\/wp\/v2\/news-source?post=37755"},{"taxonomy":"is_homepage","embeddable":true,"href":"https:\/\/euapp01.newsmemory.com\/lamarseillaise\/news\/wp-json\/wp\/v2\/is_homepage?post=37755"},{"taxonomy":"ta_other","embeddable":true,"href":"https:\/\/euapp01.newsmemory.com\/lamarseillaise\/news\/wp-json\/wp\/v2\/ta_other?post=37755"}],"curies":[{"name":"wp","href":"https:\/\/api.w.org\/{rel}","templated":true}]}}