{"id":37752,"date":"2026-07-29T08:38:00","date_gmt":"2026-07-29T06:38:00","guid":{"rendered":"https:\/\/euapp01.newsmemory.com\/lamarseillaise\/news\/?p=37752"},"modified":"2026-08-04T07:36:51","modified_gmt":"2026-08-04T05:36:51","slug":"des-modalites-de-fusion-incertaines-pour-lird","status":"publish","type":"post","link":"https:\/\/euapp01.newsmemory.com\/lamarseillaise\/news\/2026\/07\/29\/des-modalites-de-fusion-incertaines-pour-lird\/","title":{"rendered":"Des modalit\u00e9s de fusion incertaines pour l\u2019IRD"},"content":{"rendered":"<div class=\"paragraph\">\n<p>Beaucoup de questions et peu de r\u00e9ponses. Le bilan de la r\u00e9union organis\u00e9e par la pr\u00e9sidente de l\u2019Institut de recherche pour le d\u00e9veloppement (IRD), Val\u00e9rie Verdier, n\u2019a pas lev\u00e9 les interrogations des repr\u00e9sentants de salari\u00e9s pr\u00e9sents, ce 28\u00a0juillet. \u00c0 l\u2019ordre du jour, les modalit\u00e9s du projet de fusion entre l\u2019IRD et le Centre national de la recherche scientifique (CNRS), souhait\u00e9e par le Gouvernement.<\/p>\n<p>L\u2019absorption, pr\u00e9vue au 1<sup>er<\/sup>\u00a0janvier 2027, pr\u00e9occupe le personnel, tant pour leur avenir professionnel que pour le mod\u00e8le unique de l\u2019institut, qui r\u00e9alise des missions en partenariat avec les pays du Sud. \u00ab\u00a0<i>On a exprim\u00e9 nos inqui\u00e9tudes. On r\u00e9fl\u00e9chit actuellement \u00e0 notre demande d\u2019allocation de moyens pour 2027, mais les agents nous demandent si cette projection budg\u00e9taire a du sens<\/i><i>\u00a0<\/i>\u00bb, raconte Fabienne Cartieaux, secr\u00e9taire g\u00e9n\u00e9rale de STREM-CFDT, syndicat majoritaire de l\u2019\u00e9tablissement. Et de pr\u00e9ciser\u00a0: \u00ab\u00a0<i>Mais l<\/i><i>a pr\u00e9sidente a affirm\u00e9 qu\u2019il y aurait un budget pour 2027<\/i><i>\u00a0<\/i>\u00bb.<\/p>\n<p>Selon la syndicaliste, Val\u00e9rie Verdier a aussi soutenu que les engagements de l\u2019IRD s\u2019\u00e9tendaient sur trois ans, et qu\u2019ils seraient \u00ab\u00a0<i>tous honor\u00e9s<\/i>\u00a0\u00bb. Un discours qui se veut rassurant, \u00e9galement au niveau d\u2019une potentielle r\u00e9duction d\u2019effectifs. La pr\u00e9sidente a assur\u00e9 avoir \u00ab\u00a0<i>\u00e0 c\u0153ur de d\u00e9fendre le personnel<\/i>\u00a0\u00bb, selon Fabienne Cartieaux, qui \u00e9met des doutes\u00a0: \u00ab\u00a0<i>Concernant les postes supprim\u00e9s, la question se pose pour les contractuels. Le CNRS ne pourra pas g\u00e9rer cet afflux de nouveaux agents<\/i>\u00a0\u00bb.<\/p>\n<\/p><\/div>\n<div class=\"intext\"> Une fusion<br \/>\n               <br \/>bien trop rapide\n              <\/div>\n<div class=\"paragraph\">\n<p>Un des autres enjeux abord\u00e9s pendant la r\u00e9union est l\u2019autonomie de l\u2019IRD au sein du CNRS. \u00ab\u00a0<i>Comment pourrait-on garder notre autonomie<\/i><i>\u00a0<\/i><i>? Rien ne nous garantit que le conseil d\u2019administration du CNRS votera un budget adapt\u00e9 \u00e0 nos missions Sud<\/i>, s\u2019alarme la secr\u00e9taire g\u00e9n\u00e9rale. <i>Normalement, toutes les instances paritaires doivent \u00eatre consult\u00e9es, au niveau de l\u2019IRD, du CNRS et du minist\u00e8re de la Recherche<\/i>\u00a0\u00bb. Des \u00e9tapes br\u00fbl\u00e9es, selon la syndicaliste. Le personnel demeure donc dans le flou apr\u00e8s cette r\u00e9union. \u00ab\u00a0<i>On poursuit nos projets, en attendant de savoir \u00e0 quelle sauce on sera mang\u00e9s<\/i>\u00a0\u00bb, conclut-elle.<\/p>\n<\/p><\/div>\n","protected":false},"excerpt":{"rendered":"Beaucoup de questions et peu de r&eacute;ponses. Le bilan de la r&eacute;union organis&eacute;e par la pr&eacute;sidente de l&rsquo;Institut de recherche pour le d&eacute;veloppement (IRD), Val&eacute;rie Verdier, n&rsquo;a pas lev&eacute; les &#8230;","protected":false},"author":1,"featured_media":37753,"comment_status":"open","ping_status":"open","sticky":false,"template":"","format":"standard","meta":{"footnotes":""},"categories":[3926,3925,330,331],"tags":[237,2482,572,1693,1095,521,1592,416,962,1058,364],"news-destination":[3944],"news-source":[475],"is_homepage":[],"ta_other":[],"class_list":["post-37752","post","type-post","status-publish","format-standard","has-post-thumbnail","hentry","category-accueil-merge","category-accueil-third","category-politique","category-social","tag-cfdt","tag-cnrs","tag-france","tag-ird","tag-partenariat","tag-personnel","tag-recherche","tag-recherche-scientifique","tag-salaries","tag-science","tag-syndicats","news-destination-homepage","news-source-website"],"_links":{"self":[{"href":"https:\/\/euapp01.newsmemory.com\/lamarseillaise\/news\/wp-json\/wp\/v2\/posts\/37752","targetHints":{"allow":["GET"]}}],"collection":[{"href":"https:\/\/euapp01.newsmemory.com\/lamarseillaise\/news\/wp-json\/wp\/v2\/posts"}],"about":[{"href":"https:\/\/euapp01.newsmemory.com\/lamarseillaise\/news\/wp-json\/wp\/v2\/types\/post"}],"author":[{"embeddable":true,"href":"https:\/\/euapp01.newsmemory.com\/lamarseillaise\/news\/wp-json\/wp\/v2\/users\/1"}],"replies":[{"embeddable":true,"href":"https:\/\/euapp01.newsmemory.com\/lamarseillaise\/news\/wp-json\/wp\/v2\/comments?post=37752"}],"version-history":[{"count":1,"href":"https:\/\/euapp01.newsmemory.com\/lamarseillaise\/news\/wp-json\/wp\/v2\/posts\/37752\/revisions"}],"predecessor-version":[{"id":37754,"href":"https:\/\/euapp01.newsmemory.com\/lamarseillaise\/news\/wp-json\/wp\/v2\/posts\/37752\/revisions\/37754"}],"wp:featuredmedia":[{"embeddable":true,"href":"https:\/\/euapp01.newsmemory.com\/lamarseillaise\/news\/wp-json\/wp\/v2\/media\/37753"}],"wp:attachment":[{"href":"https:\/\/euapp01.newsmemory.com\/lamarseillaise\/news\/wp-json\/wp\/v2\/media?parent=37752"}],"wp:term":[{"taxonomy":"category","embeddable":true,"href":"https:\/\/euapp01.newsmemory.com\/lamarseillaise\/news\/wp-json\/wp\/v2\/categories?post=37752"},{"taxonomy":"post_tag","embeddable":true,"href":"https:\/\/euapp01.newsmemory.com\/lamarseillaise\/news\/wp-json\/wp\/v2\/tags?post=37752"},{"taxonomy":"news-destination","embeddable":true,"href":"https:\/\/euapp01.newsmemory.com\/lamarseillaise\/news\/wp-json\/wp\/v2\/news-destination?post=37752"},{"taxonomy":"news-source","embeddable":true,"href":"https:\/\/euapp01.newsmemory.com\/lamarseillaise\/news\/wp-json\/wp\/v2\/news-source?post=37752"},{"taxonomy":"is_homepage","embeddable":true,"href":"https:\/\/euapp01.newsmemory.com\/lamarseillaise\/news\/wp-json\/wp\/v2\/is_homepage?post=37752"},{"taxonomy":"ta_other","embeddable":true,"href":"https:\/\/euapp01.newsmemory.com\/lamarseillaise\/news\/wp-json\/wp\/v2\/ta_other?post=37752"}],"curies":[{"name":"wp","href":"https:\/\/api.w.org\/{rel}","templated":true}]}}