{"id":37746,"date":"2026-07-29T08:30:00","date_gmt":"2026-07-29T06:30:00","guid":{"rendered":"https:\/\/euapp01.newsmemory.com\/lamarseillaise\/news\/?p=37746"},"modified":"2026-08-04T07:17:38","modified_gmt":"2026-08-04T05:17:38","slug":"lunicef-de-retour-dans-les-alpes-de-haute-provence","status":"publish","type":"post","link":"https:\/\/euapp01.newsmemory.com\/lamarseillaise\/news\/2026\/07\/29\/lunicef-de-retour-dans-les-alpes-de-haute-provence\/","title":{"rendered":"L\u2019Unicef de retour dans les Alpes-de-Haute-Provence"},"content":{"rendered":"<div class=\"paragraph\">\n<p>\u00ab <i>O<\/i><i>n ne pouvait pas laisser un d\u00e9partement sans pr\u00e9sence de l\u2019Unicef, c\u2019\u00e9tait indispensable de revenir dans le 04<\/i><i>\u00a0<\/i>\u00bb, insiste Bruno Enjolras, pr\u00e9sident du comit\u00e9 territorial Alpes Provence et administrateur Unicef France. Faute de renouveau et de jeunesse, \u00ab\u00a0<i>il n\u2019y avait plus d\u2019activit\u00e9 b\u00e9n\u00e9vole dans le 04<\/i><i>\u00a0<\/i>\u00bb depuis plusieurs ann\u00e9es. \u00ab\u00a0<i>On est li\u00e9s \u00e0 la capacit\u00e9 des personnes \u00e0 se mobiliser<\/i><i>\u00a0<\/i>\u00bb, explique le pr\u00e9sident r\u00e9gional.<\/p>\n<p>L\u2019association compte d\u00e9j\u00e0 une premi\u00e8re b\u00e9n\u00e9vole et responsable de l\u2019antenne de Digne, Julie Lakhlef, qui compte bien \u00ab\u00a0<i>d\u00e9fendre les droits de tous les enfants du monde entier<\/i><i>\u00a0<\/i>\u00bb et \u00ab\u00a0<i>faire des partenariats avec des associations pour collecter des fonds<\/i><i>\u00a0<\/i>\u00bb. L\u2019Unicef a l\u2019interdiction d\u2019organiser des \u00e9v\u00e9nements en son nom propre, et compte ainsi sur ses partenaires pour lui reverser des fonds.<\/p>\n<p>Dans le d\u00e9partement, l\u2019Unicef organisera notamment des sessions de sensibilisation dans les \u00e9coles ou encore les centres de loisirs pour informer les enfants concernant leurs droits, explique Julie Lakhlef. L\u2019association peut par exemple initier les enfants au consentement.<\/p>\n<p>\u00ab\u00a0<i>J\u2018ai toujours \u00e9t\u00e9 tr\u00e8s investie dans la vie associative locale. J\u2019ai par exemple donn\u00e9 des cours de fran\u00e7ais aux migrants<\/i><i>\u00a0<\/i>\u00bb, explique la b\u00e9n\u00e9vole, qui a suivi un cursus tourn\u00e9 vers l\u2019international et a notamment d\u00e9j\u00e0 v\u00e9cu en Chine. \u00ab\u00a0<i>On part de z\u00e9ro, mais j\u2019ai d\u00e9j\u00e0 mon r\u00e9seau et ma connaissance du d\u00e9partement<\/i><i>\u00a0<\/i>\u00bb, se r\u00e9jouit la native de Digne. Quelques candidats se sont d\u00e9j\u00e0 manifest\u00e9s pour \u00eatre b\u00e9n\u00e9voles aux c\u00f4t\u00e9s de Julie, selon Bruno Enjolras. L\u2019association esp\u00e8re \u00e9galement cr\u00e9er des partenariats avec les Villes \u00ab\u00a0<i>pour qu\u2019elles modifient leurs politiques publiques<\/i><i>\u00a0<\/i>\u00bb. L\u2019Unicef a d\u00e9j\u00e0 rencontr\u00e9 des \u00e9lus de Digne, Manosque, Sisteron et Forcalquier.<\/p>\n<\/p><\/div>\n","protected":false},"excerpt":{"rendered":"&laquo; On ne pouvait pas laisser un d&eacute;partement sans pr&eacute;sence de l&rsquo;Unicef, c&rsquo;&eacute;tait indispensable de revenir dans le 04&nbsp;&raquo;, insiste Bruno Enjolras, pr&eacute;sident du comit&eacute; territorial Alpes &#8230;","protected":false},"author":1,"featured_media":37747,"comment_status":"open","ping_status":"open","sticky":false,"template":"","format":"standard","meta":{"footnotes":""},"categories":[3926,3925,20],"tags":[4768,4467,143,168,2148,3015,2704,51,1572],"news-destination":[3944],"news-source":[475],"is_homepage":[],"ta_other":[],"class_list":["post-37746","post","type-post","status-publish","format-standard","has-post-thumbnail","hentry","category-accueil-merge","category-accueil-third","category-societe","tag-alpes","tag-alpes-de-haute-provence","tag-associatif","tag-association","tag-collecte","tag-droits-des-enfants","tag-recolte","tag-societe","tag-unicef","news-destination-homepage","news-source-website"],"_links":{"self":[{"href":"https:\/\/euapp01.newsmemory.com\/lamarseillaise\/news\/wp-json\/wp\/v2\/posts\/37746","targetHints":{"allow":["GET"]}}],"collection":[{"href":"https:\/\/euapp01.newsmemory.com\/lamarseillaise\/news\/wp-json\/wp\/v2\/posts"}],"about":[{"href":"https:\/\/euapp01.newsmemory.com\/lamarseillaise\/news\/wp-json\/wp\/v2\/types\/post"}],"author":[{"embeddable":true,"href":"https:\/\/euapp01.newsmemory.com\/lamarseillaise\/news\/wp-json\/wp\/v2\/users\/1"}],"replies":[{"embeddable":true,"href":"https:\/\/euapp01.newsmemory.com\/lamarseillaise\/news\/wp-json\/wp\/v2\/comments?post=37746"}],"version-history":[{"count":1,"href":"https:\/\/euapp01.newsmemory.com\/lamarseillaise\/news\/wp-json\/wp\/v2\/posts\/37746\/revisions"}],"predecessor-version":[{"id":37748,"href":"https:\/\/euapp01.newsmemory.com\/lamarseillaise\/news\/wp-json\/wp\/v2\/posts\/37746\/revisions\/37748"}],"wp:featuredmedia":[{"embeddable":true,"href":"https:\/\/euapp01.newsmemory.com\/lamarseillaise\/news\/wp-json\/wp\/v2\/media\/37747"}],"wp:attachment":[{"href":"https:\/\/euapp01.newsmemory.com\/lamarseillaise\/news\/wp-json\/wp\/v2\/media?parent=37746"}],"wp:term":[{"taxonomy":"category","embeddable":true,"href":"https:\/\/euapp01.newsmemory.com\/lamarseillaise\/news\/wp-json\/wp\/v2\/categories?post=37746"},{"taxonomy":"post_tag","embeddable":true,"href":"https:\/\/euapp01.newsmemory.com\/lamarseillaise\/news\/wp-json\/wp\/v2\/tags?post=37746"},{"taxonomy":"news-destination","embeddable":true,"href":"https:\/\/euapp01.newsmemory.com\/lamarseillaise\/news\/wp-json\/wp\/v2\/news-destination?post=37746"},{"taxonomy":"news-source","embeddable":true,"href":"https:\/\/euapp01.newsmemory.com\/lamarseillaise\/news\/wp-json\/wp\/v2\/news-source?post=37746"},{"taxonomy":"is_homepage","embeddable":true,"href":"https:\/\/euapp01.newsmemory.com\/lamarseillaise\/news\/wp-json\/wp\/v2\/is_homepage?post=37746"},{"taxonomy":"ta_other","embeddable":true,"href":"https:\/\/euapp01.newsmemory.com\/lamarseillaise\/news\/wp-json\/wp\/v2\/ta_other?post=37746"}],"curies":[{"name":"wp","href":"https:\/\/api.w.org\/{rel}","templated":true}]}}