{"id":37743,"date":"2026-07-29T07:52:00","date_gmt":"2026-07-29T05:52:00","guid":{"rendered":"https:\/\/euapp01.newsmemory.com\/lamarseillaise\/news\/?p=37743"},"modified":"2026-07-29T10:11:14","modified_gmt":"2026-07-29T08:11:14","slug":"les-spartiates-affichent-de-grandes-ambitions","status":"publish","type":"post","link":"https:\/\/euapp01.newsmemory.com\/lamarseillaise\/news\/2026\/07\/29\/les-spartiates-affichent-de-grandes-ambitions\/","title":{"rendered":"Les Spartiates affichent de grandes ambitions"},"content":{"rendered":"<div class=\"paragraph\">\n<p>Apr\u00e8s plusieurs semaines de r\u00e9flexion et de n\u00e9gociations, le recrutement des Spartiates de Marseille est boucl\u00e9. Le club a officialis\u00e9 les 23\u00a0joueurs qui porteront le maillot phoc\u00e9en la saison prochaine. \u00ab<i>\u00a0<\/i><i>On a fait ce que l\u2019on voulait<\/i><i>\u00a0<\/i>\u00bb, se f\u00e9licite Jonathan Zwikel, manager g\u00e9n\u00e9ral des Spartiates. Le dirigeant marseillais se r\u00e9jouit notamment d\u2019avoir attir\u00e9 plusieurs<i> <\/i>\u00ab<i>\u00a0<\/i><i>Fran\u00e7ais de qualit\u00e9<\/i><i>\u00a0<\/i>\u00bb, un march\u00e9 particuli\u00e8rement difficile en raison du faible nombre de joueurs disponibles et de la forte concurrence entre clubs. Chaque \u00e9quipe de Ligue Magnus doit en effet compter au moins neuf joueurs form\u00e9s localement (JFL), ainsi qu\u2019un gardien.<\/p>\n<\/p><\/div>\n<div class=\"intext\"> Le gros coup Koudri\n              <\/div>\n<div class=\"paragraph\">\n<p>Parmi ces recrues, l\u2019arriv\u00e9e de l\u2019international tricolore Adel Koudri est la plus marquante. Apr\u00e8s plusieurs saisons \u00e0 Grenoble dans des effectifs ambitieux, le centre arrive \u00e0 Marseille pour \u00ab<i>\u00a0<\/i><i>prendre plus de responsabilit\u00e9s<\/i><i>\u00a0<\/i>\u00bb<i>. <\/i>Zwikel voit en lui \u00ab<i>\u00a0<\/i><i>un gros coup sur le march\u00e9 des JFL<\/i><i>\u00a0<\/i>\u00bb. Il correspond au profil des joueurs recrut\u00e9s\u00a0: \u00ab<i>\u00a0<\/i><i>On veut des joueurs qui ne trichent pas, qui jouent des deux c\u00f4t\u00e9s de la patinoire, avec de l\u2019intensit\u00e9 et de la vitesse dans les transitions.<\/i>\u00a0\u00bb Du c\u00f4t\u00e9 des \u00e9trangers, seuls Libor Kasik, Jan Dufek et Bobbo Petersson ont \u00e9t\u00e9 conserv\u00e9s. La prolongation du d\u00e9fenseur su\u00e9dois a suscit\u00e9 des r\u00e9actions chez certains supporters, mais le manager g\u00e9n\u00e9ral d\u00e9fend son choix : \u00ab<i>\u00a0<\/i><i>Bobbo n\u2019est pas un joueur spectaculaire, mais on avait besoin de stabilit\u00e9 et d\u2019exp\u00e9rience. Il faut regarder tout ce qu\u2019il apporte.<\/i><i>\u00a0<\/i>\u00bb<i> <\/i><i><\/i><\/p>\n<p>Avec pr\u00e8s de 300\u00a0matches en Ligue su\u00e9doise (SHL), l\u2019une des meilleures ligues au monde, Petersson reste un \u00e9l\u00e9ment jug\u00e9 pr\u00e9cieux dans l\u2019\u00e9quilibre des Spartiates. Ces derniers visent une quatri\u00e8me qualification d\u2019affil\u00e9e pour les play-offs. \u00ab<i>\u00a0<\/i><i>\u00c7a ne peut pas \u00eatre autre chose, surtout par rapport \u00e0 notre budget et \u00e0 notre exp\u00e9rience<\/i><i>\u00a0<\/i>\u00bb, lance le dirigeant marseillais. \u00ab<i>\u00a0<\/i><i>Et ce n\u2019est pas parce qu\u2019on l\u2019a fait trois fois en trois ans que c\u2019est quelque chose de banal.<\/i><i>\u00a0<\/i>\u00bb<i><\/i><\/p>\n<\/p><\/div>\n","protected":false},"excerpt":{"rendered":"Apr&egrave;s plusieurs semaines de r&eacute;flexion et de n&eacute;gociations, le recrutement des Spartiates de Marseille est boucl&eacute;. Le club a officialis&eacute; les 23&nbsp;joueurs qui porteront le maillot phoc&eacute;en la saison &#8230;","protected":false},"author":1,"featured_media":37744,"comment_status":"open","ping_status":"open","sticky":false,"template":"","format":"standard","meta":{"footnotes":""},"categories":[7],"tags":[10,1823,1196,16,1211,1822],"news-destination":[],"news-source":[475],"is_homepage":[],"ta_other":[],"class_list":["post-37743","post","type-post","status-publish","format-standard","has-post-thumbnail","hentry","category-sports","tag-bouches-du-rhone","tag-hockey-sur-glace","tag-joueurs","tag-marseille","tag-saison","tag-spartiates","news-source-website"],"_links":{"self":[{"href":"https:\/\/euapp01.newsmemory.com\/lamarseillaise\/news\/wp-json\/wp\/v2\/posts\/37743","targetHints":{"allow":["GET"]}}],"collection":[{"href":"https:\/\/euapp01.newsmemory.com\/lamarseillaise\/news\/wp-json\/wp\/v2\/posts"}],"about":[{"href":"https:\/\/euapp01.newsmemory.com\/lamarseillaise\/news\/wp-json\/wp\/v2\/types\/post"}],"author":[{"embeddable":true,"href":"https:\/\/euapp01.newsmemory.com\/lamarseillaise\/news\/wp-json\/wp\/v2\/users\/1"}],"replies":[{"embeddable":true,"href":"https:\/\/euapp01.newsmemory.com\/lamarseillaise\/news\/wp-json\/wp\/v2\/comments?post=37743"}],"version-history":[{"count":1,"href":"https:\/\/euapp01.newsmemory.com\/lamarseillaise\/news\/wp-json\/wp\/v2\/posts\/37743\/revisions"}],"predecessor-version":[{"id":37745,"href":"https:\/\/euapp01.newsmemory.com\/lamarseillaise\/news\/wp-json\/wp\/v2\/posts\/37743\/revisions\/37745"}],"wp:featuredmedia":[{"embeddable":true,"href":"https:\/\/euapp01.newsmemory.com\/lamarseillaise\/news\/wp-json\/wp\/v2\/media\/37744"}],"wp:attachment":[{"href":"https:\/\/euapp01.newsmemory.com\/lamarseillaise\/news\/wp-json\/wp\/v2\/media?parent=37743"}],"wp:term":[{"taxonomy":"category","embeddable":true,"href":"https:\/\/euapp01.newsmemory.com\/lamarseillaise\/news\/wp-json\/wp\/v2\/categories?post=37743"},{"taxonomy":"post_tag","embeddable":true,"href":"https:\/\/euapp01.newsmemory.com\/lamarseillaise\/news\/wp-json\/wp\/v2\/tags?post=37743"},{"taxonomy":"news-destination","embeddable":true,"href":"https:\/\/euapp01.newsmemory.com\/lamarseillaise\/news\/wp-json\/wp\/v2\/news-destination?post=37743"},{"taxonomy":"news-source","embeddable":true,"href":"https:\/\/euapp01.newsmemory.com\/lamarseillaise\/news\/wp-json\/wp\/v2\/news-source?post=37743"},{"taxonomy":"is_homepage","embeddable":true,"href":"https:\/\/euapp01.newsmemory.com\/lamarseillaise\/news\/wp-json\/wp\/v2\/is_homepage?post=37743"},{"taxonomy":"ta_other","embeddable":true,"href":"https:\/\/euapp01.newsmemory.com\/lamarseillaise\/news\/wp-json\/wp\/v2\/ta_other?post=37743"}],"curies":[{"name":"wp","href":"https:\/\/api.w.org\/{rel}","templated":true}]}}