{"id":37740,"date":"2026-07-29T07:48:00","date_gmt":"2026-07-29T05:48:00","guid":{"rendered":"https:\/\/euapp01.newsmemory.com\/lamarseillaise\/news\/?p=37740"},"modified":"2026-07-29T10:11:14","modified_gmt":"2026-07-29T08:11:14","slug":"deux-aspirantes-cites-de-caractere-dans-les-hautes-alpes","status":"publish","type":"post","link":"https:\/\/euapp01.newsmemory.com\/lamarseillaise\/news\/2026\/07\/29\/deux-aspirantes-cites-de-caractere-dans-les-hautes-alpes\/","title":{"rendered":"Deux aspirantes cit\u00e9s de caract\u00e8re dans les Hautes-Alpes"},"content":{"rendered":"<div class=\"paragraph\">\n<p>L\u2019une est au pied d\u2019un rocher, l\u2019autre nich\u00e9e sur une colline. Orpierre et Rosans, communes de 316\u00a0et 511\u00a0habitants, pr\u00e9parent toutes deux une candidature au label \u00ab\u00a0<i>Petites Cit\u00e9s de Caract\u00e8re<\/i>\u00a0\u00bb, distinction qui valorise les communes engag\u00e9es dans la pr\u00e9servation et la mise en valeur de leur patrimoine, avec l\u2019objectif d\u2019obtenir l\u2019homologation au printemps\u00a02027.<\/p>\n<p>Jeudi 23\u00a0juillet, une premi\u00e8re r\u00e9union \u00e0 Rosans a permis d\u2019entamer les d\u00e9marches, en pr\u00e9sence de Laurent Mazurier, directeur de l\u2019Association nationale des Petites Cit\u00e9s de Caract\u00e8re. \u00ab\u00a0<i>La marque ne r\u00e9compense pas uniquement un patrimoine remarquable<\/i><i>\u00a0<\/i><i>; elle distingue aussi une volont\u00e9 collective de le pr\u00e9server, de le mettre en valeur et d\u2019en faire un moteur de d\u00e9veloppement durable<\/i>\u00a0\u00bb<i>, <\/i>a-t-il rappel\u00e9<i>. <\/i>La r\u00e9union s\u2019est poursuivie par la visite des centres anciens de Rosans et d\u2019Orpierre, avant un d\u00e9placement \u00e0 Serres, premi\u00e8re commune haut-alpine \u00e0 avoir obtenu le label en 2019 avec Garde-Colombe.<i><\/i><\/p>\n<\/p><\/div>\n<div class=\"intext\"> Orpierre la grimpeuse, Rosans la m\u00e9di\u00e9vale\n              <\/div>\n<div class=\"paragraph\">\n<p>Les crit\u00e8res d\u2019obtention reposent sur une charte nationale exigeante, qui \u00e9value aussi bien la qualit\u00e9 du patrimoine que les politiques publiques pour le pr\u00e9server et le faire vivre\u00a0: restauration du b\u00e2ti, am\u00e9nagement des espaces publics, animation des centres-bourgs, etc. Les deux villages sont des \u00e9tapes incontournables des Baronnies proven\u00e7ales avec des atouts \u00e0 mettre en avant. Orpierre est notamment renomm\u00e9e pour ses sites d\u2019escalade et Rosans pour son architecture m\u00e9di\u00e9vale pr\u00e9serv\u00e9e.<\/p>\n<\/p><\/div>\n","protected":false},"excerpt":{"rendered":"L&rsquo;une est au pied d&rsquo;un rocher, l&rsquo;autre nich&eacute;e sur une colline. Orpierre et Rosans, communes de 316&nbsp;et 511&nbsp;habitants, pr&eacute;parent toutes deux une candidature au label &laquo;&nbsp;Petites Cit&eacute;s de &#8230;","protected":false},"author":1,"featured_media":37741,"comment_status":"open","ping_status":"open","sticky":false,"template":"","format":"standard","meta":{"footnotes":""},"categories":[20],"tags":[4768,2923,1346,181,513,97,1940,6173],"news-destination":[],"news-source":[475],"is_homepage":[],"ta_other":[],"class_list":["post-37740","post","type-post","status-publish","format-standard","has-post-thumbnail","hentry","category-societe","tag-alpes","tag-architecte","tag-architecture","tag-centre-ville","tag-communes","tag-patrimoine","tag-villages","tag-villes-et-villages-fleuris","news-source-website"],"_links":{"self":[{"href":"https:\/\/euapp01.newsmemory.com\/lamarseillaise\/news\/wp-json\/wp\/v2\/posts\/37740","targetHints":{"allow":["GET"]}}],"collection":[{"href":"https:\/\/euapp01.newsmemory.com\/lamarseillaise\/news\/wp-json\/wp\/v2\/posts"}],"about":[{"href":"https:\/\/euapp01.newsmemory.com\/lamarseillaise\/news\/wp-json\/wp\/v2\/types\/post"}],"author":[{"embeddable":true,"href":"https:\/\/euapp01.newsmemory.com\/lamarseillaise\/news\/wp-json\/wp\/v2\/users\/1"}],"replies":[{"embeddable":true,"href":"https:\/\/euapp01.newsmemory.com\/lamarseillaise\/news\/wp-json\/wp\/v2\/comments?post=37740"}],"version-history":[{"count":1,"href":"https:\/\/euapp01.newsmemory.com\/lamarseillaise\/news\/wp-json\/wp\/v2\/posts\/37740\/revisions"}],"predecessor-version":[{"id":37742,"href":"https:\/\/euapp01.newsmemory.com\/lamarseillaise\/news\/wp-json\/wp\/v2\/posts\/37740\/revisions\/37742"}],"wp:featuredmedia":[{"embeddable":true,"href":"https:\/\/euapp01.newsmemory.com\/lamarseillaise\/news\/wp-json\/wp\/v2\/media\/37741"}],"wp:attachment":[{"href":"https:\/\/euapp01.newsmemory.com\/lamarseillaise\/news\/wp-json\/wp\/v2\/media?parent=37740"}],"wp:term":[{"taxonomy":"category","embeddable":true,"href":"https:\/\/euapp01.newsmemory.com\/lamarseillaise\/news\/wp-json\/wp\/v2\/categories?post=37740"},{"taxonomy":"post_tag","embeddable":true,"href":"https:\/\/euapp01.newsmemory.com\/lamarseillaise\/news\/wp-json\/wp\/v2\/tags?post=37740"},{"taxonomy":"news-destination","embeddable":true,"href":"https:\/\/euapp01.newsmemory.com\/lamarseillaise\/news\/wp-json\/wp\/v2\/news-destination?post=37740"},{"taxonomy":"news-source","embeddable":true,"href":"https:\/\/euapp01.newsmemory.com\/lamarseillaise\/news\/wp-json\/wp\/v2\/news-source?post=37740"},{"taxonomy":"is_homepage","embeddable":true,"href":"https:\/\/euapp01.newsmemory.com\/lamarseillaise\/news\/wp-json\/wp\/v2\/is_homepage?post=37740"},{"taxonomy":"ta_other","embeddable":true,"href":"https:\/\/euapp01.newsmemory.com\/lamarseillaise\/news\/wp-json\/wp\/v2\/ta_other?post=37740"}],"curies":[{"name":"wp","href":"https:\/\/api.w.org\/{rel}","templated":true}]}}