{"id":37737,"date":"2026-07-29T07:47:00","date_gmt":"2026-07-29T05:47:00","guid":{"rendered":"https:\/\/euapp01.newsmemory.com\/lamarseillaise\/news\/?p=37737"},"modified":"2026-08-03T08:44:18","modified_gmt":"2026-08-03T06:44:18","slug":"zidane-couronne-a-la-tete-des-bleus","status":"publish","type":"post","link":"https:\/\/euapp01.newsmemory.com\/lamarseillaise\/news\/2026\/07\/29\/zidane-couronne-a-la-tete-des-bleus\/","title":{"rendered":"Zidane couronn\u00e9 \u00e0 la t\u00eate des Bleus"},"content":{"rendered":"<div class=\"paragraph\">\n<p>Monument du football fran\u00e7ais, Zin\u00e9dine Zidane a \u00e9t\u00e9 officiellement nomm\u00e9 mardi s\u00e9lectionneur de l\u2019\u00e9quipe de France. Une cons\u00e9cration attendue pour l\u2019ancien num\u00e9ro\u00a010 des Bleus, dont la carri\u00e8re d\u2019entra\u00eeneur est d\u00e9j\u00e0 jalonn\u00e9e de succ\u00e8s, mais qui devra d\u00e9sormais relever le d\u00e9fi immense de succ\u00e9der \u00e0 son ancien co\u00e9quipier Didier Deschamps. Depuis le si\u00e8ge de la F\u00e9d\u00e9ration fran\u00e7aise de football, o\u00f9 plus d\u2019une centaine de supporters s\u2019\u00e9taient rassembl\u00e9s, certains v\u00eatus du maillot bleu, le pr\u00e9sident de la FFF, Philippe Diallo, a officialis\u00e9 ce qui apparaissait depuis longtemps comme une \u00e9vidence.<\/p>\n<p>L\u2019ancien meneur de jeu et capitaine des Bleus, dont la candidature s\u2019\u00e9tait impos\u00e9e naturellement, prend ainsi les r\u00eanes de la s\u00e9lection nationale. \u00c0 54\u00a0ans, \u00ab\u00a0Zizou\u00a0\u00bb acc\u00e8de enfin \u00e0 la fonction qu\u2019il convoite depuis des ann\u00e9es. Son prestige repose autant sur son parcours de joueur \u2013 champion du monde en 1998 et champion d\u2019Europe en 2000 \u2013 que sur son exceptionnelle r\u00e9ussite sur le banc du Real Madrid, avec notamment trois Ligues des champions remport\u00e9es cons\u00e9cutivement entre 2016 et 2018. \u00ab<i>\u00a0<\/i><i>D\u00e8s f\u00e9vrier<\/i><i>\u00a0<\/i><i>2025, j\u2019ai rencontr\u00e9 Zin\u00e9dine Zidane pour lui proposer le poste<\/i><i>\u00a0<\/i>\u00bb, a r\u00e9v\u00e9l\u00e9 Philippe Diallo.<\/p>\n<p>Visiblement \u00e9mu, Zidane a \u00e9voqu\u00e9 \u00ab<i>\u00a0<\/i><i>une continuit\u00e9<\/i><i>\u00a0<\/i>\u00bb et<i> <\/i>\u00ab<i>\u00a0<\/i><i>quelque part un r\u00eave<\/i><i>\u00a0<\/i>\u00bb<i> <\/i>avant d\u2019adresser un hommage appuy\u00e9<i> <\/i>\u00ab<i>\u00a0<\/i><i>aux pompiers, au monde agricole et \u00e0 toutes les personnes mobilis\u00e9es<\/i><i>\u00a0<\/i>\u00bb face aux incendies qui touchent actuellement plusieurs r\u00e9gions fran\u00e7aises, notamment la Gironde. Sans club depuis la fin de son second passage au Real Madrid (2019-2021), le Marseillais succ\u00e8de \u00e0 deux autres champions du monde 1998 devenus s\u00e9lectionneurs : Laurent Blanc (2010-2012) puis Didier Deschamps (2012-2026).<\/p>\n<\/p><\/div>\n<div class=\"intext\"> \u00ab\u00a0Le sens de l\u2019histoire\u00a0\u00bb\n              <\/div>\n<div class=\"paragraph\">\n<p>D\u00e8s le mois de mars, Philippe Diallo avait laiss\u00e9 entrevoir son choix dans les colonnes du <i>Figaro<\/i>, sans jamais citer directement Zidane. \u00ab<i>\u00a0<\/i><i>Il n\u2019y a pas \u00e9norm\u00e9ment de profils capables de diriger l\u2019une des plus grandes s\u00e9lections du monde. Il faut quelqu\u2019un qui coche beaucoup de cases et qui puisse susciter l\u2019adh\u00e9sion des Fran\u00e7ais<\/i><i>\u00a0<\/i>\u00bb, expliquait alors le dirigeant. Difficile, \u00e0 travers ce portrait-robot, de ne pas reconna\u00eetre l\u2019enfant de la Castellane, \u00e0 Marseille, entr\u00e9 dans la l\u00e9gende du sport fran\u00e7ais le 12\u00a0juillet 1998 gr\u00e2ce \u00e0 son doubl\u00e9 en finale de la Coupe du monde face au Br\u00e9sil (3-0).<\/p>\n<p>Discret dans l\u2019espace m\u00e9diatique et peu enclin aux d\u00e9clarations publiques, Zidane a conserv\u00e9 au fil des ann\u00e9es une popularit\u00e9 intacte. M\u00eame son c\u00e9l\u00e8bre coup de t\u00eate sur Marco Materazzi lors de la finale du Mondial 2006, conclue par une d\u00e9faite contre l\u2019Italie apr\u00e8s les tirs au but, n\u2019a jamais r\u00e9ellement terni son aura aupr\u00e8s du public fran\u00e7ais. Son nom circule avec insistance depuis plusieurs ann\u00e9es pour prendre la succession de Deschamps.<\/p>\n<p>D\u00e8s 2018, l\u2019hypoth\u00e8se appara\u00eet. Elle prend de l\u2019ampleur en 2022, alors que le contrat du s\u00e9lectionneur arrive \u00e0 \u00e9ch\u00e9ance apr\u00e8s la Coupe du monde au Qatar. \u00c0 l\u2019\u00e9poque, le pr\u00e9sident de la FFF, No\u00ebl Le\u00a0Gra\u00ebt, reconnaissait d\u00e9j\u00e0 que cette nomination irait \u00ab<i>\u00a0<\/i><i>dans le sens de l\u2019histoire<\/i><i>\u00a0<\/i>\u00bb. \u00ab<i>\u00a0<\/i><i>L\u2019\u00e9quipe de France, c\u2019est la seule chose que je voulais faire<\/i><i>\u00a0<\/i>\u00bb, a-t-il confi\u00e9.<i> <\/i>\u00ab<i>\u00a0<\/i><i>J\u2019ai re\u00e7u plusieurs propositions pour entra\u00eener en club ces quatre ou cinq derni\u00e8res ann\u00e9es, mais je les ai toutes refus\u00e9es pour l\u2019\u00e9quipe de France<\/i><i>\u00a0<\/i>\u00bb<i>, <\/i>a-t-il ajout\u00e9<i>.<\/i> Son contrat d\u00e9butera officiellement le 1<sup>er<\/sup>\u00a0ao\u00fbt pour une dur\u00e9e de quatre ans. Le nouveau s\u00e9lectionneur pr\u00e9sentera son staff au d\u00e9but du mois de septembre. \u00ab<i>\u00a0<\/i><i>Il est d\u00e9j\u00e0 quasiment constitu\u00e9. C\u2019est pratiquement celui qui m\u2019a accompagn\u00e9 pendant toutes mes ann\u00e9es au Real Madrid<\/i><i>\u00a0<\/i>\u00bb, a pr\u00e9cis\u00e9 Zidane.<\/p>\n<p>Selon <i>L\u2019\u00c9quipe<\/i>, il devrait notamment retrouver son fid\u00e8le adjoint David Bettoni. Deux autres champions du monde 1998 pourraient \u00e9galement int\u00e9grer l\u2019encadrement : l\u2019ancien gardien Fabien Barthez, ainsi que Bernard Diom\u00e8de.<\/p>\n<\/p><\/div>\n","protected":false},"excerpt":{"rendered":"Monument du football fran&ccedil;ais, Zin&eacute;dine Zidane a &eacute;t&eacute; officiellement nomm&eacute; mardi s&eacute;lectionneur de l&rsquo;&eacute;quipe de France. Une cons&eacute;cration attendue pour l&rsquo;ancien num&eacute;ro&nbsp;10 &#8230;","protected":false},"author":1,"featured_media":37738,"comment_status":"open","ping_status":"open","sticky":false,"template":"","format":"standard","meta":{"footnotes":""},"categories":[3926,3925,7],"tags":[1203,4080,1097,1000,999,4078,13,572,1826,4066],"news-destination":[3944],"news-source":[475],"is_homepage":[],"ta_other":[],"class_list":["post-37737","post","type-post","status-publish","format-standard","has-post-thumbnail","hentry","category-accueil-merge","category-accueil-third","category-sports","tag-champion","tag-coupe-deurope","tag-coupe-du-monde","tag-didier-deschamps","tag-equipe-de-france","tag-fff","tag-football","tag-france","tag-supporters","tag-zinedine-zidane","news-destination-homepage","news-source-website"],"_links":{"self":[{"href":"https:\/\/euapp01.newsmemory.com\/lamarseillaise\/news\/wp-json\/wp\/v2\/posts\/37737","targetHints":{"allow":["GET"]}}],"collection":[{"href":"https:\/\/euapp01.newsmemory.com\/lamarseillaise\/news\/wp-json\/wp\/v2\/posts"}],"about":[{"href":"https:\/\/euapp01.newsmemory.com\/lamarseillaise\/news\/wp-json\/wp\/v2\/types\/post"}],"author":[{"embeddable":true,"href":"https:\/\/euapp01.newsmemory.com\/lamarseillaise\/news\/wp-json\/wp\/v2\/users\/1"}],"replies":[{"embeddable":true,"href":"https:\/\/euapp01.newsmemory.com\/lamarseillaise\/news\/wp-json\/wp\/v2\/comments?post=37737"}],"version-history":[{"count":1,"href":"https:\/\/euapp01.newsmemory.com\/lamarseillaise\/news\/wp-json\/wp\/v2\/posts\/37737\/revisions"}],"predecessor-version":[{"id":37739,"href":"https:\/\/euapp01.newsmemory.com\/lamarseillaise\/news\/wp-json\/wp\/v2\/posts\/37737\/revisions\/37739"}],"wp:featuredmedia":[{"embeddable":true,"href":"https:\/\/euapp01.newsmemory.com\/lamarseillaise\/news\/wp-json\/wp\/v2\/media\/37738"}],"wp:attachment":[{"href":"https:\/\/euapp01.newsmemory.com\/lamarseillaise\/news\/wp-json\/wp\/v2\/media?parent=37737"}],"wp:term":[{"taxonomy":"category","embeddable":true,"href":"https:\/\/euapp01.newsmemory.com\/lamarseillaise\/news\/wp-json\/wp\/v2\/categories?post=37737"},{"taxonomy":"post_tag","embeddable":true,"href":"https:\/\/euapp01.newsmemory.com\/lamarseillaise\/news\/wp-json\/wp\/v2\/tags?post=37737"},{"taxonomy":"news-destination","embeddable":true,"href":"https:\/\/euapp01.newsmemory.com\/lamarseillaise\/news\/wp-json\/wp\/v2\/news-destination?post=37737"},{"taxonomy":"news-source","embeddable":true,"href":"https:\/\/euapp01.newsmemory.com\/lamarseillaise\/news\/wp-json\/wp\/v2\/news-source?post=37737"},{"taxonomy":"is_homepage","embeddable":true,"href":"https:\/\/euapp01.newsmemory.com\/lamarseillaise\/news\/wp-json\/wp\/v2\/is_homepage?post=37737"},{"taxonomy":"ta_other","embeddable":true,"href":"https:\/\/euapp01.newsmemory.com\/lamarseillaise\/news\/wp-json\/wp\/v2\/ta_other?post=37737"}],"curies":[{"name":"wp","href":"https:\/\/api.w.org\/{rel}","templated":true}]}}