{"id":37734,"date":"2026-07-29T07:46:00","date_gmt":"2026-07-29T05:46:00","guid":{"rendered":"https:\/\/euapp01.newsmemory.com\/lamarseillaise\/news\/?p=37734"},"modified":"2026-07-29T10:11:14","modified_gmt":"2026-07-29T08:11:14","slug":"un-nouvel-espace-pour-sensibiliser-le-public-a-la-protection-des-tortues-marines","status":"publish","type":"post","link":"https:\/\/euapp01.newsmemory.com\/lamarseillaise\/news\/2026\/07\/29\/un-nouvel-espace-pour-sensibiliser-le-public-a-la-protection-des-tortues-marines\/","title":{"rendered":"Un nouvel espace pour sensibiliser le public \u00e0 la protection des tortues marines"},"content":{"rendered":"<div class=\"paragraph\">\n<p>\u00ab <i>D<\/i><i>epuis environ 8<\/i><i>\u00a0<\/i><i>ans, des tortues marines pondent sur les plages de M\u00e9diterran\u00e9e<\/i>\u00a0\u00bb explique St\u00e9phane Gagno, vice-directeur du parc. Il poursuit\u00a0: \u00ab\u00a0<i>Ce ph\u00e9nom\u00e8ne a attir\u00e9 la curiosit\u00e9 du public, mais aussi celle du Village des tortues de Carnoules, qui a d\u00e9cid\u00e9 d\u2019\u00e9voluer. Initialement, le lieu a \u00e9t\u00e9 con\u00e7u pour accueillir les sp\u00e9cimens d\u2019eau douce abandonn\u00e9s par leurs propri\u00e9taires, ou saisis par la justice.<\/i>\u00a0\u00bb<\/p>\n<p>Avec aujourd\u2019hui plus de 1\u00a0600\u00a0individus repr\u00e9sentant une soixantaine d\u2019esp\u00e8ces diff\u00e9rentes, l\u2019\u00e9tablissement ouvre un nouvel espace, avec l\u2019ambition de \u00ab\u00a0<i>sensibiliser les visiteurs \u00e0 la protection des tortues marines<\/i>\u00a0\u00bb. Il sera inaugur\u00e9 vendredi 31\u00a0juillet \u00e0 16h30, en pr\u00e9sence du maire de Carnoules, Christophe Cortes. \u00ab<i>\u00a0<\/i><i>Des ateliers pour petits et grands seront propos\u00e9s, du vendredi matin jusqu\u2019au samedi soir, avec par exemple une pr\u00e9sentation des esp\u00e8ces marines, des bons gestes \u00e0 adopter, mais aussi des quiz sur les tortues<\/i>\u00a0\u00bb<i>,<\/i> annonce le vice-directeur. Le Village souhaitant favoriser le dialogue avec les visiteurs, des membres de la WWF, Fond mondial pour la nature, auront un stand sur place.<\/p>\n<\/p><\/div>\n<div class=\"intext\"> \u00ab\u00a0Pas l\u00e0 pour exhiber\u00a0\u00bb\n              <\/div>\n<div class=\"paragraph\">\n<p>Contrairement au reste du parc, aucune tortue vivante ne sera pr\u00e9sente dans cet espace. \u00ab\u00a0<i>Nous ne sommes pas l\u00e0 pour exhiber des animaux, nous sommes l\u00e0 pour les prot\u00e9ger. Dans le cas des tortues marines, celles-ci se portent bien mieux dans la mer ou l\u2019oc\u00e9an<\/i><i>\u00a0<\/i>\u00bb, note St\u00e9phane Gagno.<\/p>\n<p>La\u00ebtitia Milot, actrice vue dans <i>Plus belle la vie<\/i> et tr\u00e8s sensible \u00e0 la cause animale, se rendra \u00e0 Carnoules pour l\u2019inauguration. L\u2019occasion d\u2019annoncer \u00ab\u00a0<i>une belle surprise quant \u00e0 sa collaboration avec le village des tortues<\/i>\u00a0\u00bb<i>, <\/i>d\u00e9voile St\u00e9phane Gagno, sans en dire plus.<\/p>\n<p><b>Louis Golliot<\/b><\/p>\n<\/p><\/div>\n","protected":false},"excerpt":{"rendered":"&laquo; Depuis environ 8&nbsp;ans, des tortues marines pondent sur les plages de M&eacute;diterran&eacute;e&nbsp;&raquo; explique St&eacute;phane Gagno, vice-directeur du parc. Il poursuit&nbsp;: &laquo;&nbsp;Ce ph&eacute;nom&egrave;ne a &#8230;","protected":false},"author":1,"featured_media":37735,"comment_status":"open","ping_status":"open","sticky":false,"template":"","format":"standard","meta":{"footnotes":""},"categories":[333],"tags":[1277,182,3788,1085,1322,6114,31],"news-destination":[],"news-source":[475],"is_homepage":[],"ta_other":[],"class_list":["post-37734","post","type-post","status-publish","format-standard","has-post-thumbnail","hentry","category-environnement","tag-animations","tag-animaux","tag-carnoules","tag-sensibilisation","tag-tortues","tag-tortues-marines","tag-var","news-source-website"],"_links":{"self":[{"href":"https:\/\/euapp01.newsmemory.com\/lamarseillaise\/news\/wp-json\/wp\/v2\/posts\/37734","targetHints":{"allow":["GET"]}}],"collection":[{"href":"https:\/\/euapp01.newsmemory.com\/lamarseillaise\/news\/wp-json\/wp\/v2\/posts"}],"about":[{"href":"https:\/\/euapp01.newsmemory.com\/lamarseillaise\/news\/wp-json\/wp\/v2\/types\/post"}],"author":[{"embeddable":true,"href":"https:\/\/euapp01.newsmemory.com\/lamarseillaise\/news\/wp-json\/wp\/v2\/users\/1"}],"replies":[{"embeddable":true,"href":"https:\/\/euapp01.newsmemory.com\/lamarseillaise\/news\/wp-json\/wp\/v2\/comments?post=37734"}],"version-history":[{"count":1,"href":"https:\/\/euapp01.newsmemory.com\/lamarseillaise\/news\/wp-json\/wp\/v2\/posts\/37734\/revisions"}],"predecessor-version":[{"id":37736,"href":"https:\/\/euapp01.newsmemory.com\/lamarseillaise\/news\/wp-json\/wp\/v2\/posts\/37734\/revisions\/37736"}],"wp:featuredmedia":[{"embeddable":true,"href":"https:\/\/euapp01.newsmemory.com\/lamarseillaise\/news\/wp-json\/wp\/v2\/media\/37735"}],"wp:attachment":[{"href":"https:\/\/euapp01.newsmemory.com\/lamarseillaise\/news\/wp-json\/wp\/v2\/media?parent=37734"}],"wp:term":[{"taxonomy":"category","embeddable":true,"href":"https:\/\/euapp01.newsmemory.com\/lamarseillaise\/news\/wp-json\/wp\/v2\/categories?post=37734"},{"taxonomy":"post_tag","embeddable":true,"href":"https:\/\/euapp01.newsmemory.com\/lamarseillaise\/news\/wp-json\/wp\/v2\/tags?post=37734"},{"taxonomy":"news-destination","embeddable":true,"href":"https:\/\/euapp01.newsmemory.com\/lamarseillaise\/news\/wp-json\/wp\/v2\/news-destination?post=37734"},{"taxonomy":"news-source","embeddable":true,"href":"https:\/\/euapp01.newsmemory.com\/lamarseillaise\/news\/wp-json\/wp\/v2\/news-source?post=37734"},{"taxonomy":"is_homepage","embeddable":true,"href":"https:\/\/euapp01.newsmemory.com\/lamarseillaise\/news\/wp-json\/wp\/v2\/is_homepage?post=37734"},{"taxonomy":"ta_other","embeddable":true,"href":"https:\/\/euapp01.newsmemory.com\/lamarseillaise\/news\/wp-json\/wp\/v2\/ta_other?post=37734"}],"curies":[{"name":"wp","href":"https:\/\/api.w.org\/{rel}","templated":true}]}}