{"id":37731,"date":"2026-07-29T07:26:00","date_gmt":"2026-07-29T05:26:00","guid":{"rendered":"https:\/\/euapp01.newsmemory.com\/lamarseillaise\/news\/?p=37731"},"modified":"2026-08-03T07:53:59","modified_gmt":"2026-08-03T05:53:59","slug":"solidarite-paysans-provence-doit-sadapter-sans-subvention","status":"publish","type":"post","link":"https:\/\/euapp01.newsmemory.com\/lamarseillaise\/news\/2026\/07\/29\/solidarite-paysans-provence-doit-sadapter-sans-subvention\/","title":{"rendered":"Solidarit\u00e9 Paysans Provence doit s\u2019adapter sans subvention"},"content":{"rendered":"<div class=\"paragraph\">\n<p>Un tiers du budget en moins pour l\u2019association Solidarit\u00e9 Paysans Provence. L\u2019annulation de la subvention par le conseil d\u00e9partemental a \u00e9t\u00e9 act\u00e9e le 21\u00a0juillet. Un soutien qui s\u2019\u00e9levait \u00e0 113\u00a0000\u00a0euros.<\/p>\n<p>L\u2019association accompagne les agriculteurs de toute la r\u00e9gion Paca dans leurs difficult\u00e9s financi\u00e8res, administratives, juridiques, mais aussi psychologiques. \u00ab\u00a0<i>Notre accompagnement est global et s\u2019\u00e9tend de quelques semaines \u00e0 plusieurs ann\u00e9es. On est l\u00e0 pour redresser l\u2019exploitation et la personne<\/i><i>\u00a0<\/i>\u00bb, explique Alexandra Bedogni, directrice de l\u2019association.<\/p>\n<p>La subvention supprim\u00e9e \u00e9tait sp\u00e9cialement destin\u00e9e \u00e0 l\u2019accompagnement des agriculteurs b\u00e9n\u00e9ficiaires du RSA (Revenu de solidarit\u00e9 active). \u00c0 l\u2019\u00e9chelle de la r\u00e9gion, l\u2019association suit pr\u00e8s de 270\u00a0agriculteurs tous les ans, dont une centaine au RSA. \u00ab\u00a0<i>Notre but est de les sortir du syst\u00e8me du RSA pour qu\u2019ils vivent de leur exploitation<\/i>\u00a0\u00bb, affirme la directrice.<\/p>\n<\/p><\/div>\n<div class=\"intext\"> De lourdes cons\u00e9quences\n              <\/div>\n<div class=\"paragraph\">\n<p>Derri\u00e8re Solidarit\u00e9 Paysans Provence, six salari\u00e9s assurent l\u2019accompagnement des agriculteurs et le bon fonctionnement de l\u2019association. \u00ab\u00a0<i>Sans ces 113<\/i><i>\u00a0<\/i><i>000<\/i><i>\u00a0<\/i><i>euros, on est oblig\u00e9 de licencier au moins une personne en septembre<\/i>\u00a0\u00bb, d\u00e9plore Elisabeth Andrieux, tr\u00e9sori\u00e8re. La structure dit d\u00e9j\u00e0 \u00eatre en sous-effectif pour r\u00e9pondre aux appels. \u00ab\u00a0<i>On doit l\u00e2cher quelques appels pour se concentrer sur les financements<\/i>\u00a0\u00bb, souffle la tr\u00e9sori\u00e8re. Des financements d\u00e9sormais \u00ab\u00a0<i>tr\u00e8s limit\u00e9s<\/i>\u00a0\u00bb\u00a0: \u00ab\u00a0<i>On toque chez les autres D\u00e9partements et R\u00e9gions, mais on nous dit que c\u2019est trop tard<\/i>.\u00a0\u00bb<\/p>\n<p>Contact\u00e9, le conseil d\u00e9partemental justifie cette suppression par un manque d\u2019\u00ab\u00a0<i>efficacit\u00e9<\/i>\u00a0\u00bb. Il argue qu\u2019en 2025, \u00ab\u00a0<i>42<\/i><i>\u00a0<\/i><i>b\u00e9n\u00e9ficiaires ont \u00e9t\u00e9 accompagn\u00e9s pour un objectif de 63, et seules quatre sorties du RSA ont \u00e9t\u00e9 enregistr\u00e9es.<\/i><i>\u00a0<\/i>\u00bb<i> <\/i>Et d\u2019insister\u00a0: \u00ab\u00a0<i>Le D\u00e9partement est tenu de concentrer ses moyens sur les dispositifs les plus performants.<\/i><i>\u00a0<\/i>\u00bb Un argument \u00ab\u00a0<i>non entendable<\/i>\u00a0\u00bb selon l\u2019association et les agriculteurs. Certains t\u00e9moignent anonymement\u00a0: \u00ab\u00a0<i>Si je suis encore en vie, je ne peux que remercier Solidarit\u00e9 Paysans pour leur soutien dans les \u00e9preuves d\u00e9licates de notre vie professionnelle.<\/i>\u00a0\u00bb<\/p>\n<\/p><\/div>\n","protected":false},"excerpt":{"rendered":"Un tiers du budget en moins pour l&rsquo;association Solidarit&eacute; Paysans Provence. L&rsquo;annulation de la subvention par le conseil d&eacute;partemental a &eacute;t&eacute; act&eacute;e le 21&nbsp;juillet. Un soutien qui &#8230;","protected":false},"author":1,"featured_media":37732,"comment_status":"open","ping_status":"open","sticky":false,"template":"","format":"standard","meta":{"footnotes":""},"categories":[3926,3925,331,20],"tags":[964,450,447,168,10,430,193,457,271,222,1509,260,916],"news-destination":[3944],"news-source":[475],"is_homepage":[],"ta_other":[],"class_list":["post-37731","post","type-post","status-publish","format-standard","has-post-thumbnail","hentry","category-accueil-merge","category-accueil-third","category-social","category-societe","tag-accompagnement","tag-agriculteurs","tag-agriculture","tag-association","tag-bouches-du-rhone","tag-budget","tag-conseil-departemental","tag-paysans","tag-precarite","tag-region-sud-paca","tag-rsa","tag-solidarite","tag-subventions","news-destination-homepage","news-source-website"],"_links":{"self":[{"href":"https:\/\/euapp01.newsmemory.com\/lamarseillaise\/news\/wp-json\/wp\/v2\/posts\/37731","targetHints":{"allow":["GET"]}}],"collection":[{"href":"https:\/\/euapp01.newsmemory.com\/lamarseillaise\/news\/wp-json\/wp\/v2\/posts"}],"about":[{"href":"https:\/\/euapp01.newsmemory.com\/lamarseillaise\/news\/wp-json\/wp\/v2\/types\/post"}],"author":[{"embeddable":true,"href":"https:\/\/euapp01.newsmemory.com\/lamarseillaise\/news\/wp-json\/wp\/v2\/users\/1"}],"replies":[{"embeddable":true,"href":"https:\/\/euapp01.newsmemory.com\/lamarseillaise\/news\/wp-json\/wp\/v2\/comments?post=37731"}],"version-history":[{"count":1,"href":"https:\/\/euapp01.newsmemory.com\/lamarseillaise\/news\/wp-json\/wp\/v2\/posts\/37731\/revisions"}],"predecessor-version":[{"id":37733,"href":"https:\/\/euapp01.newsmemory.com\/lamarseillaise\/news\/wp-json\/wp\/v2\/posts\/37731\/revisions\/37733"}],"wp:featuredmedia":[{"embeddable":true,"href":"https:\/\/euapp01.newsmemory.com\/lamarseillaise\/news\/wp-json\/wp\/v2\/media\/37732"}],"wp:attachment":[{"href":"https:\/\/euapp01.newsmemory.com\/lamarseillaise\/news\/wp-json\/wp\/v2\/media?parent=37731"}],"wp:term":[{"taxonomy":"category","embeddable":true,"href":"https:\/\/euapp01.newsmemory.com\/lamarseillaise\/news\/wp-json\/wp\/v2\/categories?post=37731"},{"taxonomy":"post_tag","embeddable":true,"href":"https:\/\/euapp01.newsmemory.com\/lamarseillaise\/news\/wp-json\/wp\/v2\/tags?post=37731"},{"taxonomy":"news-destination","embeddable":true,"href":"https:\/\/euapp01.newsmemory.com\/lamarseillaise\/news\/wp-json\/wp\/v2\/news-destination?post=37731"},{"taxonomy":"news-source","embeddable":true,"href":"https:\/\/euapp01.newsmemory.com\/lamarseillaise\/news\/wp-json\/wp\/v2\/news-source?post=37731"},{"taxonomy":"is_homepage","embeddable":true,"href":"https:\/\/euapp01.newsmemory.com\/lamarseillaise\/news\/wp-json\/wp\/v2\/is_homepage?post=37731"},{"taxonomy":"ta_other","embeddable":true,"href":"https:\/\/euapp01.newsmemory.com\/lamarseillaise\/news\/wp-json\/wp\/v2\/ta_other?post=37731"}],"curies":[{"name":"wp","href":"https:\/\/api.w.org\/{rel}","templated":true}]}}