{"id":37728,"date":"2026-07-29T07:29:00","date_gmt":"2026-07-29T05:29:00","guid":{"rendered":"https:\/\/euapp01.newsmemory.com\/lamarseillaise\/news\/?p=37728"},"modified":"2026-08-03T07:53:59","modified_gmt":"2026-08-03T05:53:59","slug":"la-coupe-est-pleine-la-justice-ferme-la-cabane-du-pecheur","status":"publish","type":"post","link":"https:\/\/euapp01.newsmemory.com\/lamarseillaise\/news\/2026\/07\/29\/la-coupe-est-pleine-la-justice-ferme-la-cabane-du-pecheur\/","title":{"rendered":"La coupe est pleine, la justice ferme la Cabane du p\u00eacheur"},"content":{"rendered":"<div class=\"paragraph\">\n<p>Pour la \u00ab\u00a0Cabane du p\u00eacheur fou chez Za\u00a0\u00bb, l\u2019\u00e9t\u00e9 est fini. Le Conseil d\u2019<span class=\"mln_uppercase_mln\">\u00c9<\/span>tat a r\u00e9tabli, mardi dernier, l\u2019arr\u00eat\u00e9 pr\u00e9fectoral du 3\u00a0juin 2026 fermant pour deux mois ce restaurant situ\u00e9 au bac du Sauvage, au bord du Petit Rh\u00f4ne, sur la commune des Saintes-Maries-de-la-Mer, en raison de \u00ab\u00a0<i>manquements graves et r\u00e9p\u00e9t\u00e9s \u00e0 la r\u00e9glementation<\/i><i>\u00a0<\/i>\u00bb. L\u2019\u00e9tablissement avait lanc\u00e9 une p\u00e9tition en ligne sign\u00e9e par pr\u00e8s de 4\u00a0700\u00a0personnes.<\/p>\n<p>Cette sanction fait suite \u00e0 l\u2019accident mortel, le 14\u00a0d\u00e9cembre 2025, d\u2019une cliente de 60\u00a0ans qui, rappelle le Conseil d\u2019<span class=\"mln_uppercase_mln\">\u00c9<\/span>tat, avait pass\u00e9 au moins quatre heures dans l\u2019\u00e9tablissement en consommant des boissons alcoolis\u00e9es et \u00ab\u00a0<i>avait pris la route en \u00e9tat d\u2019ivresse manifeste<\/i><i>\u00a0<\/i>\u00bb. Le Code de la sant\u00e9 publique interdit aux d\u00e9bitants de boissons \u00ab<i>\u00a0<\/i><i>de donner \u00e0 boire \u00e0 des gens manifestement ivres ou de les recevoir dans leurs \u00e9tablissements<\/i><i>\u00a0<\/i>\u00bb. La licence de la Cabane du p\u00eacheur ne l\u2019autorisait alors pas \u00e0 servir de l\u2019alcool \u00ab\u00a0<i>autrement qu\u2019\u00e0 l\u2019occasion des principaux repas et en accessoire \u00e0 la nourriture<\/i><i>\u00a0<\/i>\u00bb.<\/p>\n<p>Pour fonder sa sanction, le pr\u00e9fet relevait encore que le 14\u00a0mars 2026, neuf conducteurs ayant particip\u00e9 \u00e0 une importante f\u00eate organis\u00e9e par l\u2019\u00e9tablissement, rassemblant mille personnes, avaient \u00e9t\u00e9 contr\u00f4l\u00e9s avec des taux d\u2019alcool\u00e9mie sup\u00e9rieurs aux limites autoris\u00e9es, dont trois constitutifs d\u2019un d\u00e9lit. Pour le pr\u00e9fet, ces faits \u00e9taient constitutifs \u00ab\u00a0<i>par leur gravit\u00e9 et leur r\u00e9p\u00e9tition, d\u2019une atteinte \u00e0 l\u2019ordre public<\/i><i>\u00a0<\/i>\u00bb en relation avec l\u2019\u00e9tablissement.<\/p>\n<p>Saisi en r\u00e9f\u00e9r\u00e9, le juge administratif avait suspendu l\u2019arr\u00eat\u00e9 en juin, estimant que la r\u00e9it\u00e9ration des faits n\u2019\u00e9tait pas \u00e9tablie, que l\u2019exploitant avait achet\u00e9 des \u00e9thylotests pour l\u2019\u00e9v\u00e9nement du 14\u00a0mars, mis en place des solutions alternatives \u00e0 la conduite pour repartir, favoris\u00e9 la d\u00e9signation de \u00ab\u00a0capitaines de soir\u00e9e\u00a0\u00bb sobres et fait la promotion publique de ces initiatives.<\/p>\n<\/p><\/div>\n<div class=\"intext\"> Ivresse manifeste\n              <\/div>\n<div class=\"paragraph\">\n<p>Le Conseil d\u2019<span class=\"mln_uppercase_mln\">\u00c9<\/span>tat retient, lui, que la conductrice d\u00e9c\u00e9d\u00e9e affichait 1,63\u00a0g d\u2019alcool par litre de sang, soit trois fois la limite autoris\u00e9e pour conduire, que son portable montre plusieurs enregistrements vid\u00e9o, dont un dans l\u2019\u00e9tablissement, o\u00f9 elle pr\u00e9sente \u00ab\u00a0<i>des signes manifestes d\u2019alcoolisation avanc\u00e9e<\/i><i>\u00a0<\/i>\u00bb, qu\u2019un des neuf clients contr\u00f4l\u00e9s positifs au volant par les gendarmes, le 14\u00a0mars, avait 2,2\u00a0gr d\u2019alcool par litre de sang.<\/p>\n<p>Le Conseil d\u2019<span class=\"mln_uppercase_mln\">\u00c9<\/span>tat ajoute que cette consommation excessive d\u2019alcool par des clients est corrobor\u00e9e par un rapport de gendarmerie faisant \u00e9tat d\u2019une nouvelle sortie de route, le 17\u00a0mai 2026, d\u2019un v\u00e9hicule \u00e0 proximit\u00e9 de l\u2019\u00e9tablissement, avec un conducteur y ayant bu, contr\u00f4l\u00e9 avec 1,03\u00a0mg d\u2019alcool par litre d\u2019air expir\u00e9, soit 2,06\u00a0gr d\u2019alcool par litre de sang. Le Conseil d\u2019<span class=\"mln_uppercase_mln\">\u00c9<\/span>tat rappelle de surcro\u00eet que la Cabane du p\u00eacheur avait fait l\u2019objet d\u2019un avertissement, par arr\u00eat\u00e9 pr\u00e9fectoral en septembre\u00a02024, les gendarmes ayant d\u00fb intervenir pour une rixe entre clients en \u00e9tat d\u2019ivresse manifeste.<\/p>\n<\/p><\/div>\n","protected":false},"excerpt":{"rendered":"Pour la &laquo;&nbsp;Cabane du p&ecirc;cheur fou chez Za&nbsp;&raquo;, l&rsquo;&eacute;t&eacute; est fini. Le Conseil d&rsquo;&Eacute;tat a r&eacute;tabli, mardi dernier, l&rsquo;arr&ecirc;t&eacute; pr&eacute;fectoral du 3&nbsp;juin 2026 fermant &#8230;","protected":false},"author":1,"featured_media":37729,"comment_status":"open","ping_status":"open","sticky":false,"template":"","format":"standard","meta":{"footnotes":""},"categories":[3926,3925,20],"tags":[4348,10,1956,2236,1893,1798,2237,200,1621,1599,3404,370,1525,1074,522,1747,6172,525,30,1325],"news-destination":[3944],"news-source":[475],"is_homepage":[],"ta_other":[],"class_list":["post-37728","post","type-post","status-publish","format-standard","has-post-thumbnail","hentry","category-accueil-merge","category-accueil-third","category-societe","tag-boissons","tag-bouches-du-rhone","tag-conducteurs","tag-conduite","tag-consommation","tag-gendarmerie","tag-gendarmes","tag-justice","tag-la-commune","tag-licence","tag-manifeste","tag-nourriture","tag-petition","tag-promotion","tag-proximite","tag-restaurant","tag-saintes-maries-de-la-mer","tag-sanction","tag-sante-publique","tag-solutions","news-destination-homepage","news-source-website"],"_links":{"self":[{"href":"https:\/\/euapp01.newsmemory.com\/lamarseillaise\/news\/wp-json\/wp\/v2\/posts\/37728","targetHints":{"allow":["GET"]}}],"collection":[{"href":"https:\/\/euapp01.newsmemory.com\/lamarseillaise\/news\/wp-json\/wp\/v2\/posts"}],"about":[{"href":"https:\/\/euapp01.newsmemory.com\/lamarseillaise\/news\/wp-json\/wp\/v2\/types\/post"}],"author":[{"embeddable":true,"href":"https:\/\/euapp01.newsmemory.com\/lamarseillaise\/news\/wp-json\/wp\/v2\/users\/1"}],"replies":[{"embeddable":true,"href":"https:\/\/euapp01.newsmemory.com\/lamarseillaise\/news\/wp-json\/wp\/v2\/comments?post=37728"}],"version-history":[{"count":1,"href":"https:\/\/euapp01.newsmemory.com\/lamarseillaise\/news\/wp-json\/wp\/v2\/posts\/37728\/revisions"}],"predecessor-version":[{"id":37730,"href":"https:\/\/euapp01.newsmemory.com\/lamarseillaise\/news\/wp-json\/wp\/v2\/posts\/37728\/revisions\/37730"}],"wp:featuredmedia":[{"embeddable":true,"href":"https:\/\/euapp01.newsmemory.com\/lamarseillaise\/news\/wp-json\/wp\/v2\/media\/37729"}],"wp:attachment":[{"href":"https:\/\/euapp01.newsmemory.com\/lamarseillaise\/news\/wp-json\/wp\/v2\/media?parent=37728"}],"wp:term":[{"taxonomy":"category","embeddable":true,"href":"https:\/\/euapp01.newsmemory.com\/lamarseillaise\/news\/wp-json\/wp\/v2\/categories?post=37728"},{"taxonomy":"post_tag","embeddable":true,"href":"https:\/\/euapp01.newsmemory.com\/lamarseillaise\/news\/wp-json\/wp\/v2\/tags?post=37728"},{"taxonomy":"news-destination","embeddable":true,"href":"https:\/\/euapp01.newsmemory.com\/lamarseillaise\/news\/wp-json\/wp\/v2\/news-destination?post=37728"},{"taxonomy":"news-source","embeddable":true,"href":"https:\/\/euapp01.newsmemory.com\/lamarseillaise\/news\/wp-json\/wp\/v2\/news-source?post=37728"},{"taxonomy":"is_homepage","embeddable":true,"href":"https:\/\/euapp01.newsmemory.com\/lamarseillaise\/news\/wp-json\/wp\/v2\/is_homepage?post=37728"},{"taxonomy":"ta_other","embeddable":true,"href":"https:\/\/euapp01.newsmemory.com\/lamarseillaise\/news\/wp-json\/wp\/v2\/ta_other?post=37728"}],"curies":[{"name":"wp","href":"https:\/\/api.w.org\/{rel}","templated":true}]}}