{"id":37725,"date":"2026-07-29T07:35:00","date_gmt":"2026-07-29T05:35:00","guid":{"rendered":"https:\/\/euapp01.newsmemory.com\/lamarseillaise\/news\/?p=37725"},"modified":"2026-08-03T08:33:03","modified_gmt":"2026-08-03T06:33:03","slug":"le-golf-de-digne-place-en-redressement-judiciaire","status":"publish","type":"post","link":"https:\/\/euapp01.newsmemory.com\/lamarseillaise\/news\/2026\/07\/29\/le-golf-de-digne-place-en-redressement-judiciaire\/","title":{"rendered":"Le golf de Digne plac\u00e9 en redressement judiciaire"},"content":{"rendered":"<div class=\"paragraph\">\n<p>Les v\u0153ux de la mairie de Digne, suspendue \u00e0 la d\u00e9cision du tribunal de commerce, ont \u00e9t\u00e9 exauc\u00e9s mardi\u00a0: le golf de Digne a \u00e9t\u00e9 plac\u00e9 en redressement judiciaire et a ainsi \u00e9vit\u00e9 la liquidation. L\u2019\u00e9quipement sportif, d\u2019une grande importance pour la ville pr\u00e9fecture, avait d\u00e9j\u00e0 \u00e9t\u00e9 plac\u00e9 en cessation de paiement, sur fond de conflit entre les g\u00e9rants, en instance de divorce.<\/p>\n<p>\u00ab\u00a0<i>Je suis heureuse de pouvoir restructurer avec d\u2019autres partenaires<\/i><i>\u00a0<\/i>\u00bb, a rapidement r\u00e9agi la directrice g\u00e9n\u00e9rale du golf, La\u00ebtitia Cinquini Bataill\u00e9, apr\u00e8s la d\u00e9cision du tribunal. \u00ab\u00a0<i>Cette proc\u00e9dure est destin\u00e9e \u00e0 favoriser le rebond de l\u2019entreprise et nous travaillons d\u00e9j\u00e0 avec les organes d\u00e9sign\u00e9s par le tribunal en faveur d\u2019une restructuration fructueuse<\/i><i>\u00a0<\/i>\u00bb, a-t-elle ajout\u00e9 dans un communiqu\u00e9 sign\u00e9 de l\u2019\u00e9quipe du golf.<\/p>\n<p>La directrice g\u00e9n\u00e9rale accusait le groupe Adonis, pr\u00e9sid\u00e9 par son ex-compagnon, d\u2019avoir cess\u00e9 de la soutenir et de l\u2019avoir priv\u00e9e des \u00ab\u00a0<i>moyens n\u00e9cessaires pour faire face aux besoins indispensables \u00e0 la poursuite de ses projets<\/i><i>\u00a0<\/i>\u00bb, mettant ainsi \u00ab\u00a0<i>en grandes difficult\u00e9s les exploitations<\/i><i>\u00a0<\/i>\u00bb, selon elle.<\/p>\n<p>\u00ab\u00a0<i>Cette scission intervient dans un contexte de divergence strat\u00e9gique entre associ\u00e9s<\/i><i>\u00a0<\/i><i>: Pascal Bataill\u00e9, pr\u00e9sident du Groupe, a d\u00e9cid\u00e9 de ne plus suivre La\u00ebtitia Cinquini Bataill\u00e9 et de r\u00e9orienter ses investissements vers d\u2019autres projets entrepreneuriaux, mettant ainsi un terme \u00e0 la strat\u00e9gie qu\u2019ils avaient initialement construite ensemble<\/i><i>\u00a0<\/i>\u00bb, \u00e9crivait-elle jeudi dans un communiqu\u00e9 largement relay\u00e9 sur Facebook. Elle y affirmait \u00ab\u00a0<i>poursuivre seule les efforts n\u00e9cessaires pour maintenir \u00e0 flot les entreprises cr\u00e9\u00e9es conjointement, notamment celle du golf et ainsi pr\u00e9server l\u2019activit\u00e9, les emplois et honorer les engagements pris<\/i><i>\u00a0<\/i>\u00bb. Selon elle, \u00ab\u00a0<i>l\u2019absence de soutien financier et op\u00e9rationnel du groupe a progressivement plac\u00e9 le golf dans une position devenue extr\u00eamement fragile<\/i><i>\u00a0<\/i>\u00bb.<\/p>\n<\/p><\/div>\n<div class=\"intext\"> \u00ab\u00a0Des pertes structurelles\u00a0\u00bb\n              <\/div>\n<div class=\"paragraph\">\n<p>Le pr\u00e9sident du groupe Adonis, son ex-compagnon Pascal Bataill\u00e9, lui a r\u00e9pondu par voie de communiqu\u00e9 lundi soir\u00a0: \u00ab\u00a0<i>Face aux difficult\u00e9s rencontr\u00e9es par certains \u00e9tablissements du groupe, une r\u00e9flexion strat\u00e9gique a \u00e9t\u00e9 engag\u00e9e d\u00e8s l\u2019automne 2025, visant \u00e0 recentrer nos investissements sur les activit\u00e9s p\u00e9rennes et \u00e0 prendre les d\u00e9cisions n\u00e9cessaires lorsque certains sites pr\u00e9sentent, de mani\u00e8re durable, des pertes structurelles<\/i>.\u00a0\u00bb<\/p>\n<p>Les salaires des employ\u00e9s du golf ne seraient plus pay\u00e9s depuis d\u00e9but juin, selon la mairie de Digne, qui est li\u00e9e \u00e0 la soci\u00e9t\u00e9 gestionnaire du golf par un bail \u00e0 construction. La mairie \u00ab\u00a0<i>agira avec d\u00e9termination pour favoriser la recherche de nouveaux investisseurs ou repreneurs, afin d\u2019envisager la sauvegarde du golf, le maintien des emplois et la pratique sportive de fa\u00e7on p\u00e9renne<\/i><i>\u00a0<\/i>\u00bb, a-t-elle fait savoir dans un communiqu\u00e9, mardi soir.<\/p>\n<\/p><\/div>\n","protected":false},"excerpt":{"rendered":"Les v&oelig;ux de la mairie de Digne, suspendue &agrave; la d&eacute;cision du tribunal de commerce, ont &eacute;t&eacute; exauc&eacute;s mardi&nbsp;: le golf de Digne a &eacute;t&eacute; plac&eacute; en redressement judiciaire et a ainsi &#8230;","protected":false},"author":1,"featured_media":37726,"comment_status":"open","ping_status":"open","sticky":false,"template":"","format":"standard","meta":{"footnotes":""},"categories":[3926,3925,20],"tags":[4768,4467,118,302,1225,3757,5422,194,51,244],"news-destination":[3944],"news-source":[475],"is_homepage":[],"ta_other":[],"class_list":["post-37725","post","type-post","status-publish","format-standard","has-post-thumbnail","hentry","category-accueil-merge","category-accueil-third","category-societe","tag-alpes","tag-alpes-de-haute-provence","tag-economie","tag-emploi","tag-entreprise","tag-golf","tag-redressement-judiciaire","tag-social","tag-societe","tag-tribunal-de-commerce","news-destination-homepage","news-source-website"],"_links":{"self":[{"href":"https:\/\/euapp01.newsmemory.com\/lamarseillaise\/news\/wp-json\/wp\/v2\/posts\/37725","targetHints":{"allow":["GET"]}}],"collection":[{"href":"https:\/\/euapp01.newsmemory.com\/lamarseillaise\/news\/wp-json\/wp\/v2\/posts"}],"about":[{"href":"https:\/\/euapp01.newsmemory.com\/lamarseillaise\/news\/wp-json\/wp\/v2\/types\/post"}],"author":[{"embeddable":true,"href":"https:\/\/euapp01.newsmemory.com\/lamarseillaise\/news\/wp-json\/wp\/v2\/users\/1"}],"replies":[{"embeddable":true,"href":"https:\/\/euapp01.newsmemory.com\/lamarseillaise\/news\/wp-json\/wp\/v2\/comments?post=37725"}],"version-history":[{"count":1,"href":"https:\/\/euapp01.newsmemory.com\/lamarseillaise\/news\/wp-json\/wp\/v2\/posts\/37725\/revisions"}],"predecessor-version":[{"id":37727,"href":"https:\/\/euapp01.newsmemory.com\/lamarseillaise\/news\/wp-json\/wp\/v2\/posts\/37725\/revisions\/37727"}],"wp:featuredmedia":[{"embeddable":true,"href":"https:\/\/euapp01.newsmemory.com\/lamarseillaise\/news\/wp-json\/wp\/v2\/media\/37726"}],"wp:attachment":[{"href":"https:\/\/euapp01.newsmemory.com\/lamarseillaise\/news\/wp-json\/wp\/v2\/media?parent=37725"}],"wp:term":[{"taxonomy":"category","embeddable":true,"href":"https:\/\/euapp01.newsmemory.com\/lamarseillaise\/news\/wp-json\/wp\/v2\/categories?post=37725"},{"taxonomy":"post_tag","embeddable":true,"href":"https:\/\/euapp01.newsmemory.com\/lamarseillaise\/news\/wp-json\/wp\/v2\/tags?post=37725"},{"taxonomy":"news-destination","embeddable":true,"href":"https:\/\/euapp01.newsmemory.com\/lamarseillaise\/news\/wp-json\/wp\/v2\/news-destination?post=37725"},{"taxonomy":"news-source","embeddable":true,"href":"https:\/\/euapp01.newsmemory.com\/lamarseillaise\/news\/wp-json\/wp\/v2\/news-source?post=37725"},{"taxonomy":"is_homepage","embeddable":true,"href":"https:\/\/euapp01.newsmemory.com\/lamarseillaise\/news\/wp-json\/wp\/v2\/is_homepage?post=37725"},{"taxonomy":"ta_other","embeddable":true,"href":"https:\/\/euapp01.newsmemory.com\/lamarseillaise\/news\/wp-json\/wp\/v2\/ta_other?post=37725"}],"curies":[{"name":"wp","href":"https:\/\/api.w.org\/{rel}","templated":true}]}}