{"id":37722,"date":"2026-07-29T07:45:00","date_gmt":"2026-07-29T05:45:00","guid":{"rendered":"https:\/\/euapp01.newsmemory.com\/lamarseillaise\/news\/?p=37722"},"modified":"2026-08-03T08:33:03","modified_gmt":"2026-08-03T06:33:03","slug":"le-medicobus-fait-le-plein-de-patients-dans-les-hautes-alpes","status":"publish","type":"post","link":"https:\/\/euapp01.newsmemory.com\/lamarseillaise\/news\/2026\/07\/29\/le-medicobus-fait-le-plein-de-patients-dans-les-hautes-alpes\/","title":{"rendered":"Le M\u00e9dicobus fait le plein de patients dans les Hautes-Alpes"},"content":{"rendered":"<div class=\"paragraph\">\n<p>\u00ab <i>A<\/i><i>pr\u00e8s sept mois d\u2019activit\u00e9, le dispositif a d\u00e9j\u00e0 d\u00e9montr\u00e9 son utilit\u00e9<\/i><i>\u00a0<\/i>\u00bb<i>,<\/i> rapporte l\u2019Agence r\u00e9gionale de sant\u00e9 Paca (ARS). Cabinet m\u00e9dical itin\u00e9rant install\u00e9 dans un v\u00e9hicule am\u00e9nag\u00e9, le M\u00e9dicobus apporte un suivi de m\u00e9decine g\u00e9n\u00e9rale dans les communes rurales confront\u00e9es \u00e0 la d\u00e9sertification m\u00e9dicale. Le dispositif permet aussi d\u2019orienter les patients dans un parcours de soins et renforce la coordination avec les professionnels de sant\u00e9 du territoire.<\/p>\n<p>Pour l\u2019heure, il circule dans deux secteurs en manque de praticiens\u00a0: dans le sud des Hautes-Alpes, autour des communes de Rosans, Trescl\u00e9oux, Orpierre et Barret-sur-M\u00e9ouge, et dans le nord du d\u00e9partement, autour des communes de N\u00e9vache, Val-des-pr\u00e8s ou La Vachette, Puy-Saint-Andr\u00e9, Puy-Saint-Pierre, Puy-Saint-Vincent, Freissini\u00e8res et Champcella.<\/p>\n<p>Le budget global du projet est estim\u00e9 \u00e0 985\u00a0000\u00a0euros sur trois ans, financ\u00e9 par l\u2019ARS, \u00e0 hauteur de 180\u00a0000\u00a0euros par an pendant trois ans. Le dispositif b\u00e9n\u00e9ficie \u00e9galement du soutien du D\u00e9partement des Hautes-Alpes (5\u00a0000\u00a0euros), de la Communaut\u00e9 de communes du Pays des \u00c9crins (3\u00a0500\u00a0euros) et du m\u00e9c\u00e9nat de la soci\u00e9t\u00e9 \u00c9nergie D\u00e9veloppement Service du Brian\u00e7onnais (1\u00a0500\u00a0euros).<\/p>\n<p>L\u2019acquisition et l\u2019am\u00e9nagement du v\u00e9hicule a \u00e9t\u00e9 rendue possible gr\u00e2ce \u00e0 l\u2019apport de 100\u00a0000\u00a0euros de la R\u00e9gion Sud, et de 60\u00a0000\u00a0euros de la Mutualit\u00e9 sociale agricole Alpes-Vaucluse.<\/p>\n<\/p><\/div>\n<div class=\"intext\"> Un succ\u00e8s qui confirme<br \/>\n               <br \/>les manques structurels\n              <\/div>\n<div class=\"paragraph\">\n<p>\u00c0 bord, une douzaine de m\u00e9decins g\u00e9n\u00e9ralistes install\u00e9s dans la r\u00e9gion se relaient pour donner des consultations, ainsi qu\u2019une assistante m\u00e9dicale permanente qui assure la continuit\u00e9 du suivi des patients. Le dispositif fait preuve de son utilit\u00e9\u00a0: \u00ab<i>\u00a0<\/i><i>La forte fr\u00e9quentation enregistr\u00e9e dans le sud des Hautes-Alpes confirme le besoin d\u2019une offre de soins mobile au plus pr\u00e8s des habitants<\/i><i>\u00a0<\/i><i>\u00bb<\/i>, note l\u2019ARS dans un communiqu\u00e9. Pour de nombreuses localit\u00e9s o\u00f9 les m\u00e9decins ont d\u00e9j\u00e0 une patient\u00e8le pleine, ce dispositif est un soulagement. N\u00e9anmoins, ce succ\u00e8s confirme le manque structurel de soignants sur les territoires travers\u00e9s, un d\u00e9ficit que le M\u00e9dicobus a vocation \u00e0 att\u00e9nuer, mais pas \u00e0 r\u00e9soudre.<\/p>\n<\/p><\/div>\n","protected":false},"excerpt":{"rendered":"&laquo; Apr&egrave;s sept mois d&rsquo;activit&eacute;, le dispositif a d&eacute;j&agrave; d&eacute;montr&eacute; son utilit&eacute;&nbsp;&raquo;, rapporte l&rsquo;Agence r&eacute;gionale de sant&eacute; Paca (ARS). Cabinet m&eacute;dical &#8230;","protected":false},"author":1,"featured_media":37723,"comment_status":"open","ping_status":"open","sticky":false,"template":"","format":"standard","meta":{"footnotes":""},"categories":[3926,3925,20],"tags":[4768,257,270,256],"news-destination":[3944],"news-source":[475],"is_homepage":[],"ta_other":[],"class_list":["post-37722","post","type-post","status-publish","format-standard","has-post-thumbnail","hentry","category-accueil-merge","category-accueil-third","category-societe","tag-alpes","tag-deserts-medicaux","tag-medecin","tag-sante","news-destination-homepage","news-source-website"],"_links":{"self":[{"href":"https:\/\/euapp01.newsmemory.com\/lamarseillaise\/news\/wp-json\/wp\/v2\/posts\/37722","targetHints":{"allow":["GET"]}}],"collection":[{"href":"https:\/\/euapp01.newsmemory.com\/lamarseillaise\/news\/wp-json\/wp\/v2\/posts"}],"about":[{"href":"https:\/\/euapp01.newsmemory.com\/lamarseillaise\/news\/wp-json\/wp\/v2\/types\/post"}],"author":[{"embeddable":true,"href":"https:\/\/euapp01.newsmemory.com\/lamarseillaise\/news\/wp-json\/wp\/v2\/users\/1"}],"replies":[{"embeddable":true,"href":"https:\/\/euapp01.newsmemory.com\/lamarseillaise\/news\/wp-json\/wp\/v2\/comments?post=37722"}],"version-history":[{"count":1,"href":"https:\/\/euapp01.newsmemory.com\/lamarseillaise\/news\/wp-json\/wp\/v2\/posts\/37722\/revisions"}],"predecessor-version":[{"id":37724,"href":"https:\/\/euapp01.newsmemory.com\/lamarseillaise\/news\/wp-json\/wp\/v2\/posts\/37722\/revisions\/37724"}],"wp:featuredmedia":[{"embeddable":true,"href":"https:\/\/euapp01.newsmemory.com\/lamarseillaise\/news\/wp-json\/wp\/v2\/media\/37723"}],"wp:attachment":[{"href":"https:\/\/euapp01.newsmemory.com\/lamarseillaise\/news\/wp-json\/wp\/v2\/media?parent=37722"}],"wp:term":[{"taxonomy":"category","embeddable":true,"href":"https:\/\/euapp01.newsmemory.com\/lamarseillaise\/news\/wp-json\/wp\/v2\/categories?post=37722"},{"taxonomy":"post_tag","embeddable":true,"href":"https:\/\/euapp01.newsmemory.com\/lamarseillaise\/news\/wp-json\/wp\/v2\/tags?post=37722"},{"taxonomy":"news-destination","embeddable":true,"href":"https:\/\/euapp01.newsmemory.com\/lamarseillaise\/news\/wp-json\/wp\/v2\/news-destination?post=37722"},{"taxonomy":"news-source","embeddable":true,"href":"https:\/\/euapp01.newsmemory.com\/lamarseillaise\/news\/wp-json\/wp\/v2\/news-source?post=37722"},{"taxonomy":"is_homepage","embeddable":true,"href":"https:\/\/euapp01.newsmemory.com\/lamarseillaise\/news\/wp-json\/wp\/v2\/is_homepage?post=37722"},{"taxonomy":"ta_other","embeddable":true,"href":"https:\/\/euapp01.newsmemory.com\/lamarseillaise\/news\/wp-json\/wp\/v2\/ta_other?post=37722"}],"curies":[{"name":"wp","href":"https:\/\/api.w.org\/{rel}","templated":true}]}}