{"id":37716,"date":"2026-07-29T07:38:00","date_gmt":"2026-07-29T05:38:00","guid":{"rendered":"https:\/\/euapp01.newsmemory.com\/lamarseillaise\/news\/?p=37716"},"modified":"2026-08-03T08:33:03","modified_gmt":"2026-08-03T06:33:03","slug":"la-cour-de-lecole-mazargues-en-travaux-avant-la-rentree-scolaire","status":"publish","type":"post","link":"https:\/\/euapp01.newsmemory.com\/lamarseillaise\/news\/2026\/07\/29\/la-cour-de-lecole-mazargues-en-travaux-avant-la-rentree-scolaire\/","title":{"rendered":"La cour de l\u2019\u00e9cole Mazargues en travaux avant la rentr\u00e9e scolaire"},"content":{"rendered":"<div class=\"paragraph\">\n<p>Trois grands platanes ombragent la cour de l\u2019\u00e9cole Mazargues Centre, dans le 9<sup>e<\/sup>\u00a0arrondissement de Marseille, de leur feuillage. \u00c0 la rentr\u00e9e, l\u2019\u00e9tablissement, comprenant cinq classes, accueillera 129\u00a0\u00e9l\u00e8ves. \u00ab\u00a0<i>Les platanes sont les meilleurs climatiseurs et les meilleurs parasols en Provence<\/i>\u00a0\u00bb, assure Nassera Benmarnia, adjointe au maire de Marseille d\u00e9l\u00e9gu\u00e9e au b\u00e2ti scolaire. La plantation des arbres fait partie de la naturalisation de la cour. La d\u00e9simperm\u00e9abilisation est le second objectif de ces travaux estivaux suite \u00e0 des inondations dans plusieurs \u00e9coles. Des bancs doivent \u00eatre install\u00e9s \u00e0 la Toussaint, pr\u00e9cisent les \u00e9lus.<\/p>\n<\/p><\/div>\n<div class=\"intext\"> D\u00e9simperm\u00e9abiliser,<br \/>\n               <br \/>le nerf de la guerre\n              <\/div>\n<div class=\"paragraph\">\n<p>\u00ab\u00a0<i>L\u2019\u00e9cole Mazargues Centre fait partie des 12<\/i><i>\u00a0<\/i><i>\u00e9coles int\u00e9gr\u00e9es au Plan \u00e9cole dans les 9<\/i><i><sup>e<\/sup><\/i><i>\u00a0<\/i><i>et 10<\/i><i><sup>e<\/sup><\/i><i>\u00a0<\/i><i>arrondissements de Marseille<\/i>\u00a0\u00bb, explique Pierre Huguet, premier vice-pr\u00e9sident d\u00e9l\u00e9gu\u00e9 \u00e0 l\u2019Am\u00e9lioration du cadre de vie \u00e0 la M\u00e9tropole et adjoint au maire. Une enveloppe de 12,6\u00a0millions d\u2019euros est d\u00e9di\u00e9e \u00e0 ces travaux d\u2019\u00e9t\u00e9 pour 200\u00a0\u00e9coles, sur les 471\u00a0\u00e9coles prioritaires. \u00ab\u00a0<i>Sur ce budget, 1,7<\/i><i>\u00a0<\/i><i>million est consacr\u00e9 aux travaux des \u00e9coles du secteur<\/i>\u00a0\u00bb, pr\u00e9cise-t-il. \u00ab\u00a0<i>600<\/i><i>\u00a0<\/i><i>000<\/i><i>\u00a0<\/i><i>euros sont uniquement consacr\u00e9s \u00e0 la d\u00e9simperm\u00e9abilisation<\/i>\u00a0\u00bb, poursuit Nassera Benmarnia. L\u2019\u00e9lue ajoute\u00a0: \u00ab\u00a0<i>Pour l\u2019\u00e9cole Mazargues Centre, cela a co\u00fbt\u00e9 130<\/i><i>\u00a0<\/i><i>000<\/i><i>\u00a0<\/i><i>euros.<\/i><i>\u00a0<\/i>\u00bb<\/p>\n<p>Pour d\u00e9simperm\u00e9abiliser, il est n\u00e9cessaire de \u00ab\u00a0<i>tout d\u00e9caper<\/i>\u00a0\u00bb. \u00ab\u00a0<i>On a mis \u00e0 peu pr\u00e8s 50<\/i><i>\u00a0<\/i><i>centim\u00e8tres de mat\u00e9riau de drainage sur lequel on est venu poser des pav\u00e9s drainants<\/i>\u00a0\u00bb, d\u00e9taille Delphine Liz\u00e9, directrice du Patrimoine scolaire et des cr\u00e8ches. Dans la cour, quelques ouvriers finissent d\u2019am\u00e9nager le sol. Nassera Benmarnia se prend les pieds dans un pav\u00e9. \u00ab\u00a0<i>Ce serait b\u00eate que je retarde les travaux<\/i>\u00a0\u00bb, plaisante-t-elle. \u00ab\u00a0<i>D\u00e9sormais, quand il va pleuvoir, l\u2019eau s\u2019infiltrera et cela \u00e9vitera des inondations dans l\u2019\u00e9cole<\/i>\u00a0\u00bb, conclut Delphine Liz\u00e9.<\/p>\n<p>D\u2019autres \u00e9coles des 9<sup>e<\/sup> et 10<sup>e<\/sup><span class=\"mln_small-caps_mln\">\u00a0<\/span>arrondissements b\u00e9n\u00e9ficient des travaux d\u2019\u00e9t\u00e9 du Plan \u00e9cole, comme la maternelle de Menpenti ou l\u2019\u00e9cole \u00e9l\u00e9mentaire Coin-Joli. Concernant l\u2019\u00e9cole Granados, \u00ab\u00a0<i>le chantier a pris un tout petit peu de retard<\/i>\u00a0\u00bb, conclut Pierre Huguet.<\/p>\n<p>Gabrielle Cartellier<\/p>\n<\/p><\/div>\n","protected":false},"excerpt":{"rendered":"Trois grands platanes ombragent la cour de l&rsquo;&eacute;cole Mazargues Centre, dans le 9e&nbsp;arrondissement de Marseille, de leur feuillage. &Agrave; la rentr&eacute;e, l&rsquo;&eacute;tablissement, comprenant cinq classes, accueillera &#8230;","protected":false},"author":1,"featured_media":37717,"comment_status":"open","ping_status":"open","sticky":false,"template":"","format":"standard","meta":{"footnotes":""},"categories":[3926,3925,20],"tags":[2605,10,4724,411,412,1130,16,4976,5958,4667,2528,3129,712,166,99],"news-destination":[3944],"news-source":[475],"is_homepage":[],"ta_other":[],"class_list":["post-37716","post","type-post","status-publish","format-standard","has-post-thumbnail","hentry","category-accueil-merge","category-accueil-third","category-societe","tag-arbres","tag-bouches-du-rhone","tag-desimpermeabilisation","tag-ecoles","tag-eleves","tag-inondations","tag-marseille","tag-marseille-10e-arrondissement","tag-marseille-9e-arrondissement","tag-nassera-benmarnia","tag-pierre-huguet","tag-plan-ecole","tag-rentree-scolaire","tag-travaux","tag-ville-de-marseille","news-destination-homepage","news-source-website"],"_links":{"self":[{"href":"https:\/\/euapp01.newsmemory.com\/lamarseillaise\/news\/wp-json\/wp\/v2\/posts\/37716","targetHints":{"allow":["GET"]}}],"collection":[{"href":"https:\/\/euapp01.newsmemory.com\/lamarseillaise\/news\/wp-json\/wp\/v2\/posts"}],"about":[{"href":"https:\/\/euapp01.newsmemory.com\/lamarseillaise\/news\/wp-json\/wp\/v2\/types\/post"}],"author":[{"embeddable":true,"href":"https:\/\/euapp01.newsmemory.com\/lamarseillaise\/news\/wp-json\/wp\/v2\/users\/1"}],"replies":[{"embeddable":true,"href":"https:\/\/euapp01.newsmemory.com\/lamarseillaise\/news\/wp-json\/wp\/v2\/comments?post=37716"}],"version-history":[{"count":1,"href":"https:\/\/euapp01.newsmemory.com\/lamarseillaise\/news\/wp-json\/wp\/v2\/posts\/37716\/revisions"}],"predecessor-version":[{"id":37718,"href":"https:\/\/euapp01.newsmemory.com\/lamarseillaise\/news\/wp-json\/wp\/v2\/posts\/37716\/revisions\/37718"}],"wp:featuredmedia":[{"embeddable":true,"href":"https:\/\/euapp01.newsmemory.com\/lamarseillaise\/news\/wp-json\/wp\/v2\/media\/37717"}],"wp:attachment":[{"href":"https:\/\/euapp01.newsmemory.com\/lamarseillaise\/news\/wp-json\/wp\/v2\/media?parent=37716"}],"wp:term":[{"taxonomy":"category","embeddable":true,"href":"https:\/\/euapp01.newsmemory.com\/lamarseillaise\/news\/wp-json\/wp\/v2\/categories?post=37716"},{"taxonomy":"post_tag","embeddable":true,"href":"https:\/\/euapp01.newsmemory.com\/lamarseillaise\/news\/wp-json\/wp\/v2\/tags?post=37716"},{"taxonomy":"news-destination","embeddable":true,"href":"https:\/\/euapp01.newsmemory.com\/lamarseillaise\/news\/wp-json\/wp\/v2\/news-destination?post=37716"},{"taxonomy":"news-source","embeddable":true,"href":"https:\/\/euapp01.newsmemory.com\/lamarseillaise\/news\/wp-json\/wp\/v2\/news-source?post=37716"},{"taxonomy":"is_homepage","embeddable":true,"href":"https:\/\/euapp01.newsmemory.com\/lamarseillaise\/news\/wp-json\/wp\/v2\/is_homepage?post=37716"},{"taxonomy":"ta_other","embeddable":true,"href":"https:\/\/euapp01.newsmemory.com\/lamarseillaise\/news\/wp-json\/wp\/v2\/ta_other?post=37716"}],"curies":[{"name":"wp","href":"https:\/\/api.w.org\/{rel}","templated":true}]}}