{"id":37712,"date":"2026-07-29T07:05:00","date_gmt":"2026-07-29T05:05:00","guid":{"rendered":"https:\/\/euapp01.newsmemory.com\/lamarseillaise\/news\/?p=37712"},"modified":"2026-08-03T07:39:07","modified_gmt":"2026-08-03T05:39:07","slug":"dans-les-hautes-alpes","status":"publish","type":"post","link":"https:\/\/euapp01.newsmemory.com\/lamarseillaise\/news\/2026\/07\/29\/dans-les-hautes-alpes\/","title":{"rendered":"Des feux fix\u00e9s, mais l\u2019inqui\u00e9tude demeure avec la canicule"},"content":{"rendered":"<div class=\"intext\"> Le feu fix\u00e9 \u00e0 Gros Bessillon apr\u00e8s huit jours de lutte\n              <\/div>\n<div class=\"paragraph\">\n<p>L\u2019important incendie dans le d\u00e9partement du Var qui a parcouru environ 4\u00a0500\u00a0hectares en huit jours, mena\u00e7ant plusieurs villages, a \u00e9t\u00e9 d\u00e9clar\u00e9 fix\u00e9 mardi soir et un homme soup\u00e7onn\u00e9 d\u2019une dizaine de d\u00e9parts de feu dans cette zone a \u00e9t\u00e9 incarc\u00e9r\u00e9, ont annonc\u00e9 les autorit\u00e9s. \u00ab\u00a0<i>Le feu est fix\u00e9 mais le travail se poursuit et la vigilance reste de mise<\/i><i>\u00a0<\/i>\u00bb, a indiqu\u00e9 la pr\u00e9fecture du Var dans un communiqu\u00e9, rappelant que pr\u00e8s de 5\u00a0000 personnes avaient d\u00fb \u00eatre \u00e9vacu\u00e9es de plusieurs communes du centre du d\u00e9partement depuis le d\u00e9but du sinistre mardi dernier.<\/p>\n<p>D\u00e9clench\u00e9 mardi 21\u00a0juillet en milieu de journ\u00e9e dans un champ situ\u00e9 sur la commune de Pontev\u00e8s, l\u2019incendie a d\u00e9vor\u00e9 un flanc du massif du Gros Bessillon et cern\u00e9 plusieurs villages embl\u00e9matiques de la Provence verte \u2013 entre mer M\u00e9diterran\u00e9e et gorges du Verdon \u2013 dont Cotignac, Correns ou Barjols. \u00ab\u00a0<i>Certains quartiers de Correns et de Barjols restent soumis aux mesures d\u2019\u00e9vacuation car ils se situent \u00e0 proximit\u00e9 ou \u00e0 l\u2019int\u00e9rieur du p\u00e9rim\u00e8tre du feu<\/i><i>\u00a0<\/i>\u00bb, pr\u00e9cise la pr\u00e9fecture.<\/p>\n<p>L\u2019incendie qui a mobilis\u00e9 quotidiennement plus de mille pompiers avec d\u2019importants moyens a\u00e9riens, assist\u00e9s de nombreux b\u00e9n\u00e9voles, ne progressait plus depuis plusieurs jours mais avait connu de nombreuses reprises.<\/p>\n<\/p><\/div>\n<div class=\"intext\"> Feu fix\u00e9, mais pas encore \u00e9teint<br \/>\n               <br \/>au Bois noir\n              <\/div>\n<div class=\"paragraph\">\n<p>Les flammes, qui ont parcouru 510\u00a0hectares sur le secteur du Bois noir, sur les communes de L\u2019Argenti\u00e8re-la-Bess\u00e9e et de Freissini\u00e8res, sont d\u00e9sormais fix\u00e9es par les sapeurs-pompiers.<\/p>\n<p>Apr\u00e8s une semaine de haute lutte, le p\u00e9rim\u00e8tre de l\u2019incendie n\u2019a plus \u00e9volu\u00e9 depuis pr\u00e8s de quatre jours. Cependant, 120\u00a0sapeurs-pompiers et militaires, appuy\u00e9s par 30\u00a0engins restent pr\u00e9sents sur place car l\u2019incendie n\u2019est pas encore \u00e9teint. Une r\u00e9activation d\u2019un foyer a \u00e9t\u00e9 observ\u00e9e ce lundi soir d\u2019apr\u00e8s la pr\u00e9fecture, sur le secteur de L\u2019Argenti\u00e8re. La pr\u00e9fecture pr\u00e9vient que de nombreux points chauds persistent sur l\u2019ensemble du massif et pr\u00e9sentent un risque de r\u00e9activation, notamment avec la remont\u00e9e des temp\u00e9ratures, la s\u00e9cheresse et les vents attendus dans les prochains jours.<\/p>\n<p>La gestion de cet incendie provoqu\u00e9 par la foudre et d\u00e9couvert d\u00e8s le 15\u00a0juillet, a suscit\u00e9 des interrogations et critiques sur les r\u00e9seaux sociaux, le maire de Freissini\u00e8res \u00e9voquant m\u00eame la cr\u00e9ation d\u2019une commission d\u2019enqu\u00eate sur la gestion du feu. De son c\u00f4t\u00e9, la pr\u00e9fecture des Hautes-Alpes a rappel\u00e9 la difficult\u00e9 d\u2019intervenir sur ce terrain accident\u00e9 et annonc\u00e9 qu\u2019un bilan complet de l\u2019op\u00e9ration sera fait en septembre, avec une r\u00e9union de retour d\u2019exp\u00e9rience.<\/p>\n<p>\u00ab\u00a0<i>Cette \u00e9volution favorable permet au territoire de retrouver son rythme estival<\/i>\u00a0\u00bb, se f\u00e9licite l\u2019office de tourisme du Pays des \u00c9crins. Au hameau de Pallon, le camping des Allouviers a ainsi rouvert ses portes et accueille \u00e0 nouveau les vacanciers. De m\u00eame pour les \u00c9lixirs d\u2019Isabelle, et ce, d\u00e8s mercredi, avec les visites du jardin et du caveau.<\/p>\n<\/p><\/div>\n<div class=\"intext\"> Le m\u00e9gafeu stabilis\u00e9, mais<br \/>\n               <br \/>des inqui\u00e9tudes li\u00e9es<br \/>\n               <br \/>aux temp\u00e9ratures annonc\u00e9es\n              <\/div>\n<div class=\"paragraph\">\n<p>L\u2019incendie est \u00ab\u00a0<i>stabilis\u00e9<\/i>\u00a0\u00bb et ne \u00ab\u00a0<i>progresse pas<\/i><i>\u00a0<\/i>\u00bb, a d\u00e9clar\u00e9 en fin de journ\u00e9e mardi la pr\u00e9f\u00e8te du d\u00e9partement, Sophie Brocas. Pour autant, les pompiers ont fait face \u00e0 \u00ab\u00a0<i>14 reprises de feu, c\u2019est tr\u00e8s important, sur des zones qui avaient d\u00e9j\u00e0 \u00e9t\u00e9 parcourues par le feu<\/i><i>\u00a0<\/i>\u00bb. Ces r\u00e9cidives sont \u00ab\u00a0<i>un t\u00e9moignage de la pr\u00e9carit\u00e9 de la situation<\/i><i>\u00a0<\/i>\u00bb, a averti le commandant Matthieu Jomain, du Service d\u00e9partemental de secours et d\u2019incendie. Pour pr\u00e9venir de nouvelles r\u00e9cidives, la D\u00e9fense des for\u00eats contre les incendies (DFCI) a r\u00e9alis\u00e9 121\u00a0km de pare-feu, selon son pr\u00e9sident Bruno Lafon. Pass\u00e9es \u00e0 midi en vigilance jaune canicule, la Gironde et les Landes s\u2019appr\u00eatent \u00e0 vivre selon M\u00e9t\u00e9o France un \u00ab\u00a0<i>fort pic de chaleur<\/i><i>\u00a0<\/i>\u00bb. Apr\u00e8s une premi\u00e8re hausse des temp\u00e9ratures mardi jusqu\u2019\u00e0 33 \u00e0 35\u00a0\u00b0C dans les terres, le thermom\u00e8tre atteindrait des maximales \u00ab\u00a0<i>souvent comprises entre <br \/>38 et 41<\/i><i>\u00a0<\/i><i>\u00b0C<\/i><i>\u00a0<\/i>\u00bb mercredi, avec des vents un peu moins forts mais plus secs, et avant une nette baisse attendue jeudi. Par pr\u00e9caution, mardi, environ 4\u00a0000 personnes ont \u00e9t\u00e9 \u00e9vacu\u00e9es des h\u00e9bergements touristiques de Lacanau, \u00ab\u00a0<i>dans le plus grand calme, puisqu\u2019on avait un peu de temps<\/i>\u00a0\u00bb, s\u2019est satisfait le maire Laurent Peyrondet. Depuis le d\u00e9but du m\u00e9gafeu, 222\u00a0000\u00a0personnes ont \u00e9t\u00e9 \u00e9vacu\u00e9es de mani\u00e8re pr\u00e9ventive dans 24\u00a0communes. Les habitants de trois villes proches de Bordeaux \u00e9vacu\u00e9es dans le week-end, Le Haillan, M\u00e9rignac et Eysines, vont pouvoir rentrer chez eux \u00ab\u00a0<i>s\u2019ils le souhaitent<\/i><i>\u00a0<\/i>\u00bb, a annonc\u00e9 mardi la pr\u00e9f\u00e8te de Gironde, mais \u00e0 deux conditions. \u00ab\u00a0<i>Un, qu\u2019ils laissent leur portable allum\u00e9 et qu\u2019ils suivent strictement les consignes de s\u00e9curit\u00e9. S\u2019ils re\u00e7oivent de nouveau un message FR-Alert, ils devront partir. Deux, avoir un sac pr\u00eat<\/i><i>\u00a0<\/i>\u00bb, a-t-elle pr\u00e9cis\u00e9. Le feu n\u2019\u00e9tant pas \u00ab\u00a0fix\u00e9\u00a0\u00bb, c\u2019est-\u00e0-dire contenu, le retour du plus grand nombre dans leurs h\u00e9bergements n\u2019est \u00e0 ce stade pas envisageable.<\/p>\n<\/p><\/div>\n<div class=\"intext\"> D\u00e9but de retour \u00e0 la normale\n              <\/div>\n<div class=\"paragraph\">\n<p>\u00c0 Biscarrosse, l\u2019incendie qui a d\u00e9truit pr\u00e8s de 200\u00a0b\u00e2timents ayant \u00e9t\u00e9 fix\u00e9, les habitants \u00e9taient de retour dans la ville mardi, oscillant entre d\u00e9sarroi et soulagement. Apr\u00e8s \u00ab\u00a0<i>trois jours dignes de sc\u00e8nes de guerre<\/i><i>\u00a0<\/i>\u00bb, \u00ab\u00a0<i>tout le monde est content de rouvrir<\/i><i>\u00a0<\/i>\u00bb, assure derri\u00e8re son comptoir une boulang\u00e8re \u00e0 l\u2019entr\u00e9e de la ville de 15\u00a0000 habitants hors saison, autour de laquelle jusqu\u2019\u00e0 30\u00a0000 personnes ont \u00e9t\u00e9 \u00e9vacu\u00e9es pour \u00e9chapper aux flammes qui ont ravag\u00e9 3\u00a0700\u00a0hectares de pin\u00e8de. Le brasier qui a s\u00e9vi durant plusieurs jours, fix\u00e9 dans la journ\u00e9e de lundi mais pas encore \u00e9teint, continue d\u2019inqui\u00e9ter. \u00ab\u00a0<i>Le feu peut reprendre. On peut avoir des mauvaises surprises<\/i><i>\u00a0<\/i>\u00bb, avait mis en garde la veille le pr\u00e9fet Gilles Clavreul, en maintenant boucl\u00e9 une poign\u00e9e de quartiers par pr\u00e9caution.<\/p>\n<\/p><\/div>\n<div class=\"intext\"> Le pays entrevoit \u00ab\u00a0le bout<br \/>\n               <br \/>du tunnel\u00a0\u00bb\n              <\/div>\n<div class=\"paragraph\">\n<p>Si le vent menace de tourner au sud, la lev\u00e9e de l\u2019ordre d\u2019\u00e9vacuation dans 13\u00a0communes donne un premier signal positif de la lutte contre les feux en Espagne. Le travail des pompiers et des militaires \u00ab\u00a0<i>dans des heures tr\u00e8s difficiles, tr\u00e8s critiques<\/i><i>\u00a0<\/i>\u00bb a permis d\u2019inverser \u00ab\u00a0<i>r\u00e9ellement la tendance et nous permet donc de commencer \u00e0 entrevoir la lumi\u00e8re au bout du tunnel dans la lutte contre ces incendies, avec toutes les pr\u00e9cautions n\u00e9cessaires<\/i><i>\u00a0<\/i>\u00bb, a d\u00e9clar\u00e9 mardi le Premier ministre Pedro Sanchez.<\/p>\n<p>Mais le front le plus critique, au nord du lac artificiel de San Juan \u00e0 70\u00a0kilom\u00e8tres \u00e0 l\u2019ouest de la capitale, pr\u00e9occupe encore les autorit\u00e9s. Une nouvelle vague de chaleur arrive en Espagne et doit durer jusqu\u2019\u00e0 au moins dimanche, selon l\u2019Agence m\u00e9t\u00e9orologique nationale (Aemet), qui a alert\u00e9 sur des risques \u00ab\u00a0extr\u00eames\u00a0\u00bb d\u2019incendies.<\/p>\n<p>Une femme gri\u00e8vement br\u00fbl\u00e9e dans l\u2019incendie qui a touch\u00e9 l\u2019Andalousie le 9\u00a0juillet est morte des suites de ses blessures, a annonc\u00e9 jeudi l\u2019h\u00f4pital o\u00f9 elle \u00e9tait soign\u00e9e, portant le bilan \u00e0 14\u00a0morts, en majorit\u00e9 des \u00e9trangers. Cet incendie, qui s\u2019\u00e9tait d\u00e9clench\u00e9 dans la r\u00e9gion d\u2019Almeria, \u00e9tait parti d\u2019un c\u00e2ble d\u2019alimentation \u00e9lectrique le long d\u2019une route nationale dans la zone de Los Gallardos, o\u00f9 la v\u00e9g\u00e9tation \u00e9tait dess\u00e9ch\u00e9e \u00e0 cause de la chaleur, d\u2019apr\u00e8s les autorit\u00e9s.<\/p>\n<\/p><\/div>\n","protected":false},"excerpt":{"rendered":"L&rsquo;important incendie dans le d&eacute;partement du Var qui a parcouru environ 4 500 hectares en huit jours, mena&ccedil;ant plusieurs villages, a &eacute;t&eacute; d&eacute;clar&eacute; fix&eacute; mardi soir et un homme &#8230;","protected":false},"author":1,"featured_media":37713,"comment_status":"open","ping_status":"open","sticky":false,"template":"","format":"standard","meta":{"footnotes":""},"categories":[3926,3925,20],"tags":[372,1220,1673,572,2721,3626,1396,1202,320,419,1911,1674,1397],"news-destination":[3944],"news-source":[475],"is_homepage":[],"ta_other":[],"class_list":["post-37712","post","type-post","status-publish","format-standard","has-post-thumbnail","hentry","category-accueil-merge","category-accueil-third","category-societe","tag-canicule","tag-espagne","tag-feux","tag-france","tag-hebergement","tag-hebergement-durgence","tag-incendies","tag-meteo","tag-pompiers","tag-rechauffement-climatique","tag-risques","tag-sapeurs-pompiers","tag-secheresse","news-destination-homepage","news-source-website"],"_links":{"self":[{"href":"https:\/\/euapp01.newsmemory.com\/lamarseillaise\/news\/wp-json\/wp\/v2\/posts\/37712","targetHints":{"allow":["GET"]}}],"collection":[{"href":"https:\/\/euapp01.newsmemory.com\/lamarseillaise\/news\/wp-json\/wp\/v2\/posts"}],"about":[{"href":"https:\/\/euapp01.newsmemory.com\/lamarseillaise\/news\/wp-json\/wp\/v2\/types\/post"}],"author":[{"embeddable":true,"href":"https:\/\/euapp01.newsmemory.com\/lamarseillaise\/news\/wp-json\/wp\/v2\/users\/1"}],"replies":[{"embeddable":true,"href":"https:\/\/euapp01.newsmemory.com\/lamarseillaise\/news\/wp-json\/wp\/v2\/comments?post=37712"}],"version-history":[{"count":2,"href":"https:\/\/euapp01.newsmemory.com\/lamarseillaise\/news\/wp-json\/wp\/v2\/posts\/37712\/revisions"}],"predecessor-version":[{"id":37809,"href":"https:\/\/euapp01.newsmemory.com\/lamarseillaise\/news\/wp-json\/wp\/v2\/posts\/37712\/revisions\/37809"}],"wp:featuredmedia":[{"embeddable":true,"href":"https:\/\/euapp01.newsmemory.com\/lamarseillaise\/news\/wp-json\/wp\/v2\/media\/37713"}],"wp:attachment":[{"href":"https:\/\/euapp01.newsmemory.com\/lamarseillaise\/news\/wp-json\/wp\/v2\/media?parent=37712"}],"wp:term":[{"taxonomy":"category","embeddable":true,"href":"https:\/\/euapp01.newsmemory.com\/lamarseillaise\/news\/wp-json\/wp\/v2\/categories?post=37712"},{"taxonomy":"post_tag","embeddable":true,"href":"https:\/\/euapp01.newsmemory.com\/lamarseillaise\/news\/wp-json\/wp\/v2\/tags?post=37712"},{"taxonomy":"news-destination","embeddable":true,"href":"https:\/\/euapp01.newsmemory.com\/lamarseillaise\/news\/wp-json\/wp\/v2\/news-destination?post=37712"},{"taxonomy":"news-source","embeddable":true,"href":"https:\/\/euapp01.newsmemory.com\/lamarseillaise\/news\/wp-json\/wp\/v2\/news-source?post=37712"},{"taxonomy":"is_homepage","embeddable":true,"href":"https:\/\/euapp01.newsmemory.com\/lamarseillaise\/news\/wp-json\/wp\/v2\/is_homepage?post=37712"},{"taxonomy":"ta_other","embeddable":true,"href":"https:\/\/euapp01.newsmemory.com\/lamarseillaise\/news\/wp-json\/wp\/v2\/ta_other?post=37712"}],"curies":[{"name":"wp","href":"https:\/\/api.w.org\/{rel}","templated":true}]}}