{"id":37709,"date":"2026-07-29T07:11:00","date_gmt":"2026-07-29T05:11:00","guid":{"rendered":"https:\/\/euapp01.newsmemory.com\/lamarseillaise\/news\/?p=37709"},"modified":"2026-08-03T07:40:41","modified_gmt":"2026-08-03T05:40:41","slug":"en-vaucluse-les-services-au-taquet-pour-le-tour-de-france-femmes","status":"publish","type":"post","link":"https:\/\/euapp01.newsmemory.com\/lamarseillaise\/news\/2026\/07\/29\/en-vaucluse-les-services-au-taquet-pour-le-tour-de-france-femmes\/","title":{"rendered":"En Vaucluse, les services au taquet pour le&nbsp;Tour de France Femmes"},"content":{"rendered":"<div class=\"paragraph\">\n<p>Une grande premi\u00e8re, \u00e7a se pr\u00e9pare\u00a0! Le Tour de France Femmes passera pour la premi\u00e8re fois par le mont Ventoux ce vendredi 7\u00a0ao\u00fbt. Pour l\u2019occasion, les services de la pr\u00e9fecture et du D\u00e9partement de Vaucluse s\u2019activent afin que tout se d\u00e9roule sans accroc.<\/p>\n<p>Une mission similaire \u00e0 celle men\u00e9e lors du passage du Tour masculin, d\u00e9j\u00e0 pass\u00e9 une vingtaine de fois sur les pentes du Mont Chauve. Sur le bord des routes, les agents en jaune des Routes de Vaucluse sont d\u2019ailleurs \u00e0 l\u2019\u0153uvre depuis la semaine du 20\u00a0juillet. \u00ab\u00a0<i>Nous sommes en train de pr\u00e9parer la mise en place d\u2019\u00e9l\u00e9ments de s\u00e9curit\u00e9. \u00c0 savoir des ballots de paille, de fa\u00e7on \u00e0 ce que, quand les coureuses passent, dans les giratoires, quand il y a des croisements, des choses comme \u00e7a, ils soient pr\u00e9venus visuellement des \u00e9ventuels risques de chute<\/i>\u00a0\u00bb, pr\u00e9cise St\u00e9phane Boudier, chef du centre routier de Vaison-la-Romaine. Entre 150 et 200\u00a0ballots de paille seront install\u00e9s d\u2019ici le d\u00e9but de l\u2019\u00e9preuve.<\/p>\n<p>Cette pr\u00e9paration a en r\u00e9alit\u00e9 d\u00e9but\u00e9 il y a plusieurs mois Depuis que le parcours a \u00e9t\u00e9 valid\u00e9, les organisateurs s\u2019entretiennent r\u00e9guli\u00e8rement avec les services routiers. \u00ab\u00a0<i>On voit ensemble les points singuliers. On voit m\u00eame des endroits o\u00f9 il faut refaire des chauss\u00e9es ou des choses comme \u00e7a, parce qu\u2019il y a des risques, il y a des probl\u00e8mes<\/i>\u00a0\u00bb, poursuit le responsable.<\/p>\n<\/p><\/div>\n<div class=\"intext\"> S\u00e9curisation\n              <\/div>\n<div class=\"paragraph\">\n<p>De son c\u00f4t\u00e9, la pr\u00e9fecture de Vaucluse rappelle aussi avoir mis en place de nombreuses mesures de s\u00e9curisation autour du parcours. \u00c0 commencer par le d\u00e9ploiement de plus de 200\u00a0gendarmes du groupement vauclusien, qui viennent \u00ab\u00a0<i>en compl\u00e9ment du dispositif permanent du minist\u00e8re de l\u2019Int\u00e9rieur ins\u00e9r\u00e9 au sein du Tour de France, mobilisant des forces de l\u2019ordre et de s\u00e9curit\u00e9 attach\u00e9es au Tour<\/i>\u00a0\u00bb, pr\u00e9cise la pr\u00e9fecture, dans un communiqu\u00e9 de presse. Les 6 et 7\u00a0ao\u00fbt, 224\u00a0sapeurs-pompiers et 60\u00a0v\u00e9hicules seront aussi mobilis\u00e9s le long du parcours et en garde casern\u00e9e. \u00ab\u00a0<i>Si l\u2019attention des services portera sur l\u2019int\u00e9gralit\u00e9 des massifs forestiers, dans un contexte tr\u00e8s sensible \u00e0 l\u2019\u00e9closion d\u2019incendies, une vigilance particuli\u00e8re s\u2019appliquera autour du massif du mont Ventoux et de celui des Dentelles de Montmirail<\/i>\u00a0\u00bb, est-il pr\u00e9cis\u00e9. L\u2019acc\u00e8s au massif des Dentelles de Montmirail sera d\u2019ailleurs interdit au grand public durant les deux\u00a0jours.<\/p>\n<p>Une cyclosportive est organis\u00e9e au d\u00e9part de Vaison-la-Romaine, le jeudi 6\u00a0ao\u00fbt, la veille de l\u2019\u00e9preuve, jusqu\u2019au sommet du Ventoux. Pas moins de 12\u00a0000\u00a0cyclistes amateurs sont attendus. Sur ces deux journ\u00e9es, des mesures temporaires de circulation sont d\u2019ailleurs mises en place. Tandis que, proche du sommet, trois grandes zones de stationnement seront autoris\u00e9es. \u00c0 savoir les Ermitants d\u00e8s le 4\u00a0ao\u00fbt, la Fr\u00e2che uniquement le 7\u00a0ao\u00fbt et celle du Mont-Serein, o\u00f9 des restrictions seront mises en place les 6 et 7\u00a0ao\u00fbt.<\/p>\n<p>Tout en esp\u00e9rant voir une coureuse fran\u00e7aise lever les bras au sommet.<\/p>\n<\/p><\/div>\n","protected":false},"excerpt":{"rendered":"Une grande premi&egrave;re, &ccedil;a se pr&eacute;pare&nbsp;! Le Tour de France Femmes passera pour la premi&egrave;re fois par le mont Ventoux ce vendredi 7&nbsp;ao&ucirc;t. Pour l&rsquo;occasion, les services de la pr&eacute;fecture et du &#8230;","protected":false},"author":1,"featured_media":37710,"comment_status":"open","ping_status":"open","sticky":false,"template":"","format":"standard","meta":{"footnotes":""},"categories":[3926,3925,20,7],"tags":[1420,1146,2237,1131,2221,111,2234,3253,3254,171,1183],"news-destination":[3944],"news-source":[475],"is_homepage":[],"ta_other":[],"class_list":["post-37709","post","type-post","status-publish","format-standard","has-post-thumbnail","hentry","category-accueil-merge","category-accueil-third","category-societe","category-sports","tag-circulation","tag-cyclistes","tag-gendarmes","tag-prefecture","tag-restrictions","tag-securite","tag-stationnement","tag-tour-de-france","tag-tour-de-france-feminin","tag-vaucluse","tag-vehicules","news-destination-homepage","news-source-website"],"_links":{"self":[{"href":"https:\/\/euapp01.newsmemory.com\/lamarseillaise\/news\/wp-json\/wp\/v2\/posts\/37709","targetHints":{"allow":["GET"]}}],"collection":[{"href":"https:\/\/euapp01.newsmemory.com\/lamarseillaise\/news\/wp-json\/wp\/v2\/posts"}],"about":[{"href":"https:\/\/euapp01.newsmemory.com\/lamarseillaise\/news\/wp-json\/wp\/v2\/types\/post"}],"author":[{"embeddable":true,"href":"https:\/\/euapp01.newsmemory.com\/lamarseillaise\/news\/wp-json\/wp\/v2\/users\/1"}],"replies":[{"embeddable":true,"href":"https:\/\/euapp01.newsmemory.com\/lamarseillaise\/news\/wp-json\/wp\/v2\/comments?post=37709"}],"version-history":[{"count":1,"href":"https:\/\/euapp01.newsmemory.com\/lamarseillaise\/news\/wp-json\/wp\/v2\/posts\/37709\/revisions"}],"predecessor-version":[{"id":37711,"href":"https:\/\/euapp01.newsmemory.com\/lamarseillaise\/news\/wp-json\/wp\/v2\/posts\/37709\/revisions\/37711"}],"wp:featuredmedia":[{"embeddable":true,"href":"https:\/\/euapp01.newsmemory.com\/lamarseillaise\/news\/wp-json\/wp\/v2\/media\/37710"}],"wp:attachment":[{"href":"https:\/\/euapp01.newsmemory.com\/lamarseillaise\/news\/wp-json\/wp\/v2\/media?parent=37709"}],"wp:term":[{"taxonomy":"category","embeddable":true,"href":"https:\/\/euapp01.newsmemory.com\/lamarseillaise\/news\/wp-json\/wp\/v2\/categories?post=37709"},{"taxonomy":"post_tag","embeddable":true,"href":"https:\/\/euapp01.newsmemory.com\/lamarseillaise\/news\/wp-json\/wp\/v2\/tags?post=37709"},{"taxonomy":"news-destination","embeddable":true,"href":"https:\/\/euapp01.newsmemory.com\/lamarseillaise\/news\/wp-json\/wp\/v2\/news-destination?post=37709"},{"taxonomy":"news-source","embeddable":true,"href":"https:\/\/euapp01.newsmemory.com\/lamarseillaise\/news\/wp-json\/wp\/v2\/news-source?post=37709"},{"taxonomy":"is_homepage","embeddable":true,"href":"https:\/\/euapp01.newsmemory.com\/lamarseillaise\/news\/wp-json\/wp\/v2\/is_homepage?post=37709"},{"taxonomy":"ta_other","embeddable":true,"href":"https:\/\/euapp01.newsmemory.com\/lamarseillaise\/news\/wp-json\/wp\/v2\/ta_other?post=37709"}],"curies":[{"name":"wp","href":"https:\/\/api.w.org\/{rel}","templated":true}]}}