{"id":37706,"date":"2026-07-29T07:12:00","date_gmt":"2026-07-29T05:12:00","guid":{"rendered":"https:\/\/euapp01.newsmemory.com\/lamarseillaise\/news\/?p=37706"},"modified":"2026-08-03T07:40:41","modified_gmt":"2026-08-03T05:40:41","slug":"le-tribunal-suspend-le-couvre-feu-estival-pour-les-moins-de-16-ans-a-meyrargues","status":"publish","type":"post","link":"https:\/\/euapp01.newsmemory.com\/lamarseillaise\/news\/2026\/07\/29\/le-tribunal-suspend-le-couvre-feu-estival-pour-les-moins-de-16-ans-a-meyrargues\/","title":{"rendered":"Le tribunal suspend le couvre-feu estival pour les moins de 16 ans \u00e0 Meyrargues"},"content":{"rendered":"<div class=\"paragraph\">\n<p>Parmi les rares passants crois\u00e9s \u00e0 Meyrargues, ce mardi matin estival, ils ne sont qu\u2019une poign\u00e9e, dans cette commune de 4\u00a0000\u00a0habitants, \u00e0 savoir que l\u2019arr\u00eat\u00e9 municipal sign\u00e9 par le maire, Fabrice Poussardin (DVC), instaurant un couvre-feu pour les mineurs de moins de 16\u00a0ans, pour le quatri\u00e8me \u00e9t\u00e9 cons\u00e9cutif, vient d\u2019\u00eatre suspendu par ordonnance du 24\u00a0juillet 2026, par le tribunal administratif de Marseille.<\/p>\n<p>Renouvel\u00e9 en juin, l\u2019arr\u00eat\u00e9 municipal interdisant aux mineurs non accompagn\u00e9s de sortir entre 22h et 6h du matin, du 18\u00a0juin au 1<sup>er<\/sup>\u00a0septembre, \u00e9tait en place depuis quatre ans. Saisie par le groupe d\u2019opposition Meyrargues Citoyenne et Solidaire, la Ligue des Droits de l\u2019Homme a, \u00e0 son tour, saisi la justice, qui a donn\u00e9 raison \u00e0 l\u2019association.<\/p>\n<p>\u00ab<i>\u00a0<\/i><i>On en voit fleurir un peu partout et r\u00e9guli\u00e8rement, ils sont annul\u00e9s ou suspendus,<\/i> contextualise Philippe S\u00e9n\u00e9gas, pour la Ligue des Droits de l\u2019Homme. <i>C\u2019est \u00e9trange de la part d\u2019un village o\u00f9, manifestement, les troubles \u00e0 l\u2019ordre public sont, semble-t-il, mineurs. C\u2019est \u00e9vident qu\u2019il y a bien d\u2019autres mesures qui peuvent \u00eatre imagin\u00e9es.<\/i><i>\u00a0<\/i>\u00bb<\/p>\n<\/p><\/div>\n<div class=\"intext\"> \u00ab\u00a0Libert\u00e9 d\u2019aller et venir\u00a0\u00bb\n              <\/div>\n<div class=\"paragraph\">\n<p>Au sujet des nuisances et du d\u00e9sordre public mis en avant par la municipalit\u00e9, le tribunal estime que \u00ab<i>\u00a0<\/i><i>la commune de Meyrargues n\u2019apporte aucun \u00e9l\u00e9ment \u00e0 l\u2019appui de ces all\u00e9gations<\/i><i>\u00a0<\/i>\u00bb et \u00ab<i>\u00a0<\/i><i>ne d\u00e9montre pas davantage le risque de voir ces \u00e9v\u00e9nements se r\u00e9it\u00e9rer, justifiant qu\u2019une telle mesure de pr\u00e9vention soit adopt\u00e9e<\/i><i>\u00a0<\/i>\u00bb. Le point le plus inqui\u00e9tant, dans cet arr\u00eat\u00e9, pour la LDH, reste l\u2019atteinte \u00e0 la<i> <\/i>\u00ab<i>\u00a0<\/i><i>libert\u00e9 d\u2019aller et de venir. On ne va pas confiner les enfants au domicile de leurs parents et transformer les parents en gardiens<\/i><i>\u00a0<\/i>\u00bb, conclut Philippe S\u00e9n\u00e9gas.<i> <\/i><\/p>\n<p>Le groupe d\u2019opposition Meyrargues Citoyenne et Solidaire (DVG) se r\u00e9jouit de la d\u00e9cision.<i> <\/i>\u00ab<i>\u00a0<\/i><i>On nous disait le reconduire pour la quatri\u00e8me ann\u00e9e parce que (l\u2019arr\u00eat\u00e9) avait fait ses preuves. On lui a demand\u00e9 de nous dire quel \u00e9tait l\u2019\u00e9tat de la baisse de la d\u00e9linquance nocturne (&#8230;), on n\u2019a jamais eu d\u2019\u00e9l\u00e9ment concret, palpable, autre qu\u2019une appr\u00e9ciation g\u00e9n\u00e9rale<\/i><i>\u00a0<\/i>\u00bb,<i> <\/i>note Christian Salque, \u00e0 la t\u00eate du groupe. Il pr\u00e9conise l\u2019instauration d\u2019une \u00ab\u00a0<i>politique jeunesse<\/i>\u00a0\u00bb.<\/p>\n<p>Sollicit\u00e9, le maire n\u2019a pas pu nous r\u00e9pondre dans les d\u00e9lais impartis. Dans <i>La<\/i><i>\u00a0<\/i><i>Provence<\/i>, il a indiqu\u00e9 ne pas faire appel.<\/p>\n<p>Eva Bonnet-Gonnet<\/p>\n<\/p><\/div>\n","protected":false},"excerpt":{"rendered":"Parmi les rares passants crois&eacute;s &agrave; Meyrargues, ce mardi matin estival, ils ne sont qu&rsquo;une poign&eacute;e, dans cette commune de 4&nbsp;000&nbsp;habitants, &agrave; savoir que l&rsquo;arr&ecirc;t&eacute; municipal sign&eacute; par &#8230;","protected":false},"author":1,"featured_media":37707,"comment_status":"open","ping_status":"open","sticky":false,"template":"","format":"standard","meta":{"footnotes":""},"categories":[3926,3925,20],"tags":[70,1062,10,3947,3372,2220,336,59,1063,2197,5499,2414,1702,2437,830,431,790],"news-destination":[3944],"news-source":[475],"is_homepage":[],"ta_other":[],"class_list":["post-37706","post","type-post","status-publish","format-standard","has-post-thumbnail","hentry","category-accueil-merge","category-accueil-third","category-societe","tag-adolescents","tag-arrete","tag-bouches-du-rhone","tag-confinement","tag-couvre-feu","tag-delinquance","tag-ete","tag-jeunes","tag-jeunesse","tag-liberte","tag-ligue-des-droits-de-lhomme","tag-meyrargues","tag-nuisances-sonores","tag-nuisances-urbaines","tag-opposition","tag-prevention","tag-tribunal-administratif","news-destination-homepage","news-source-website"],"_links":{"self":[{"href":"https:\/\/euapp01.newsmemory.com\/lamarseillaise\/news\/wp-json\/wp\/v2\/posts\/37706","targetHints":{"allow":["GET"]}}],"collection":[{"href":"https:\/\/euapp01.newsmemory.com\/lamarseillaise\/news\/wp-json\/wp\/v2\/posts"}],"about":[{"href":"https:\/\/euapp01.newsmemory.com\/lamarseillaise\/news\/wp-json\/wp\/v2\/types\/post"}],"author":[{"embeddable":true,"href":"https:\/\/euapp01.newsmemory.com\/lamarseillaise\/news\/wp-json\/wp\/v2\/users\/1"}],"replies":[{"embeddable":true,"href":"https:\/\/euapp01.newsmemory.com\/lamarseillaise\/news\/wp-json\/wp\/v2\/comments?post=37706"}],"version-history":[{"count":1,"href":"https:\/\/euapp01.newsmemory.com\/lamarseillaise\/news\/wp-json\/wp\/v2\/posts\/37706\/revisions"}],"predecessor-version":[{"id":37708,"href":"https:\/\/euapp01.newsmemory.com\/lamarseillaise\/news\/wp-json\/wp\/v2\/posts\/37706\/revisions\/37708"}],"wp:featuredmedia":[{"embeddable":true,"href":"https:\/\/euapp01.newsmemory.com\/lamarseillaise\/news\/wp-json\/wp\/v2\/media\/37707"}],"wp:attachment":[{"href":"https:\/\/euapp01.newsmemory.com\/lamarseillaise\/news\/wp-json\/wp\/v2\/media?parent=37706"}],"wp:term":[{"taxonomy":"category","embeddable":true,"href":"https:\/\/euapp01.newsmemory.com\/lamarseillaise\/news\/wp-json\/wp\/v2\/categories?post=37706"},{"taxonomy":"post_tag","embeddable":true,"href":"https:\/\/euapp01.newsmemory.com\/lamarseillaise\/news\/wp-json\/wp\/v2\/tags?post=37706"},{"taxonomy":"news-destination","embeddable":true,"href":"https:\/\/euapp01.newsmemory.com\/lamarseillaise\/news\/wp-json\/wp\/v2\/news-destination?post=37706"},{"taxonomy":"news-source","embeddable":true,"href":"https:\/\/euapp01.newsmemory.com\/lamarseillaise\/news\/wp-json\/wp\/v2\/news-source?post=37706"},{"taxonomy":"is_homepage","embeddable":true,"href":"https:\/\/euapp01.newsmemory.com\/lamarseillaise\/news\/wp-json\/wp\/v2\/is_homepage?post=37706"},{"taxonomy":"ta_other","embeddable":true,"href":"https:\/\/euapp01.newsmemory.com\/lamarseillaise\/news\/wp-json\/wp\/v2\/ta_other?post=37706"}],"curies":[{"name":"wp","href":"https:\/\/api.w.org\/{rel}","templated":true}]}}