{"id":37700,"date":"2026-07-29T06:55:00","date_gmt":"2026-07-29T04:55:00","guid":{"rendered":"https:\/\/euapp01.newsmemory.com\/lamarseillaise\/news\/?p=37700"},"modified":"2026-08-03T07:39:07","modified_gmt":"2026-08-03T05:39:07","slug":"om-le-pragmatique-genesio-court-apres-du-concret","status":"publish","type":"post","link":"https:\/\/euapp01.newsmemory.com\/lamarseillaise\/news\/2026\/07\/29\/om-le-pragmatique-genesio-court-apres-du-concret\/","title":{"rendered":"OM : le pragmatique Genesio court apr\u00e8s du concret"},"content":{"rendered":"<div class=\"paragraph\">\n<p>Sous le cagnard marseillais, Bruno Genesio est rest\u00e9 fid\u00e8le \u00e0 lui-m\u00eame\u00a0: pragmatique. Le nouvel entra\u00eeneur de l\u2019Olympique de Marseille a jou\u00e9 la carte de la transparence, mardi matin, avant la s\u00e9ance du jour, encore priv\u00e9e des internationaux. \u00c0 ce stade, seul Quinten Timber a d\u00e9j\u00e0 r\u00e9int\u00e9gr\u00e9 le groupe phoc\u00e9en.<\/p>\n<p>Amine Gouiri, Derek Cornelius et Timothy Weah retrouveront les terrains cette semaine, tandis que les finalistes de la Coupe du monde, Ger\u00f3nimo Rulli et Facundo Medina, sont attendus le 12\u00a0ao\u00fbt, quelques jours apr\u00e8s le stage aux Pays-Bas.<\/p>\n<p>Le technicien phoc\u00e9en de 59\u00a0ans doit n\u00e9anmoins composer avec de nombreuses absences dans le secteur d\u00e9fensif. Leonardo Balerdi \u00ab<i>\u00a0<\/i><i>est revenu<\/i><i>\u00a0<\/i>\u00bb et \u00ab<i>\u00a0<\/i><i>participera au match contre N\u00eemes<\/i><i>\u00a0<\/i>\u00bb, jeudi. De son c\u00f4t\u00e9, Nayef Aguerd est \u00ab<i>\u00a0<\/i><i>sur le bon chemin au niveau de sa r\u00e9athl\u00e9tisation<\/i><i>\u00a0<\/i>\u00bb. Bruno Genesio nourrit m\u00eame<i> <\/i>\u00ab<i>\u00a0<\/i><i>bon espoir<\/i><i>\u00a0<\/i>\u00bb de le voir \u00ab<i>\u00a0<\/i><i>reprendre l\u2019entra\u00eenement avec le groupe lors du stage aux Pays-Bas<\/i><i>\u00a0<\/i>\u00bb, pr\u00e9vu<i> <\/i>du 3 au 8\u00a0ao\u00fbt, dans la r\u00e9gion d\u2019Utrecht.<\/p>\n<p>Avec Facundo Medina, attendu \u00e0 la mi-ao\u00fbt, ces trois d\u00e9fenseurs figurent parmi les dix plus gros salaires de l\u2019effectif marseillais. Une donn\u00e9e qui pourrait en faire des candidats \u00e0 un d\u00e9part d\u2019ici la fin du mercato estival, alors que l\u2019OM cherche \u00e0 r\u00e9duire sa masse salariale pour donner davantage de latitude \u00e0 son directeur sportif, Gr\u00e9gory Lorenzi, sur le march\u00e9 des transferts.<\/p>\n<\/p><\/div>\n<div class=\"intext\"> Priorit\u00e9 \u00e0 un ailier droit\n              <\/div>\n<div class=\"paragraph\">\n<p>Les besoins se concentrent notamment dans le secteur offensif, affaibli par les d\u00e9parts r\u00e9cents de Mason Greenwood, Pierre-Emerick Aubameyang et Hamed Junior Traor\u00e9.<\/p>\n<p>Bruno Genesio a ainsi affich\u00e9 son souhait de conserver Amine Gouiri et Igor Paix\u00e3o, tout en reconnaissant que ces dossiers restent conditionn\u00e9s aux imp\u00e9ratifs \u00e9conomiques du club.<i><\/i><\/p>\n<p>\u00ab<i>\u00a0<\/i><i>Il est important de garder une stabilit\u00e9 au niveau sportif et de s\u2019appuyer sur des joueurs qui connaissent le club, le contexte marseillais, la Ligue<\/i><i>\u00a0<\/i><i>1 et qui ont de l\u2019exp\u00e9rience. On parle souvent de colonne vert\u00e9brale<\/i><i>\u00a0<\/i>\u00bb, explique l\u2019ancien entra\u00eeneur de l\u2019Olympique Lyonnais. Conscient que le poste d\u2019ailier droit, laiss\u00e9 vacant par Mason Greenwood, constitue une priorit\u00e9, Bruno Genesio n\u2019\u00e9carte toutefois aucune piste. Il pourrait envisager de repositionner Timothy Weah plus haut sur le terrain et de se tourner vers le march\u00e9 pour recruter un lat\u00e9ral, un profil plus accessible et moins co\u00fbteux.<\/p>\n<p>L\u2019ancien milieu mart\u00e9gal ma\u00eetrise l\u2019art de composer avec les moyens du bord. Il l\u2019a d\u00e9montr\u00e9 \u00e0 Lyon, mais surtout \u00e0 Lille, o\u00f9 les d\u00e9parts de plusieurs cadres\u00a0&#8211; Jonathan David, Edon Zhegrova, Bafod\u00e9 Diakit\u00e9 ou encore Lucas Chevalier\u00a0&#8211; ne l\u2019ont pas emp\u00each\u00e9 de hisser son \u00e9quipe sur le podium la saison derni\u00e8re. \u00ab<i>\u00a0<\/i><i>En cultivant des valeurs de solidarit\u00e9, de coh\u00e9sion, d\u2019abn\u00e9gation, et en r\u00e9alisant aussi un mercato malin, on peut y arriver<\/i><i>\u00a0<\/i>\u00bb, estime celui qui s\u2019est fix\u00e9 pour objectif de permettre \u00e0 Marseille d\u2019\u00eatre \u00ab<i>\u00a0<\/i><i>europ\u00e9en<\/i><i>\u00a0<\/i>\u00bb \u00e0 l\u2019issue de la saison.<\/p>\n<\/p><\/div>\n<div class=\"paragraph\">\n<p><b>Les int\u00e9r\u00eats se multiplient pour les cadres olympiens<\/b><\/p>\n<p>Soucieuse de valoriser au mieux son effectif, en privil\u00e9giant des ventes au meilleur prix ou des d\u00e9parts permettant d\u2019all\u00e9ger sa masse salariale, la direction de l\u2019OM continue de recevoir des marques d\u2019int\u00e9r\u00eat pour plusieurs de ses cadres. Les discussions entre Facundo Medina et le Bayer Leverkusen se seraient intensifi\u00e9es ces derniers jours. Pour laisser partir son d\u00e9fenseur, le club marseillais r\u00e9clamerait une indemnit\u00e9 de transfert avoisinant les 20 millions d\u2019euros. Par ailleurs, Pierre-Emile H\u00f8jbjerg suscite \u00e9galement l\u2019int\u00e9r\u00eat de plusieurs formations. En Italie, le Milan AC et l\u2019Atalanta Bergame auraient pris des renseignements, tandis que des clubs turcs, dont le Besiktas, pourraient prochainement passer \u00e0 l\u2019offensive.<\/p>\n<\/p><\/div>\n","protected":false},"excerpt":{"rendered":"Sous le cagnard marseillais, Bruno Genesio est rest&eacute; fid&egrave;le &agrave; lui-m&ecirc;me&nbsp;: pragmatique. Le nouvel entra&icirc;neur de l&rsquo;Olympique de Marseille a jou&eacute; la carte de la transparence, mardi matin, avant la &#8230;","protected":false},"author":1,"featured_media":37701,"comment_status":"open","ping_status":"open","sticky":false,"template":"","format":"standard","meta":{"footnotes":""},"categories":[3926,3925,7],"tags":[10,13,16,1152,14],"news-destination":[3944],"news-source":[475],"is_homepage":[],"ta_other":[],"class_list":["post-37700","post","type-post","status-publish","format-standard","has-post-thumbnail","hentry","category-accueil-merge","category-accueil-third","category-sports","tag-bouches-du-rhone","tag-football","tag-marseille","tag-mercato","tag-om","news-destination-homepage","news-source-website"],"_links":{"self":[{"href":"https:\/\/euapp01.newsmemory.com\/lamarseillaise\/news\/wp-json\/wp\/v2\/posts\/37700","targetHints":{"allow":["GET"]}}],"collection":[{"href":"https:\/\/euapp01.newsmemory.com\/lamarseillaise\/news\/wp-json\/wp\/v2\/posts"}],"about":[{"href":"https:\/\/euapp01.newsmemory.com\/lamarseillaise\/news\/wp-json\/wp\/v2\/types\/post"}],"author":[{"embeddable":true,"href":"https:\/\/euapp01.newsmemory.com\/lamarseillaise\/news\/wp-json\/wp\/v2\/users\/1"}],"replies":[{"embeddable":true,"href":"https:\/\/euapp01.newsmemory.com\/lamarseillaise\/news\/wp-json\/wp\/v2\/comments?post=37700"}],"version-history":[{"count":1,"href":"https:\/\/euapp01.newsmemory.com\/lamarseillaise\/news\/wp-json\/wp\/v2\/posts\/37700\/revisions"}],"predecessor-version":[{"id":37702,"href":"https:\/\/euapp01.newsmemory.com\/lamarseillaise\/news\/wp-json\/wp\/v2\/posts\/37700\/revisions\/37702"}],"wp:featuredmedia":[{"embeddable":true,"href":"https:\/\/euapp01.newsmemory.com\/lamarseillaise\/news\/wp-json\/wp\/v2\/media\/37701"}],"wp:attachment":[{"href":"https:\/\/euapp01.newsmemory.com\/lamarseillaise\/news\/wp-json\/wp\/v2\/media?parent=37700"}],"wp:term":[{"taxonomy":"category","embeddable":true,"href":"https:\/\/euapp01.newsmemory.com\/lamarseillaise\/news\/wp-json\/wp\/v2\/categories?post=37700"},{"taxonomy":"post_tag","embeddable":true,"href":"https:\/\/euapp01.newsmemory.com\/lamarseillaise\/news\/wp-json\/wp\/v2\/tags?post=37700"},{"taxonomy":"news-destination","embeddable":true,"href":"https:\/\/euapp01.newsmemory.com\/lamarseillaise\/news\/wp-json\/wp\/v2\/news-destination?post=37700"},{"taxonomy":"news-source","embeddable":true,"href":"https:\/\/euapp01.newsmemory.com\/lamarseillaise\/news\/wp-json\/wp\/v2\/news-source?post=37700"},{"taxonomy":"is_homepage","embeddable":true,"href":"https:\/\/euapp01.newsmemory.com\/lamarseillaise\/news\/wp-json\/wp\/v2\/is_homepage?post=37700"},{"taxonomy":"ta_other","embeddable":true,"href":"https:\/\/euapp01.newsmemory.com\/lamarseillaise\/news\/wp-json\/wp\/v2\/ta_other?post=37700"}],"curies":[{"name":"wp","href":"https:\/\/api.w.org\/{rel}","templated":true}]}}