{"id":37697,"date":"2026-07-29T06:32:00","date_gmt":"2026-07-29T04:32:00","guid":{"rendered":"https:\/\/euapp01.newsmemory.com\/lamarseillaise\/news\/?p=37697"},"modified":"2026-07-29T10:16:04","modified_gmt":"2026-07-29T08:16:04","slug":"austerite-incendiaire","status":"publish","type":"post","link":"https:\/\/euapp01.newsmemory.com\/lamarseillaise\/news\/2026\/07\/29\/austerite-incendiaire\/","title":{"rendered":"Aust\u00e9rit\u00e9 incendiaire"},"content":{"rendered":"<div class=\"paragraph\">\n<p>\u00ab\u00a0<i>Pr\u00e9occupant, grave m\u00eame<\/i>\u00a0\u00bb, \u00ab\u00a0<i>limite notre libert\u00e9 d\u2019action et nous place en situation de vuln\u00e9rabilit\u00e9<\/i>\u00a0\u00bb : ces propos du Premier ministre S\u00e9bastien Lecornu datent du 22\u00a0juillet, date du d\u00e9part du gigafeu de Gironde. Ils ne parlent pas des incendies, mais du d\u00e9ficit et tentent de justifier les tours de vis budg\u00e9taires.<\/p>\n<p>Sur pression de l\u2019Union europ\u00e9enne et au nom d\u2019un respect d\u2019une r\u00e8gle \u00e9dict\u00e9e par des lib\u00e9raux, les d\u00e9penses publiques doivent toujours \u00eatre revues \u00e0 la baisse. Pourtant, ce que nous d\u00e9montrent ces incendies, ce qui est \u00ab\u00a0<i>pr\u00e9occupant, grave m\u00eame<\/i>\u00a0\u00bb, qui \u00ab\u00a0<i>limite notre libert\u00e9 d\u2019action et nous place en situation de vuln\u00e9rabilit\u00e9<\/i>\u00a0\u00bb, c\u2019est bien le sort r\u00e9serv\u00e9 aux investissements dans les services publics. Que si les incons\u00e9quences humaines provoquent des incendies, l\u2019aust\u00e9rit\u00e9 budg\u00e9taire emp\u00eache de les combattre correctement, \u00e0 l\u2019heure o\u00f9 le changement climatique transforme les brasiers en ogres destructeurs.<\/p>\n<p><b>Dans le rouge<\/b><\/p>\n<p>Manque de moyens et de personnels pour la S\u00e9curit\u00e9 civile, coupe claire chez les agents de l\u2019Office national des for\u00eats&#8230; ont toujours des explications comptables.<\/p>\n<p>Ces superstitions lib\u00e9rales nous ont mis dans le rouge dans bien des domaines. On l\u2019a vu en 2020 avec la sant\u00e9 et une \u00e9pid\u00e9mie de Covid qui n\u2019a \u00e9t\u00e9 surmont\u00e9e que gr\u00e2ce \u00e0 la mobilisation incroyable des soignants. Cette fois-ci, c\u2019est le d\u00e9vouement des pompiers au bord de l\u2019\u00e9puisement qui force le respect. Respect qu\u2019on ne peut \u00e9prouver envers des dirigeants qui pr\u00e9f\u00e8rent le dogme budg\u00e9taire \u00e0 la s\u00e9curit\u00e9 des personnes. Mais, contrairement au Covid, il faudra s\u2019en souvenir une fois ces incendies surmont\u00e9s.<\/p>\n<\/p><\/div>\n","protected":false},"excerpt":{"rendered":"&laquo;&nbsp;Pr&eacute;occupant, grave m&ecirc;me&nbsp;&raquo;, &laquo;&nbsp;limite notre libert&eacute; d&rsquo;action et nous place en situation de vuln&eacute;rabilit&eacute;&nbsp;&raquo; : ces propos du Premier ministre S&eacute;bastien Lecornu &#8230;","protected":false},"author":1,"featured_media":37698,"comment_status":"open","ping_status":"open","sticky":false,"template":"","format":"standard","meta":{"footnotes":""},"categories":[332],"tags":[874,1372,572,1396,5879,833],"news-destination":[],"news-source":[475],"is_homepage":[],"ta_other":[],"class_list":["post-37697","post","type-post","status-publish","format-standard","has-post-thumbnail","hentry","category-edito","tag-austerite","tag-editoriaux","tag-france","tag-incendies","tag-sdis","tag-sebastien-lecornu","news-source-website"],"_links":{"self":[{"href":"https:\/\/euapp01.newsmemory.com\/lamarseillaise\/news\/wp-json\/wp\/v2\/posts\/37697","targetHints":{"allow":["GET"]}}],"collection":[{"href":"https:\/\/euapp01.newsmemory.com\/lamarseillaise\/news\/wp-json\/wp\/v2\/posts"}],"about":[{"href":"https:\/\/euapp01.newsmemory.com\/lamarseillaise\/news\/wp-json\/wp\/v2\/types\/post"}],"author":[{"embeddable":true,"href":"https:\/\/euapp01.newsmemory.com\/lamarseillaise\/news\/wp-json\/wp\/v2\/users\/1"}],"replies":[{"embeddable":true,"href":"https:\/\/euapp01.newsmemory.com\/lamarseillaise\/news\/wp-json\/wp\/v2\/comments?post=37697"}],"version-history":[{"count":1,"href":"https:\/\/euapp01.newsmemory.com\/lamarseillaise\/news\/wp-json\/wp\/v2\/posts\/37697\/revisions"}],"predecessor-version":[{"id":37699,"href":"https:\/\/euapp01.newsmemory.com\/lamarseillaise\/news\/wp-json\/wp\/v2\/posts\/37697\/revisions\/37699"}],"wp:featuredmedia":[{"embeddable":true,"href":"https:\/\/euapp01.newsmemory.com\/lamarseillaise\/news\/wp-json\/wp\/v2\/media\/37698"}],"wp:attachment":[{"href":"https:\/\/euapp01.newsmemory.com\/lamarseillaise\/news\/wp-json\/wp\/v2\/media?parent=37697"}],"wp:term":[{"taxonomy":"category","embeddable":true,"href":"https:\/\/euapp01.newsmemory.com\/lamarseillaise\/news\/wp-json\/wp\/v2\/categories?post=37697"},{"taxonomy":"post_tag","embeddable":true,"href":"https:\/\/euapp01.newsmemory.com\/lamarseillaise\/news\/wp-json\/wp\/v2\/tags?post=37697"},{"taxonomy":"news-destination","embeddable":true,"href":"https:\/\/euapp01.newsmemory.com\/lamarseillaise\/news\/wp-json\/wp\/v2\/news-destination?post=37697"},{"taxonomy":"news-source","embeddable":true,"href":"https:\/\/euapp01.newsmemory.com\/lamarseillaise\/news\/wp-json\/wp\/v2\/news-source?post=37697"},{"taxonomy":"is_homepage","embeddable":true,"href":"https:\/\/euapp01.newsmemory.com\/lamarseillaise\/news\/wp-json\/wp\/v2\/is_homepage?post=37697"},{"taxonomy":"ta_other","embeddable":true,"href":"https:\/\/euapp01.newsmemory.com\/lamarseillaise\/news\/wp-json\/wp\/v2\/ta_other?post=37697"}],"curies":[{"name":"wp","href":"https:\/\/api.w.org\/{rel}","templated":true}]}}