{"id":37694,"date":"2026-07-29T06:54:00","date_gmt":"2026-07-29T04:54:00","guid":{"rendered":"https:\/\/euapp01.newsmemory.com\/lamarseillaise\/news\/?p=37694"},"modified":"2026-08-03T07:14:50","modified_gmt":"2026-08-03T05:14:50","slug":"ces-fumees-polluantes-qui-touchent-la-region-sud-paca","status":"publish","type":"post","link":"https:\/\/euapp01.newsmemory.com\/lamarseillaise\/news\/2026\/07\/29\/ces-fumees-polluantes-qui-touchent-la-region-sud-paca\/","title":{"rendered":"Ces fum\u00e9es polluantes qui touchent la r\u00e9gion Sud Paca"},"content":{"rendered":"<div class=\"paragraph\">\n<p>\u00ab <i>B<\/i><i>ien que les concentrations polluantes dans l\u2019air aient diminu\u00e9 ce lundi 27<\/i><i>\u00a0<\/i><i>juillet, cette situation devrait perdurer jusqu\u2019\u00e0 mercredi, o\u00f9 une modification de l\u2019orientation des vents et une reprise de la canicule sont annonc\u00e9es<\/i>\u00a0\u00bb. Dans un communiqu\u00e9, l\u2019association de surveillance de qualit\u00e9 de l\u2019air dans la r\u00e9gion, AtmoSud, alerte sur l\u2019impact des fum\u00e9es de l\u2019incendie de Gironde dans notre atmosph\u00e8re, car si les effets \u00ab\u00a0<i>ne devraient plus \u00eatre directs, la pr\u00e9sence de polluants \u201cdilu\u00e9s\u201d devrait persister<\/i>\u00a0\u00bb, pr\u00e9vient-elle.<\/p>\n<p>Alors que dans le Sud Ouest, 2,5\u00a0millions de masques FFP2 vont \u00eatre distribu\u00e9s et que l\u2019Agence nationale de s\u00e9curit\u00e9 sanitaire de l\u2019alimentation, de l\u2019environnement et du travail (Anses) recommande de se mettre \u00e0 l\u2019abri, AtmoSud fait le point sur ce que nous respirons depuis le 19\u00a0juillet, date \u00e0 laquelle les feux varois se sont d\u00e9clench\u00e9s, sans oublier les feux des Hautes-Alpes, entre Freissini\u00e8res et L\u2019Argenti\u00e8re-la-Bess\u00e9e, o\u00f9 les flammes restent activent dans la montagne (lire en page\u00a05).<\/p>\n<p>AtmoSud a mesur\u00e9 les impacts locaux de ces incendies via des capteurs \u00e9loign\u00e9s de ces zones. Le 25\u00a0juillet \u00e0 Manosque, des pointes horaires jusqu\u2019\u00e0 109\u00a0microgrammes par m\u00e8tre cube de particules fines PM10 (air d\u00e9grad\u00e9), et 94% de particules \u00ab\u00a0black carbon\u00a0\u00bb (carbone suie) &#8211;\u00a0li\u00e9es \u00e0 la combustion du bois\u00a0&#8211; ont \u00e9t\u00e9 relev\u00e9es. Les champs de vent ayant rabattu les panaches du Var sur la vall\u00e9e de la Durance. Sur Brian\u00e7on, le 22\u00a0juillet, les microcapteurs ont \u00e9galement mesur\u00e9 d\u2019importantes pointes de particules PM10 (plus de 200\u00a0microgrammes par m3).<\/p>\n<p>Les feux de for\u00eat sans pr\u00e9c\u00e9dent qui ravagent la Gironde depuis le 22\u00a0juillet s\u2019ajoutent au facteur de d\u00e9gradation de la qualit\u00e9 de l\u2019air. Apr\u00e8s une premi\u00e8re incursion le 24\u00a0juillet, l\u2019entr\u00e9e sur le territoire de ce panache de fum\u00e9e, annonc\u00e9e par la plateforme nationale Prev\u2019Air, a \u00e9t\u00e9 confirm\u00e9e dimanche en fin d\u2019apr\u00e8s-midi par les stations de mesure AtmoSud. Des niveaux \u00e9lev\u00e9s de particules fines (PM10) ont \u00e9t\u00e9 relev\u00e9s sur la trajectoire du panache.<\/p>\n<\/p><\/div>\n<div class=\"intext\"> Des remont\u00e9es<br \/>\n               <br \/>venues d\u2019Espagne\n              <\/div>\n<div class=\"paragraph\">\n<p>Des remont\u00e9es issues des incendies en Espagne ont \u00e9galement concern\u00e9 les Alpes-Maritimes. AtmoPaca concluant que \u00ab\u00a0<i>la r\u00e9gion Sud est actuellement le r\u00e9ceptacle de polluants atmosph\u00e9riques qui proviennent de feux de for\u00eats plus ou moins lointains &#8211;<\/i><i>\u00a0<\/i><i>illustrant que ces polluants de l\u2019air circulent sur plusieurs centaines, voir des milliers de kilom\u00e8tres<\/i><i>\u00a0<\/i>\u00bb, appelant \u00e0 la \u00ab\u00a0<i>plus grande vigilance<\/i><i>\u00a0<\/i>\u00bb qui reste<i> <\/i>\u00ab\u00a0<i>de mise<\/i><i>\u00a0<\/i>\u00bb.<\/p>\n<p>Au-del\u00e0 de la population, il y a aussi le cas des premiers concern\u00e9s, les pompiers. \u00ab\u00a0<i>L\u2019appareil respiratoire isolant (ARI) reste le seul \u00e9quipement prot\u00e9geant contre l\u2019int\u00e9gralit\u00e9 des polluants gazeux<\/i>\u00a0\u00bb, explique la CFDT des Sdis, mais \u00ab<i>\u00a0<\/i><i>avec ses 14 \u00e0 16<\/i><i>\u00a0<\/i><i>kg, il est impraticable sur plusieurs heures en milieu naturel<\/i><i>\u00a0<\/i><i>: il reste au camion. Les masques de fuite et demi-masques de cabine ne servent qu\u2019au repli. La cagoule devient donc, par d\u00e9faut, l\u2019unique barri\u00e8re<\/i>\u00a0\u00bb. Une cagoule qui a subi des modifications, mais qui ont un co\u00fbt\u00a0: 70\u00a0euros en moyenne contre 20\u00a0euros, ne permettant pas \u00e0 tous les Sdis de s\u2019\u00e9quiper. Et l\u00e0 encore, plus chaudes et plus lourdes \u00e0 porter, elles seraient moins respirables.<\/p>\n<\/p><\/div>\n","protected":false},"excerpt":{"rendered":"&laquo; Bien que les concentrations polluantes dans l&rsquo;air aient diminu&eacute; ce lundi 27&nbsp;juillet, cette situation devrait perdurer jusqu&rsquo;&agrave; mercredi, o&ugrave; une modification de l&rsquo;orientation des vents et une reprise &#8230;","protected":false},"author":1,"featured_media":37695,"comment_status":"open","ping_status":"open","sticky":false,"template":"","format":"standard","meta":{"footnotes":""},"categories":[3926,3925,333,20],"tags":[2967,3274,372,237,4015,319,1396,80,1952,1423,116,320,714,222,111,88,137],"news-destination":[3944],"news-source":[475],"is_homepage":[],"ta_other":[],"class_list":["post-37694","post","type-post","status-publish","format-standard","has-post-thumbnail","hentry","category-accueil-merge","category-accueil-third","category-environnement","category-societe","tag-air","tag-atmosud","tag-canicule","tag-cfdt","tag-feux-de-foret","tag-incendie","tag-incendies","tag-paca","tag-particules-fines","tag-polluants","tag-pollution","tag-pompiers","tag-region-sud","tag-region-sud-paca","tag-securite","tag-surveillance","tag-territoire","news-destination-homepage","news-source-website"],"_links":{"self":[{"href":"https:\/\/euapp01.newsmemory.com\/lamarseillaise\/news\/wp-json\/wp\/v2\/posts\/37694","targetHints":{"allow":["GET"]}}],"collection":[{"href":"https:\/\/euapp01.newsmemory.com\/lamarseillaise\/news\/wp-json\/wp\/v2\/posts"}],"about":[{"href":"https:\/\/euapp01.newsmemory.com\/lamarseillaise\/news\/wp-json\/wp\/v2\/types\/post"}],"author":[{"embeddable":true,"href":"https:\/\/euapp01.newsmemory.com\/lamarseillaise\/news\/wp-json\/wp\/v2\/users\/1"}],"replies":[{"embeddable":true,"href":"https:\/\/euapp01.newsmemory.com\/lamarseillaise\/news\/wp-json\/wp\/v2\/comments?post=37694"}],"version-history":[{"count":1,"href":"https:\/\/euapp01.newsmemory.com\/lamarseillaise\/news\/wp-json\/wp\/v2\/posts\/37694\/revisions"}],"predecessor-version":[{"id":37696,"href":"https:\/\/euapp01.newsmemory.com\/lamarseillaise\/news\/wp-json\/wp\/v2\/posts\/37694\/revisions\/37696"}],"wp:featuredmedia":[{"embeddable":true,"href":"https:\/\/euapp01.newsmemory.com\/lamarseillaise\/news\/wp-json\/wp\/v2\/media\/37695"}],"wp:attachment":[{"href":"https:\/\/euapp01.newsmemory.com\/lamarseillaise\/news\/wp-json\/wp\/v2\/media?parent=37694"}],"wp:term":[{"taxonomy":"category","embeddable":true,"href":"https:\/\/euapp01.newsmemory.com\/lamarseillaise\/news\/wp-json\/wp\/v2\/categories?post=37694"},{"taxonomy":"post_tag","embeddable":true,"href":"https:\/\/euapp01.newsmemory.com\/lamarseillaise\/news\/wp-json\/wp\/v2\/tags?post=37694"},{"taxonomy":"news-destination","embeddable":true,"href":"https:\/\/euapp01.newsmemory.com\/lamarseillaise\/news\/wp-json\/wp\/v2\/news-destination?post=37694"},{"taxonomy":"news-source","embeddable":true,"href":"https:\/\/euapp01.newsmemory.com\/lamarseillaise\/news\/wp-json\/wp\/v2\/news-source?post=37694"},{"taxonomy":"is_homepage","embeddable":true,"href":"https:\/\/euapp01.newsmemory.com\/lamarseillaise\/news\/wp-json\/wp\/v2\/is_homepage?post=37694"},{"taxonomy":"ta_other","embeddable":true,"href":"https:\/\/euapp01.newsmemory.com\/lamarseillaise\/news\/wp-json\/wp\/v2\/ta_other?post=37694"}],"curies":[{"name":"wp","href":"https:\/\/api.w.org\/{rel}","templated":true}]}}