{"id":37691,"date":"2026-07-29T06:44:00","date_gmt":"2026-07-29T04:44:00","guid":{"rendered":"https:\/\/euapp01.newsmemory.com\/lamarseillaise\/news\/?p=37691"},"modified":"2026-08-03T07:14:50","modified_gmt":"2026-08-03T05:14:50","slug":"la-gauche-arlesienne-mobilisee-pour-lavenir-de-fibre-excellence","status":"publish","type":"post","link":"https:\/\/euapp01.newsmemory.com\/lamarseillaise\/news\/2026\/07\/29\/la-gauche-arlesienne-mobilisee-pour-lavenir-de-fibre-excellence\/","title":{"rendered":"La gauche arl\u00e9sienne mobilis\u00e9e pour l\u2019avenir de Fibre Excellence"},"content":{"rendered":"<div class=\"paragraph\">\n<p>La d\u00e9cision du tribunal de commerce de Toulouse, attendue ce mercredi quant \u00e0 l\u2019avenir de Fibre Excellence, laisse place aux prises de position de la classe politique locale. Les r\u00e9actions se sont multipli\u00e9es depuis l\u2019annonce, lundi \u00e0 la mi-journ\u00e9e, du sursis de 48\u00a0heures accord\u00e9 par le tribunal pour le site de Saint-Gaudens (Haute-Garonne), en raison de l\u2019\u00e9mergence d\u2019un potentiel repreneur. Quant \u00e0 l\u2019usine de p\u00e2te \u00e0 papier de Tarascon, le tribunal a requis la liquidation judiciaire.<\/p>\n<\/p><\/div>\n<div class=\"intext\"> \u00ab\u00a0Une catastrophe sociale pour le territoire\u00a0\u00bb\n              <\/div>\n<div class=\"paragraph\">\n<p>Les \u00e9lus de l\u2019Union pour Arles, au conseil municipal et communautaire Arles-Crau-Camargue-Montagnette (ACCM), dont Tarascon fait partie, ont rapidement r\u00e9agi en parlant d\u2019une \u00ab<i>\u00a0<\/i><i>catastrophe sociale et industrielle pour notre territoire<\/i>\u00a0\u00bb. \u00ab\u00a0<i>L\u2019\u00c9tat ne peut pas se contenter d\u2019accompagner les cons\u00e9quences. Il doit agir pour pr\u00e9venir les fermetures, soutenir les projets industriels cr\u00e9dibles et prot\u00e9ger les fili\u00e8res strat\u00e9giques<\/i>\u00a0\u00bb, consid\u00e8re le groupe d\u2019opposition. Ce dernier affirme \u00ab\u00a0<i>rester pleinement mobilis\u00e9 aux c\u00f4t\u00e9s des salari\u00e9s et de leurs syndicats pour d\u00e9fendre chaque emploi et pr\u00e9server une activit\u00e9 industrielle sur ce site<\/i>\u00a0\u00bb.<\/p>\n<p>Le maire d\u2019Arles et pr\u00e9sident de l\u2019Agglom\u00e9ration, Patrick de Carolis (Horizons), parle \u00e9galement d\u2019une \u00ab\u00a0<i>perspective d\u2019une gravit\u00e9 exceptionnelle<\/i>\u00a0\u00bb quand \u00ab\u00a0<i>un site industriel majeur, des centaines d\u2019emplois directs et indirects et une part essentielle de l\u2019avenir \u00e9conomique de Tarascon et du territoire arl\u00e9sien<\/i>\u00a0\u00bb pourraient dispara\u00eetre.<\/p>\n<p>Le vice-pr\u00e9sident du D\u00e9partement des Bouches-du-Rh\u00f4ne et ancien maire (DVD) de Tarascon, Lucien Limousin, s\u2019est quant \u00e0 lui tourn\u00e9 vers la pr\u00e9fecture de r\u00e9gion. Dans un message adress\u00e9 au pr\u00e9fet, l\u2019\u00e9lu rappelle qu\u2019au-del\u00e0 des 270\u00a0emplois directs concern\u00e9s, la fermeture repr\u00e9senterait une \u00ab\u00a0<i>perte pour l\u2019intercommunalit\u00e9 d\u2019une recette annuelle de pr\u00e8s de 800<\/i><i>\u00a0<\/i><i>000<\/i><i>\u00a0<\/i><i>euros et, selon le directeur de l\u2019usine, de 100<\/i><i>\u00a0<\/i><i>millions d\u2019euros pour les finances publiques<\/i>\u00a0\u00bb. D\u2019autre part, l\u2019ancien \u00e9dile pointe le fait que \u00ab\u00a0<i>l\u2019usine consomme plus d\u2019un million de tonnes de bois par an provenant essentiellement de la for\u00eat fran\u00e7aise<\/i>\u00a0\u00bb et s\u2019interroge sur le devenir de cette ressource \u00e0 l\u2019heure o\u00f9 les grands incendies se multiplient.<\/p>\n<p>De son c\u00f4t\u00e9, la section du PCF de Beaucaire, sur l\u2019autre rive du Rh\u00f4ne, d\u00e9nonce \u00ab\u00a0<i>l\u2019hypocrisie d\u2019un gouvernement qui pr\u00f4ne la r\u00e9industrialisation du pays, alors qu\u2019il m\u00e8ne une politique oppos\u00e9e \u00e0 cet objectif<\/i>\u00a0\u00bb. Elle estime que \u00ab\u00a0<i>le d\u00e9mant\u00e8lement de l\u2019usine, la d\u00e9pollution et l\u2019indemnisation des salari\u00e9s auront un co\u00fbt sup\u00e9rieur \u00e0 celui du sauvetage de ce fleuron de notre ind\u00e9pendance \u00e9conomique<\/i>\u00a0\u00bb. Au niveau national, le PCF appelle \u00e0 \u00ab\u00a0<i>une prise de participation publique du site de Tarascon pouvant aller jusqu\u2019\u00e0 la ma\u00eetrise, afin de pr\u00e9server les emplois, les comp\u00e9tences et les machines et construire une solution industrielle. Il faut s\u00e9curiser durablement l\u2019avenir de la fili\u00e8re, notamment par un prix de l\u2019\u00e9nergie compatible<\/i>\u00a0\u00bb avec son activit\u00e9, une d\u00e9cision qui rel\u00e8ve de l\u2019\u00c9tat.<\/p>\n<\/p><\/div>\n<div class=\"intext\"> Le RN chasse la CGT et FO de la maison des syndicats\n              <\/div>\n<div class=\"paragraph\">\n<p>S\u2019il est possible de trouver des mots de soutien dans son communiqu\u00e9 \u00e0 l\u2019\u00e9gard des salari\u00e9s, le maire (RN) de Tarascon, Alexandre Ducouret, a parall\u00e8lement d\u00e9cid\u00e9 de chasser les syndicats CGT et FO de la maison des syndicats qu\u2019ils occupent depuis 2014. Selon <i>La<\/i><i>\u00a0<\/i><i>Provence<\/i> du 23\u00a0juillet, une proc\u00e9dure a \u00e9t\u00e9 engag\u00e9e par l\u2019\u00e9lu d\u2019extr\u00eame droite afin de r\u00e9cup\u00e9rer ce b\u00e2timent. Selon le maire, il s\u2019agit d\u2019une d\u00e9cision budg\u00e9taire, visant \u00e0 \u00ab\u00a0<i>r\u00e9cup\u00e9rer les b\u00e2timents donn\u00e9s gratuitement \u00e0 la CGT<\/i>\u00a0\u00bb, qui \u00ab\u00a0<i>fait de la politique<\/i>\u00a0\u00bb, explique-t-il \u00e0 <i>La<\/i><i>\u00a0<\/i><i>Provence<\/i>. Peut \u00eatre n\u2019a-t-il pas appr\u00e9ci\u00e9 le cordon sanitaire dress\u00e9 autour de lui lors de la conf\u00e9rence de presse tenue par les salari\u00e9s, le 18\u00a0juin, \u00e0 laquelle il avait tent\u00e9 de s\u2019inviter.<\/p>\n<p>Mais \u00ab\u00a0<i>d\u00e9fendre les emplois, c\u2019est aussi d\u00e9fendre ceux qui les d\u00e9fendent<\/i>\u00a0\u00bb, tance l\u2019opposant arl\u00e9sien Nicolas Koukas. \u00ab\u00a0<i>Les syndicats sont indispensables, ils sont en premi\u00e8re ligne pour d\u00e9fendre l\u2019avenir de Fibre Excellence et des emplois<\/i>\u00a0\u00bb, estime l\u2019\u00e9lu d\u2019opposition, consid\u00e9rant \u00ab\u00a0<i>pr\u00e9occupantes<\/i><i>\u00a0<\/i>\u00bb les situations de la Bourse du travail d\u2019Arles et de la maison des syndicats de Tarascon, o\u00f9 les syndicats sont mobilis\u00e9s pour conserver leurs locaux. \u00ab\u00a0<i>La coh\u00e9rence, c\u2019est d\u00e9fendre les travailleurs et les outils qui leur permettent de se mobiliser<\/i>\u00a0\u00bb, conclut-il.<\/p>\n<\/p><\/div>\n","protected":false},"excerpt":{"rendered":"La d&eacute;cision du tribunal de commerce de Toulouse, attendue ce mercredi quant &agrave; l&rsquo;avenir de Fibre Excellence, laisse place aux prises de position de la classe politique locale. Les r&eacute;actions se sont multipli&eacute;es depuis &#8230;","protected":false},"author":1,"featured_media":37692,"comment_status":"open","ping_status":"open","sticky":false,"template":"","format":"standard","meta":{"footnotes":""},"categories":[3926,3925,330,331],"tags":[1234,10,113,2395,4279,1017,488,2993,4281,551,250,191,1567,439,962,364,1740,244],"news-destination":[3944],"news-source":[475],"is_homepage":[],"ta_other":[],"class_list":["post-37691","post","type-post","status-publish","format-standard","has-post-thumbnail","hentry","category-accueil-merge","category-accueil-third","category-politique","category-social","tag-arles","tag-bouches-du-rhone","tag-cgt","tag-demantelement","tag-fibre-excellence","tag-fo","tag-industriels","tag-liquidation","tag-pate-a-papier","tag-patrick-de-carolis","tag-pcf","tag-politique","tag-prefet","tag-rn","tag-salaries","tag-syndicats","tag-tarascon","tag-tribunal-de-commerce","news-destination-homepage","news-source-website"],"_links":{"self":[{"href":"https:\/\/euapp01.newsmemory.com\/lamarseillaise\/news\/wp-json\/wp\/v2\/posts\/37691","targetHints":{"allow":["GET"]}}],"collection":[{"href":"https:\/\/euapp01.newsmemory.com\/lamarseillaise\/news\/wp-json\/wp\/v2\/posts"}],"about":[{"href":"https:\/\/euapp01.newsmemory.com\/lamarseillaise\/news\/wp-json\/wp\/v2\/types\/post"}],"author":[{"embeddable":true,"href":"https:\/\/euapp01.newsmemory.com\/lamarseillaise\/news\/wp-json\/wp\/v2\/users\/1"}],"replies":[{"embeddable":true,"href":"https:\/\/euapp01.newsmemory.com\/lamarseillaise\/news\/wp-json\/wp\/v2\/comments?post=37691"}],"version-history":[{"count":1,"href":"https:\/\/euapp01.newsmemory.com\/lamarseillaise\/news\/wp-json\/wp\/v2\/posts\/37691\/revisions"}],"predecessor-version":[{"id":37693,"href":"https:\/\/euapp01.newsmemory.com\/lamarseillaise\/news\/wp-json\/wp\/v2\/posts\/37691\/revisions\/37693"}],"wp:featuredmedia":[{"embeddable":true,"href":"https:\/\/euapp01.newsmemory.com\/lamarseillaise\/news\/wp-json\/wp\/v2\/media\/37692"}],"wp:attachment":[{"href":"https:\/\/euapp01.newsmemory.com\/lamarseillaise\/news\/wp-json\/wp\/v2\/media?parent=37691"}],"wp:term":[{"taxonomy":"category","embeddable":true,"href":"https:\/\/euapp01.newsmemory.com\/lamarseillaise\/news\/wp-json\/wp\/v2\/categories?post=37691"},{"taxonomy":"post_tag","embeddable":true,"href":"https:\/\/euapp01.newsmemory.com\/lamarseillaise\/news\/wp-json\/wp\/v2\/tags?post=37691"},{"taxonomy":"news-destination","embeddable":true,"href":"https:\/\/euapp01.newsmemory.com\/lamarseillaise\/news\/wp-json\/wp\/v2\/news-destination?post=37691"},{"taxonomy":"news-source","embeddable":true,"href":"https:\/\/euapp01.newsmemory.com\/lamarseillaise\/news\/wp-json\/wp\/v2\/news-source?post=37691"},{"taxonomy":"is_homepage","embeddable":true,"href":"https:\/\/euapp01.newsmemory.com\/lamarseillaise\/news\/wp-json\/wp\/v2\/is_homepage?post=37691"},{"taxonomy":"ta_other","embeddable":true,"href":"https:\/\/euapp01.newsmemory.com\/lamarseillaise\/news\/wp-json\/wp\/v2\/ta_other?post=37691"}],"curies":[{"name":"wp","href":"https:\/\/api.w.org\/{rel}","templated":true}]}}