{"id":37688,"date":"2026-07-29T06:38:00","date_gmt":"2026-07-29T04:38:00","guid":{"rendered":"https:\/\/euapp01.newsmemory.com\/lamarseillaise\/news\/?p=37688"},"modified":"2026-08-03T07:14:50","modified_gmt":"2026-08-03T05:14:50","slug":"la-france-brule-les-moyens-manquent","status":"publish","type":"post","link":"https:\/\/euapp01.newsmemory.com\/lamarseillaise\/news\/2026\/07\/29\/la-france-brule-les-moyens-manquent\/","title":{"rendered":"La France br\u00fble, les moyens manquent"},"content":{"rendered":"<div class=\"paragraph\">\n<p>Post\u00e9 devant les flammes de l\u2019incendie hors-norme de Gironde, qui a br\u00fbl\u00e9 50\u00a0000\u00a0hectares et co\u00fbt\u00e9 la vie \u00e0 deux pompiers depuis le 22\u00a0juillet, un sapeur t\u00e9moigne sur France\u00a03 Aquitaine\u00a0: \u00ab<i>\u00a0<\/i><i>On essaie de dormir 3 ou 4<\/i><i>\u00a0<\/i><i>heures par nuit, mais les organismes commencent \u00e0 \u00eatre touch\u00e9s. Pour moi, comme pour les coll\u00e8gues, \u00e7a commence \u00e0 tirer<\/i>\u00a0\u00bb. Le m\u00eame jour sur franceinfo, un autre s\u2019indigne\u00a0: \u00ab\u00a0<i>Non, on n\u2019est pas assez nombreux. Mais on fait comme on peut, parce que c\u2019est la guerre.<\/i><i>\u00a0<\/i>\u00bb<\/p>\n<p>Pourtant, les cris d\u2019alerte ne datent pas d\u2019hier. En 2021 d\u00e9j\u00e0, dans le cadre d\u2019un conflit social port\u00e9 par les sapeurs-pompiers pour obtenir une meilleure r\u00e9mun\u00e9ration, la CGT des Services d\u00e9partementaux d\u2019incendie et de secours (Sdis) pointait la perte de 1\u00a0000\u00a0camions d\u00e9di\u00e9s \u00e0 la lutte contre les incendies entre 2000 et 2020. \u00ab\u00a0<i>Le probl\u00e8me en France c\u2019est que, sch\u00e9matiquement, nous n\u2019avan\u00e7ons que lorsqu\u2019on affronte une catastrophe. Un an plus tard, apr\u00e8s les m\u00e9gafeux de 2022<\/i> [60\u00a0000\u00a0hectares de for\u00eat ont br\u00fbl\u00e9 cette ann\u00e9e-l\u00e0 dans le pays, ndlr], <i>le Pr\u00e9sident a fait de grandes annonces et a promis de 1<\/i><i>\u00a0<\/i><i>080<\/i><i>\u00a0<\/i><i>nouveaux v\u00e9hicules<\/i><i>\u00a0<\/i>\u00bb<i>, <\/i>note S\u00e9bastien Delavoux, sapeur-pompier et repr\u00e9sentant syndical de la CGT Sdis<i>. <\/i>Des annonces positives, mais tardives et insuffisantes selon le syndicaliste\u00a0: \u00ab<i>\u00a0<\/i><i>D\u2019abord parce qu\u2019il faut attendre 2027 et 2028 pour que tout soit livr\u00e9, ensuite parce que cette nouvelle flotte ne comblera pas le vide, car elle remplacera une partie des engins aujourd\u2019hui devenus trop v\u00e9tustes<\/i><i>\u00a0<\/i>\u00bb.<\/p>\n<\/p><\/div>\n<div class=\"intext\"> Penser une r\u00e9ponse durable\n              <\/div>\n<div class=\"paragraph\">\n<p>Les d\u00e9ficits d\u2019effectifs humains ont eux aussi \u00e9t\u00e9 signal\u00e9s par la CGT Sdis, dans un communiqu\u00e9 d\u2019octobre\u00a02025. Le document indique, notamment, que le nombre d\u2019hommes de rang volontaires, regroupant les grades de sapeur et de caporal, est pass\u00e9 de 161\u00a0230\u00a0en 2002 \u00e0 123\u00a0453 en 2023. Une \u00e9volution pr\u00e9occupante alors m\u00eame que le risque incendie s\u2019est \u00e9tendu dans l\u2019espace comme dans le temps depuis les ann\u00e9es\u00a02000, sous l\u2019effet du changement climatique, selon le minist\u00e8re de la Transition \u00e9cologique. \u00ab\u00a0<i>Il faut interroger la centralit\u00e9 des pompiers volontaires et embaucher davantage de professionnels qui puissent garantir une disponibilit\u00e9 sur tout le territoire<\/i><i>\u00a0<\/i>\u00bb<i>, <\/i>souligne S\u00e9bastien Delavoux<i>.<\/i><\/p>\n<p>Mais ces perspectives d\u2019embauche restent limit\u00e9es par les moyens des D\u00e9partements, en charge d\u2019une large partie du financement des Sdis. De quoi pousser l\u2019association des D\u00e9partements de France \u00e0 r\u00e9clamer, lundi, dans un communiqu\u00e9, \u00ab\u00a0<i>l\u2019ouverture imm\u00e9diate d\u2019une r\u00e9forme du financement des Sdis, assortie de ressources nouvelles, p\u00e9rennes et \u00e0 la hauteur des risques auxquels notre pays est d\u00e9sormais confront\u00e9<\/i><i>\u00a0<\/i>\u00bb.<\/p>\n<p>Au-del\u00e0 des manques de moyens constat\u00e9s directement chez les pompiers, S\u00e9bastien Delavoux d\u00e9nonce des coupes budg\u00e9taires chez d\u2019autres acteurs de la pr\u00e9vention\u00a0: \u00ab\u00a0<i>Le nombre d\u2019agents de l\u2019Office national des for\u00eats (ONF) est pass\u00e9 de 12<\/i><i>\u00a0<\/i><i>500 \u00e0 8<\/i><i>\u00a0<\/i><i>000 en vingt ans. \u00c9videmment que \u00e7a d\u00e9grade l\u2019entretien de la for\u00eat. Leur travail ne se voit pas, mais est essentiel<\/i>\u00a0\u00bb.<\/p>\n<p>Dans un communiqu\u00e9, mardi, la CGT nationale, qui souhaite \u00ab\u00a0<i>rendre obligatoire et automatique la lib\u00e9ration effective des pompiers volontaires par leurs employeurs pendant les interventions<\/i>\u00a0\u00bb<i>, <\/i>plaide elle aussi pour \u00ab\u00a0<i>renforcer les effectifs de pompiers professionnels et les moyens mat\u00e9riels<\/i>\u00a0\u00bb.<i> <\/i>Le syndicat r\u00e9clame par ailleurs la sortie d\u2019une logique de gestion de crise et l\u2019engagement de v\u00e9ritables politiques de pr\u00e9vention, d\u2019adaptation et de renforcement des moyens publics face \u00e0 une crise climatique devenue durable.<\/p>\n<p>D\u2019apr\u00e8s les projections de M\u00e9t\u00e9o France, au sujet des feux de for\u00eats, le nombre de jours \u00e0 risque \u00e9lev\u00e9 devrait \u00eatre multipli\u00e9 par deux d\u2019ici 2050, du fait du r\u00e9chauffement climatique.<\/p>\n<\/p><\/div>\n","protected":false},"excerpt":{"rendered":"Post&eacute; devant les flammes de l&rsquo;incendie hors-norme de Gironde, qui a br&ucirc;l&eacute; 50&nbsp;000&nbsp;hectares et co&ucirc;t&eacute; la vie &agrave; deux pompiers depuis le 22&nbsp;juillet, un sapeur t&eacute;moigne sur France&nbsp;3 &#8230;","protected":false},"author":1,"featured_media":37689,"comment_status":"open","ping_status":"open","sticky":false,"template":"","format":"standard","meta":{"footnotes":""},"categories":[3926,3925,333,330,331],"tags":[822,1673,163,572,528,1396,1188,320,419,1399,592,889],"news-destination":[3944],"news-source":[475],"is_homepage":[],"ta_other":[],"class_list":["post-37688","post","type-post","status-publish","format-standard","has-post-thumbnail","hentry","category-accueil-merge","category-accueil-third","category-environnement","category-politique","category-social","tag-coupes-budgetaires","tag-feux","tag-financement","tag-france","tag-gouvernement","tag-incendies","tag-moyens","tag-pompiers","tag-rechauffement-climatique","tag-ressources","tag-ressources-humaines","tag-transition-ecologique","news-destination-homepage","news-source-website"],"_links":{"self":[{"href":"https:\/\/euapp01.newsmemory.com\/lamarseillaise\/news\/wp-json\/wp\/v2\/posts\/37688","targetHints":{"allow":["GET"]}}],"collection":[{"href":"https:\/\/euapp01.newsmemory.com\/lamarseillaise\/news\/wp-json\/wp\/v2\/posts"}],"about":[{"href":"https:\/\/euapp01.newsmemory.com\/lamarseillaise\/news\/wp-json\/wp\/v2\/types\/post"}],"author":[{"embeddable":true,"href":"https:\/\/euapp01.newsmemory.com\/lamarseillaise\/news\/wp-json\/wp\/v2\/users\/1"}],"replies":[{"embeddable":true,"href":"https:\/\/euapp01.newsmemory.com\/lamarseillaise\/news\/wp-json\/wp\/v2\/comments?post=37688"}],"version-history":[{"count":1,"href":"https:\/\/euapp01.newsmemory.com\/lamarseillaise\/news\/wp-json\/wp\/v2\/posts\/37688\/revisions"}],"predecessor-version":[{"id":37690,"href":"https:\/\/euapp01.newsmemory.com\/lamarseillaise\/news\/wp-json\/wp\/v2\/posts\/37688\/revisions\/37690"}],"wp:featuredmedia":[{"embeddable":true,"href":"https:\/\/euapp01.newsmemory.com\/lamarseillaise\/news\/wp-json\/wp\/v2\/media\/37689"}],"wp:attachment":[{"href":"https:\/\/euapp01.newsmemory.com\/lamarseillaise\/news\/wp-json\/wp\/v2\/media?parent=37688"}],"wp:term":[{"taxonomy":"category","embeddable":true,"href":"https:\/\/euapp01.newsmemory.com\/lamarseillaise\/news\/wp-json\/wp\/v2\/categories?post=37688"},{"taxonomy":"post_tag","embeddable":true,"href":"https:\/\/euapp01.newsmemory.com\/lamarseillaise\/news\/wp-json\/wp\/v2\/tags?post=37688"},{"taxonomy":"news-destination","embeddable":true,"href":"https:\/\/euapp01.newsmemory.com\/lamarseillaise\/news\/wp-json\/wp\/v2\/news-destination?post=37688"},{"taxonomy":"news-source","embeddable":true,"href":"https:\/\/euapp01.newsmemory.com\/lamarseillaise\/news\/wp-json\/wp\/v2\/news-source?post=37688"},{"taxonomy":"is_homepage","embeddable":true,"href":"https:\/\/euapp01.newsmemory.com\/lamarseillaise\/news\/wp-json\/wp\/v2\/is_homepage?post=37688"},{"taxonomy":"ta_other","embeddable":true,"href":"https:\/\/euapp01.newsmemory.com\/lamarseillaise\/news\/wp-json\/wp\/v2\/ta_other?post=37688"}],"curies":[{"name":"wp","href":"https:\/\/api.w.org\/{rel}","templated":true}]}}